{"id":104621,"date":"2026-05-01T19:29:11","date_gmt":"2026-05-01T17:29:11","guid":{"rendered":"https:\/\/geneveinfos.ch\/index.php\/2026\/05\/01\/la-toscane-evacue-3500-personnes-a-cause-dun-feu-de-foret\/"},"modified":"2026-05-01T19:29:11","modified_gmt":"2026-05-01T17:29:11","slug":"la-toscane-evacue-3500-personnes-a-cause-dun-feu-de-foret","status":"publish","type":"post","link":"https:\/\/geneveinfos.ch\/index.php\/2026\/05\/01\/la-toscane-evacue-3500-personnes-a-cause-dun-feu-de-foret\/","title":{"rendered":"La Toscane \u00e9vacue 3500 personnes \u00e0 cause d&rsquo;un feu de for\u00eat"},"content":{"rendered":"<p>This <a href=\"https:\/\/www.rts.ch\/info\/monde\/2026\/article\/incendie-en-toscane-3500-personnes-evacuees-800-hectares-ravages-29229245.html?rts_source=rss_t\" target=\"_blank\">post<\/a> was originally published on <a href=\"https:\/\/www.rts.ch\/info\/toute-info\/?format=rss\/news\" target=\"_blank\">this site<\/a>.<\/p><div>\n<div><a href=\"https:\/\/www.rts.ch\/info\/monde\/2026\/article\/incendie-en-toscane-3500-personnes-evacuees-800-hectares-ravages-29229245.html?rts_source=rss_t\"><img decoding=\"async\" src=\"https:\/\/img.rts.ch\/articles\/2026\/image\/oem48w-29229246.image?w=320&amp;h=180\"><\/a>Les autorit&eacute;s italiennes ont annonc&eacute; vendredi avoir &eacute;vacu&eacute; quelque 3500 personnes en Toscane, alors qu&rsquo;elles tentent de ma&icirc;triser un incendie qui fait rage depuis plus de 24 heures dans cette r&eacute;gion touristique du centre du pays.<\/div>\n<\/div>\n","protected":false},"excerpt":{"rendered":"<p>This post was originally published on this site. Les autorit&eacute;s italiennes ont annonc&eacute; vendredi avoir &eacute;vacu&eacute; quelque 3500 personnes en Toscane, alors qu&rsquo;elles tentent de ma&icirc;triser un incendie qui fait rage depuis plus de 24 heures dans cette r&eacute;gion touristique du centre du pays.<\/p>\n","protected":false},"author":1,"featured_media":0,"comment_status":"open","ping_status":"open","sticky":false,"template":"","format":"standard","meta":{"_monsterinsights_skip_tracking":false,"_monsterinsights_sitenote_active":false,"_monsterinsights_sitenote_note":"","_monsterinsights_sitenote_category":0,"_uf_show_specific_survey":0,"_uf_disable_surveys":false,"footnotes":""},"categories":[100],"tags":[],"class_list":["post-104621","post","type-post","status-publish","format-standard","hentry","category-tech-innovation"],"aioseo_notices":[],"_links":{"self":[{"href":"https:\/\/geneveinfos.ch\/index.php\/wp-json\/wp\/v2\/posts\/104621","targetHints":{"allow":["GET"]}}],"collection":[{"href":"https:\/\/geneveinfos.ch\/index.php\/wp-json\/wp\/v2\/posts"}],"about":[{"href":"https:\/\/geneveinfos.ch\/index.php\/wp-json\/wp\/v2\/types\/post"}],"author":[{"embeddable":true,"href":"https:\/\/geneveinfos.ch\/index.php\/wp-json\/wp\/v2\/users\/1"}],"replies":[{"embeddable":true,"href":"https:\/\/geneveinfos.ch\/index.php\/wp-json\/wp\/v2\/comments?post=104621"}],"version-history":[{"count":0,"href":"https:\/\/geneveinfos.ch\/index.php\/wp-json\/wp\/v2\/posts\/104621\/revisions"}],"wp:attachment":[{"href":"https:\/\/geneveinfos.ch\/index.php\/wp-json\/wp\/v2\/media?parent=104621"}],"wp:term":[{"taxonomy":"category","embeddable":true,"href":"https:\/\/geneveinfos.ch\/index.php\/wp-json\/wp\/v2\/categories?post=104621"},{"taxonomy":"post_tag","embeddable":true,"href":"https:\/\/geneveinfos.ch\/index.php\/wp-json\/wp\/v2\/tags?post=104621"}],"curies":[{"name":"wp","href":"https:\/\/api.w.org\/{rel}","templated":true}]}}