{"id":105254,"date":"2026-05-02T12:02:58","date_gmt":"2026-05-02T10:02:58","guid":{"rendered":"https:\/\/geneveinfos.ch\/index.php\/2026\/05\/02\/tabagisme-a-geneve-fumee-en-terrasse-sensibiliser-oui-interdire-non\/"},"modified":"2026-05-02T12:07:55","modified_gmt":"2026-05-02T10:07:55","slug":"tabagisme-a-geneve-fumee-en-terrasse-sensibiliser-oui-interdire-non","status":"publish","type":"post","link":"https:\/\/geneveinfos.ch\/index.php\/2026\/05\/02\/tabagisme-a-geneve-fumee-en-terrasse-sensibiliser-oui-interdire-non\/","title":{"rendered":"Tabagisme \u00e0 Gen\u00e8ve: Fum\u00e9e en terrasse: \u00abSensibiliser, oui, interdire, non!\u00bb"},"content":{"rendered":"<p>This <a href=\"https:\/\/www.tdg.ch\/tabagisme-lavis-des-genevois-sur-linterdiction-de-fumer-sur-les-terrasses-214289754225\" target=\"_blank\">post<\/a> was originally published on <a href=\"https:\/\/partner-feeds.publishing.tamedia.ch\/rss\/tdg\/geneve\" target=\"_blank\">this site<\/a>.<\/p><div>Le Canton rappelle le vivre-ensemble aux fumeurs pour apaiser les tensions. Dans les caf&eacute;s, les avis sont mitig&eacute;s.<\/div>\n","protected":false},"excerpt":{"rendered":"<p>This post was originally published on this site.Le Canton rappelle le vivre-ensemble aux fumeurs pour apaiser les tensions. Dans les caf&eacute;s, les avis sont mitig&eacute;s.<\/p>\n","protected":false},"author":1,"featured_media":105255,"comment_status":"open","ping_status":"open","sticky":false,"template":"","format":"standard","meta":{"_monsterinsights_skip_tracking":false,"_monsterinsights_sitenote_active":false,"_monsterinsights_sitenote_note":"","_monsterinsights_sitenote_category":0,"_uf_show_specific_survey":0,"_uf_disable_surveys":false,"footnotes":""},"categories":[97],"tags":[],"class_list":["post-105254","post","type-post","status-publish","format-standard","has-post-thumbnail","hentry","category-international-news"],"aioseo_notices":[],"_links":{"self":[{"href":"https:\/\/geneveinfos.ch\/index.php\/wp-json\/wp\/v2\/posts\/105254","targetHints":{"allow":["GET"]}}],"collection":[{"href":"https:\/\/geneveinfos.ch\/index.php\/wp-json\/wp\/v2\/posts"}],"about":[{"href":"https:\/\/geneveinfos.ch\/index.php\/wp-json\/wp\/v2\/types\/post"}],"author":[{"embeddable":true,"href":"https:\/\/geneveinfos.ch\/index.php\/wp-json\/wp\/v2\/users\/1"}],"replies":[{"embeddable":true,"href":"https:\/\/geneveinfos.ch\/index.php\/wp-json\/wp\/v2\/comments?post=105254"}],"version-history":[{"count":1,"href":"https:\/\/geneveinfos.ch\/index.php\/wp-json\/wp\/v2\/posts\/105254\/revisions"}],"predecessor-version":[{"id":105256,"href":"https:\/\/geneveinfos.ch\/index.php\/wp-json\/wp\/v2\/posts\/105254\/revisions\/105256"}],"wp:featuredmedia":[{"embeddable":true,"href":"https:\/\/geneveinfos.ch\/index.php\/wp-json\/wp\/v2\/media\/105255"}],"wp:attachment":[{"href":"https:\/\/geneveinfos.ch\/index.php\/wp-json\/wp\/v2\/media?parent=105254"}],"wp:term":[{"taxonomy":"category","embeddable":true,"href":"https:\/\/geneveinfos.ch\/index.php\/wp-json\/wp\/v2\/categories?post=105254"},{"taxonomy":"post_tag","embeddable":true,"href":"https:\/\/geneveinfos.ch\/index.php\/wp-json\/wp\/v2\/tags?post=105254"}],"curies":[{"name":"wp","href":"https:\/\/api.w.org\/{rel}","templated":true}]}}