{"id":105686,"date":"2026-05-02T21:24:18","date_gmt":"2026-05-02T19:24:18","guid":{"rendered":"https:\/\/geneveinfos.ch\/index.php\/2026\/05\/02\/une-personne-employee-par-fedpol-et-accusee-detre-un-agent-double-au-service-du-crime-organise-a-ete-arretee\/"},"modified":"2026-05-02T21:24:18","modified_gmt":"2026-05-02T19:24:18","slug":"une-personne-employee-par-fedpol-et-accusee-detre-un-agent-double-au-service-du-crime-organise-a-ete-arretee","status":"publish","type":"post","link":"https:\/\/geneveinfos.ch\/index.php\/2026\/05\/02\/une-personne-employee-par-fedpol-et-accusee-detre-un-agent-double-au-service-du-crime-organise-a-ete-arretee\/","title":{"rendered":"Une personne employ\u00e9e par Fedpol et accus\u00e9e d&rsquo;\u00eatre un agent double au service du crime organis\u00e9 a \u00e9t\u00e9 arr\u00eat\u00e9e"},"content":{"rendered":"<p>This <a href=\"https:\/\/www.rts.ch\/info\/suisse\/2026\/article\/une-personne-employee-par-fedpol-et-accusee-d-etre-un-agent-double-au-service-du-crime-organise-a-ete-arretee-29229977.html?rts_source=rss_t\" target=\"_blank\">post<\/a> was originally published on <a href=\"https:\/\/www.rts.ch\/info\/toute-info\/?format=rss\/news\" target=\"_blank\">this site<\/a>.<\/p><div>\n<div><a href=\"https:\/\/www.rts.ch\/info\/suisse\/2026\/article\/une-personne-employee-par-fedpol-et-accusee-d-etre-un-agent-double-au-service-du-crime-organise-a-ete-arretee-29229977.html?rts_source=rss_t\"><img decoding=\"async\" src=\"https:\/\/img.rts.ch\/articles\/2026\/image\/7u3ayw-29230153.image?w=320&amp;h=180\"><\/a>Une personne employ&eacute;e par la police f&eacute;d&eacute;rale (Fedpol) a &eacute;t&eacute; arr&ecirc;t&eacute;e cette semaine, accus&eacute;e d&rsquo;&ecirc;tre un agent double. Elle aurait transmis, contre r&eacute;mun&eacute;ration, des informations confidentielles et elle est soup&ccedil;onn&eacute;e d&rsquo;&ecirc;tre au service d&rsquo;une organisation criminelle active dans le trafic de drogue.<\/div>\n<\/div>\n","protected":false},"excerpt":{"rendered":"<p>This post was originally published on this site. Une personne employ&eacute;e par la police f&eacute;d&eacute;rale (Fedpol) a &eacute;t&eacute; arr&ecirc;t&eacute;e cette semaine, accus&eacute;e d&rsquo;&ecirc;tre un agent double. Elle aurait transmis, contre r&eacute;mun&eacute;ration, des informations confidentielles et elle est soup&ccedil;onn&eacute;e d&rsquo;&ecirc;tre au service d&rsquo;une organisation criminelle active dans le trafic de drogue.<\/p>\n","protected":false},"author":1,"featured_media":0,"comment_status":"open","ping_status":"open","sticky":false,"template":"","format":"standard","meta":{"_monsterinsights_skip_tracking":false,"_monsterinsights_sitenote_active":false,"_monsterinsights_sitenote_note":"","_monsterinsights_sitenote_category":0,"_uf_show_specific_survey":0,"_uf_disable_surveys":false,"footnotes":""},"categories":[100],"tags":[],"class_list":["post-105686","post","type-post","status-publish","format-standard","hentry","category-tech-innovation"],"aioseo_notices":[],"_links":{"self":[{"href":"https:\/\/geneveinfos.ch\/index.php\/wp-json\/wp\/v2\/posts\/105686","targetHints":{"allow":["GET"]}}],"collection":[{"href":"https:\/\/geneveinfos.ch\/index.php\/wp-json\/wp\/v2\/posts"}],"about":[{"href":"https:\/\/geneveinfos.ch\/index.php\/wp-json\/wp\/v2\/types\/post"}],"author":[{"embeddable":true,"href":"https:\/\/geneveinfos.ch\/index.php\/wp-json\/wp\/v2\/users\/1"}],"replies":[{"embeddable":true,"href":"https:\/\/geneveinfos.ch\/index.php\/wp-json\/wp\/v2\/comments?post=105686"}],"version-history":[{"count":0,"href":"https:\/\/geneveinfos.ch\/index.php\/wp-json\/wp\/v2\/posts\/105686\/revisions"}],"wp:attachment":[{"href":"https:\/\/geneveinfos.ch\/index.php\/wp-json\/wp\/v2\/media?parent=105686"}],"wp:term":[{"taxonomy":"category","embeddable":true,"href":"https:\/\/geneveinfos.ch\/index.php\/wp-json\/wp\/v2\/categories?post=105686"},{"taxonomy":"post_tag","embeddable":true,"href":"https:\/\/geneveinfos.ch\/index.php\/wp-json\/wp\/v2\/tags?post=105686"}],"curies":[{"name":"wp","href":"https:\/\/api.w.org\/{rel}","templated":true}]}}