{"id":105732,"date":"2026-05-02T21:56:07","date_gmt":"2026-05-02T19:56:07","guid":{"rendered":"https:\/\/geneveinfos.ch\/index.php\/2026\/05\/02\/embleme-du-dessin-anime-suisse-pingu-celebre-ses-40-ans\/"},"modified":"2026-05-02T21:56:07","modified_gmt":"2026-05-02T19:56:07","slug":"embleme-du-dessin-anime-suisse-pingu-celebre-ses-40-ans","status":"publish","type":"post","link":"https:\/\/geneveinfos.ch\/index.php\/2026\/05\/02\/embleme-du-dessin-anime-suisse-pingu-celebre-ses-40-ans\/","title":{"rendered":"Embl\u00e8me du dessin anim\u00e9 suisse, Pingu c\u00e9l\u00e8bre ses 40 ans"},"content":{"rendered":"<p>This <a href=\"https:\/\/www.rts.ch\/info\/culture\/series\/2026\/article\/embleme-du-dessin-anime-suisse-pingu-celebre-ses-40-ans-29230058.html?rts_source=rss_t\" target=\"_blank\">post<\/a> was originally published on <a href=\"https:\/\/www.rts.ch\/info\/toute-info\/?format=rss\/news\" target=\"_blank\">this site<\/a>.<\/p><div>\n<div><a href=\"https:\/\/www.rts.ch\/info\/culture\/series\/2026\/article\/embleme-du-dessin-anime-suisse-pingu-celebre-ses-40-ans-29230058.html?rts_source=rss_t\"><img decoding=\"async\" src=\"https:\/\/img.rts.ch\/articles\/2026\/image\/qkaoet-29230168.image?w=320&amp;h=180\"><\/a>Pingu souffle ses 40 bougies cette ann&eacute;e. Cr&eacute;ation de la t&eacute;l&eacute;vision suisse, le plus c&eacute;l&egrave;bre des manchots a marqu&eacute; de nombreuses g&eacute;n&eacute;rations. L&rsquo;historienne du cin&eacute;ma Chlo&eacute; Hofmann, autrice d&rsquo;une &eacute;tude sur les coulisses de la cr&eacute;ation de la franchise, revient sur son histoire dans Forum.<\/div>\n<\/div>\n","protected":false},"excerpt":{"rendered":"<p>This post was originally published on this site. Pingu souffle ses 40 bougies cette ann&eacute;e. Cr&eacute;ation de la t&eacute;l&eacute;vision suisse, le plus c&eacute;l&egrave;bre des manchots a marqu&eacute; de nombreuses g&eacute;n&eacute;rations. L&rsquo;historienne du cin&eacute;ma Chlo&eacute; Hofmann, autrice d&rsquo;une &eacute;tude sur les coulisses de la cr&eacute;ation de la franchise, revient sur son histoire dans Forum.<\/p>\n","protected":false},"author":1,"featured_media":0,"comment_status":"open","ping_status":"open","sticky":false,"template":"","format":"standard","meta":{"_monsterinsights_skip_tracking":false,"_monsterinsights_sitenote_active":false,"_monsterinsights_sitenote_note":"","_monsterinsights_sitenote_category":0,"_uf_show_specific_survey":0,"_uf_disable_surveys":false,"footnotes":""},"categories":[100],"tags":[],"class_list":["post-105732","post","type-post","status-publish","format-standard","hentry","category-tech-innovation"],"aioseo_notices":[],"_links":{"self":[{"href":"https:\/\/geneveinfos.ch\/index.php\/wp-json\/wp\/v2\/posts\/105732","targetHints":{"allow":["GET"]}}],"collection":[{"href":"https:\/\/geneveinfos.ch\/index.php\/wp-json\/wp\/v2\/posts"}],"about":[{"href":"https:\/\/geneveinfos.ch\/index.php\/wp-json\/wp\/v2\/types\/post"}],"author":[{"embeddable":true,"href":"https:\/\/geneveinfos.ch\/index.php\/wp-json\/wp\/v2\/users\/1"}],"replies":[{"embeddable":true,"href":"https:\/\/geneveinfos.ch\/index.php\/wp-json\/wp\/v2\/comments?post=105732"}],"version-history":[{"count":0,"href":"https:\/\/geneveinfos.ch\/index.php\/wp-json\/wp\/v2\/posts\/105732\/revisions"}],"wp:attachment":[{"href":"https:\/\/geneveinfos.ch\/index.php\/wp-json\/wp\/v2\/media?parent=105732"}],"wp:term":[{"taxonomy":"category","embeddable":true,"href":"https:\/\/geneveinfos.ch\/index.php\/wp-json\/wp\/v2\/categories?post=105732"},{"taxonomy":"post_tag","embeddable":true,"href":"https:\/\/geneveinfos.ch\/index.php\/wp-json\/wp\/v2\/tags?post=105732"}],"curies":[{"name":"wp","href":"https:\/\/api.w.org\/{rel}","templated":true}]}}