{"id":106144,"date":"2026-05-03T08:59:22","date_gmt":"2026-05-03T06:59:22","guid":{"rendered":"https:\/\/geneveinfos.ch\/index.php\/2026\/05\/03\/la-nouvelle-zelande-face-a-une-emigration-considerable-avec-plus-de-170-departs-par-jour\/"},"modified":"2026-05-03T08:59:22","modified_gmt":"2026-05-03T06:59:22","slug":"la-nouvelle-zelande-face-a-une-emigration-considerable-avec-plus-de-170-departs-par-jour","status":"publish","type":"post","link":"https:\/\/geneveinfos.ch\/index.php\/2026\/05\/03\/la-nouvelle-zelande-face-a-une-emigration-considerable-avec-plus-de-170-departs-par-jour\/","title":{"rendered":"La Nouvelle-Z\u00e9lande face \u00e0 une \u00e9migration consid\u00e9rable avec plus de 170 d\u00e9parts par jour"},"content":{"rendered":"<p>This <a href=\"https:\/\/www.rts.ch\/info\/monde\/2026\/article\/nouvelle-zelande-plus-de-170-departs-par-jour-causes-de-l-emigration-29223672.html?rts_source=rss_t\" target=\"_blank\">post<\/a> was originally published on <a href=\"https:\/\/www.rts.ch\/info\/toute-info\/?format=rss\/news\" target=\"_blank\">this site<\/a>.<\/p><div>\n<div><a href=\"https:\/\/www.rts.ch\/info\/monde\/2026\/article\/nouvelle-zelande-plus-de-170-departs-par-jour-causes-de-l-emigration-29223672.html?rts_source=rss_t\"><img decoding=\"async\" src=\"https:\/\/img.rts.ch\/articles\/2026\/image\/swvpq6-29223889.image?w=320&amp;h=180\"><\/a>Dot&eacute;e d&rsquo;un niveau de vie &eacute;lev&eacute;, la Nouvelle&#8209;Z&eacute;lande conna&icirc;t une forte hausse de l&rsquo;&eacute;migration avec une moyenne de plus de 170 d&eacute;parts par jour. M&ecirc;me l&rsquo;ancienne Premi&egrave;re ministre Jacinda Ardern s&rsquo;est install&eacute;e &agrave; Sydney, en Australie. Les causes sont multiples.<\/div>\n<\/div>\n","protected":false},"excerpt":{"rendered":"<p>This post was originally published on this site. Dot&eacute;e d&rsquo;un niveau de vie &eacute;lev&eacute;, la Nouvelle&#8209;Z&eacute;lande conna&icirc;t une forte hausse de l&rsquo;&eacute;migration avec une moyenne de plus de 170 d&eacute;parts par jour. M&ecirc;me l&rsquo;ancienne Premi&egrave;re ministre Jacinda Ardern s&rsquo;est install&eacute;e &agrave; Sydney, en Australie. Les causes sont multiples.<\/p>\n","protected":false},"author":1,"featured_media":0,"comment_status":"open","ping_status":"open","sticky":false,"template":"","format":"standard","meta":{"_monsterinsights_skip_tracking":false,"_monsterinsights_sitenote_active":false,"_monsterinsights_sitenote_note":"","_monsterinsights_sitenote_category":0,"_uf_show_specific_survey":0,"_uf_disable_surveys":false,"footnotes":""},"categories":[100],"tags":[],"class_list":["post-106144","post","type-post","status-publish","format-standard","hentry","category-tech-innovation"],"aioseo_notices":[],"_links":{"self":[{"href":"https:\/\/geneveinfos.ch\/index.php\/wp-json\/wp\/v2\/posts\/106144","targetHints":{"allow":["GET"]}}],"collection":[{"href":"https:\/\/geneveinfos.ch\/index.php\/wp-json\/wp\/v2\/posts"}],"about":[{"href":"https:\/\/geneveinfos.ch\/index.php\/wp-json\/wp\/v2\/types\/post"}],"author":[{"embeddable":true,"href":"https:\/\/geneveinfos.ch\/index.php\/wp-json\/wp\/v2\/users\/1"}],"replies":[{"embeddable":true,"href":"https:\/\/geneveinfos.ch\/index.php\/wp-json\/wp\/v2\/comments?post=106144"}],"version-history":[{"count":0,"href":"https:\/\/geneveinfos.ch\/index.php\/wp-json\/wp\/v2\/posts\/106144\/revisions"}],"wp:attachment":[{"href":"https:\/\/geneveinfos.ch\/index.php\/wp-json\/wp\/v2\/media?parent=106144"}],"wp:term":[{"taxonomy":"category","embeddable":true,"href":"https:\/\/geneveinfos.ch\/index.php\/wp-json\/wp\/v2\/categories?post=106144"},{"taxonomy":"post_tag","embeddable":true,"href":"https:\/\/geneveinfos.ch\/index.php\/wp-json\/wp\/v2\/tags?post=106144"}],"curies":[{"name":"wp","href":"https:\/\/api.w.org\/{rel}","templated":true}]}}