{"id":106189,"date":"2026-05-03T09:38:33","date_gmt":"2026-05-03T07:38:33","guid":{"rendered":"https:\/\/geneveinfos.ch\/index.php\/2026\/05\/03\/importants-degagements-de-fumee-apres-un-gros-incendie-a-langnau\/"},"modified":"2026-05-03T09:38:33","modified_gmt":"2026-05-03T07:38:33","slug":"importants-degagements-de-fumee-apres-un-gros-incendie-a-langnau","status":"publish","type":"post","link":"https:\/\/geneveinfos.ch\/index.php\/2026\/05\/03\/importants-degagements-de-fumee-apres-un-gros-incendie-a-langnau\/","title":{"rendered":"Importants d\u00e9gagements de fum\u00e9e apr\u00e8s un gros incendie \u00e0 Langnau"},"content":{"rendered":"<p>This <a href=\"https:\/\/www.rts.ch\/info\/regions\/berne\/2026\/article\/importants-degagements-de-fumee-apres-un-gros-incendie-a-langnau-29230339.html?rts_source=rss_t\" target=\"_blank\">post<\/a> was originally published on <a href=\"https:\/\/www.rts.ch\/info\/toute-info\/?format=rss\/news\" target=\"_blank\">this site<\/a>.<\/p><div>\n<div><a href=\"https:\/\/www.rts.ch\/info\/regions\/berne\/2026\/article\/importants-degagements-de-fumee-apres-un-gros-incendie-a-langnau-29230339.html?rts_source=rss_t\"><img decoding=\"async\" src=\"https:\/\/img.rts.ch\/articles\/2026\/image\/32xxam-29230344.image?w=320&amp;h=180\"><\/a>L&rsquo;incendie de deux maisons et un garage a provoqu&eacute; dimanche matin un important d&eacute;gagement de fum&eacute;e dans la commune de Langnau (BE). Il n&rsquo;y a pas de bless&eacute;s &agrave; d&eacute;plorer, mais le syst&egrave;me Alertswiss a &eacute;mis un avertissement et la population est pri&eacute;e d&rsquo;&eacute;viter la zone.<\/div>\n<\/div>\n","protected":false},"excerpt":{"rendered":"<p>This post was originally published on this site. L&rsquo;incendie de deux maisons et un garage a provoqu&eacute; dimanche matin un important d&eacute;gagement de fum&eacute;e dans la commune de Langnau (BE). Il n&rsquo;y a pas de bless&eacute;s &agrave; d&eacute;plorer, mais le syst&egrave;me Alertswiss a &eacute;mis un avertissement et la population est pri&eacute;e d&rsquo;&eacute;viter la zone.<\/p>\n","protected":false},"author":1,"featured_media":0,"comment_status":"open","ping_status":"open","sticky":false,"template":"","format":"standard","meta":{"_monsterinsights_skip_tracking":false,"_monsterinsights_sitenote_active":false,"_monsterinsights_sitenote_note":"","_monsterinsights_sitenote_category":0,"_uf_show_specific_survey":0,"_uf_disable_surveys":false,"footnotes":""},"categories":[100],"tags":[],"class_list":["post-106189","post","type-post","status-publish","format-standard","hentry","category-tech-innovation"],"aioseo_notices":[],"_links":{"self":[{"href":"https:\/\/geneveinfos.ch\/index.php\/wp-json\/wp\/v2\/posts\/106189","targetHints":{"allow":["GET"]}}],"collection":[{"href":"https:\/\/geneveinfos.ch\/index.php\/wp-json\/wp\/v2\/posts"}],"about":[{"href":"https:\/\/geneveinfos.ch\/index.php\/wp-json\/wp\/v2\/types\/post"}],"author":[{"embeddable":true,"href":"https:\/\/geneveinfos.ch\/index.php\/wp-json\/wp\/v2\/users\/1"}],"replies":[{"embeddable":true,"href":"https:\/\/geneveinfos.ch\/index.php\/wp-json\/wp\/v2\/comments?post=106189"}],"version-history":[{"count":0,"href":"https:\/\/geneveinfos.ch\/index.php\/wp-json\/wp\/v2\/posts\/106189\/revisions"}],"wp:attachment":[{"href":"https:\/\/geneveinfos.ch\/index.php\/wp-json\/wp\/v2\/media?parent=106189"}],"wp:term":[{"taxonomy":"category","embeddable":true,"href":"https:\/\/geneveinfos.ch\/index.php\/wp-json\/wp\/v2\/categories?post=106189"},{"taxonomy":"post_tag","embeddable":true,"href":"https:\/\/geneveinfos.ch\/index.php\/wp-json\/wp\/v2\/tags?post=106189"}],"curies":[{"name":"wp","href":"https:\/\/api.w.org\/{rel}","templated":true}]}}