{"id":106234,"date":"2026-05-03T10:58:23","date_gmt":"2026-05-03T08:58:23","guid":{"rendered":"https:\/\/geneveinfos.ch\/index.php\/2026\/05\/03\/energie-et-mobilite-la-cote-des-voitures-electriques-remonte-merci-trump\/"},"modified":"2026-05-03T11:58:09","modified_gmt":"2026-05-03T09:58:09","slug":"energie-et-mobilite-la-cote-des-voitures-electriques-remonte-merci-trump","status":"publish","type":"post","link":"https:\/\/geneveinfos.ch\/index.php\/2026\/05\/03\/energie-et-mobilite-la-cote-des-voitures-electriques-remonte-merci-trump\/","title":{"rendered":"\u00c9nergie et mobilit\u00e9: La cote des voitures \u00e9lectriques remonte, merci Trump!"},"content":{"rendered":"<p>This <a href=\"https:\/\/www.tdg.ch\/trump-sa-guerre-au-moyen-orient-booste-les-voitures-electriques-722389726635\" target=\"_blank\">post<\/a> was originally published on <a href=\"https:\/\/partner-feeds.publishing.tamedia.ch\/rss\/tdg\/economie\" target=\"_blank\">this site<\/a>.<\/p><div>Avec la guerre au Moyen-Orient, les prix des carburants s&rsquo;envolent et les automobilistes revoient leurs calculs. &Agrave; la Suisse d&rsquo;en profiter.<\/div>\n","protected":false},"excerpt":{"rendered":"<p>This post was originally published on this site.Avec la guerre au Moyen-Orient, les prix des carburants s&rsquo;envolent et les automobilistes revoient leurs calculs. &Agrave; la Suisse d&rsquo;en profiter.<\/p>\n","protected":false},"author":1,"featured_media":106235,"comment_status":"open","ping_status":"open","sticky":false,"template":"","format":"standard","meta":{"_monsterinsights_skip_tracking":false,"_monsterinsights_sitenote_active":false,"_monsterinsights_sitenote_note":"","_monsterinsights_sitenote_category":0,"_uf_show_specific_survey":0,"_uf_disable_surveys":false,"footnotes":""},"categories":[99],"tags":[],"class_list":["post-106234","post","type-post","status-publish","format-standard","has-post-thumbnail","hentry","category-finances-negoce"],"aioseo_notices":[],"_links":{"self":[{"href":"https:\/\/geneveinfos.ch\/index.php\/wp-json\/wp\/v2\/posts\/106234","targetHints":{"allow":["GET"]}}],"collection":[{"href":"https:\/\/geneveinfos.ch\/index.php\/wp-json\/wp\/v2\/posts"}],"about":[{"href":"https:\/\/geneveinfos.ch\/index.php\/wp-json\/wp\/v2\/types\/post"}],"author":[{"embeddable":true,"href":"https:\/\/geneveinfos.ch\/index.php\/wp-json\/wp\/v2\/users\/1"}],"replies":[{"embeddable":true,"href":"https:\/\/geneveinfos.ch\/index.php\/wp-json\/wp\/v2\/comments?post=106234"}],"version-history":[{"count":1,"href":"https:\/\/geneveinfos.ch\/index.php\/wp-json\/wp\/v2\/posts\/106234\/revisions"}],"predecessor-version":[{"id":106236,"href":"https:\/\/geneveinfos.ch\/index.php\/wp-json\/wp\/v2\/posts\/106234\/revisions\/106236"}],"wp:featuredmedia":[{"embeddable":true,"href":"https:\/\/geneveinfos.ch\/index.php\/wp-json\/wp\/v2\/media\/106235"}],"wp:attachment":[{"href":"https:\/\/geneveinfos.ch\/index.php\/wp-json\/wp\/v2\/media?parent=106234"}],"wp:term":[{"taxonomy":"category","embeddable":true,"href":"https:\/\/geneveinfos.ch\/index.php\/wp-json\/wp\/v2\/categories?post=106234"},{"taxonomy":"post_tag","embeddable":true,"href":"https:\/\/geneveinfos.ch\/index.php\/wp-json\/wp\/v2\/tags?post=106234"}],"curies":[{"name":"wp","href":"https:\/\/api.w.org\/{rel}","templated":true}]}}