{"id":206299,"date":"2026-08-31T07:01:13","date_gmt":"2026-08-31T05:01:13","guid":{"rendered":"https:\/\/geneveinfos.ch\/index.php\/2026\/08\/31\/precarite-et-assistance-geneve-face-au-defi-de-scolarisation-des-enfants-de-la-rue\/"},"modified":"2026-08-31T07:38:02","modified_gmt":"2026-08-31T05:38:02","slug":"precarite-et-assistance-geneve-face-au-defi-de-scolarisation-des-enfants-de-la-rue","status":"publish","type":"post","link":"https:\/\/geneveinfos.ch\/index.php\/2026\/08\/31\/precarite-et-assistance-geneve-face-au-defi-de-scolarisation-des-enfants-de-la-rue\/","title":{"rendered":"Pr\u00e9carit\u00e9 et assistance: Gen\u00e8ve face au d\u00e9fi de scolarisation des enfants de la rue"},"content":{"rendered":"<p>This <a href=\"https:\/\/www.tdg.ch\/geneve-combien-denfants-des-campements-ne-sont-pas-scolarises-634280607074\" target=\"_blank\">post<\/a> was originally published on <a href=\"https:\/\/partner-feeds.publishing.tamedia.ch\/rss\/tdg\/geneve\" target=\"_blank\">this site<\/a>.<\/p><div>Alors que la Ville alerte sur la pr&eacute;sence de mineurs dans les campements sauvages, le Canton assure avoir renforc&eacute; son dispositif de scolarisation.<\/div>\n","protected":false},"excerpt":{"rendered":"<p>This post was originally published on this site.Alors que la Ville alerte sur la pr&eacute;sence de mineurs dans les campements sauvages, le Canton assure avoir renforc&eacute; son dispositif de scolarisation.<\/p>\n","protected":false},"author":1,"featured_media":206300,"comment_status":"open","ping_status":"open","sticky":false,"template":"","format":"standard","meta":{"_monsterinsights_skip_tracking":false,"_uf_show_specific_survey":0,"_uf_disable_surveys":false,"footnotes":""},"categories":[97],"tags":[],"class_list":["post-206299","post","type-post","status-publish","format-standard","has-post-thumbnail","hentry","category-international-news"],"aioseo_notices":[],"aioseo_head":"\n\t\t<!-- All in One SEO 5.0.1.1 - aioseo.com -->\n\t<meta name=\"description\" content=\"Alors que la Ville alerte sur la pr\u00e9sence de mineurs dans les campements sauvages, le Canton assure avoir renforc\u00e9 son dispositif de scolarisation.\" \/>\n\t<meta name=\"robots\" content=\"max-image-preview:large\" \/>\n\t<meta name=\"author\" content=\"Morgane RAVOUNA\"\/>\n\t<link rel=\"canonical\" href=\"https:\/\/geneveinfos.ch\/index.php\/2026\/08\/31\/precarite-et-assistance-geneve-face-au-defi-de-scolarisation-des-enfants-de-la-rue\/\" \/>\n\t<meta name=\"generator\" content=\"All in One SEO (AIOSEO) 5.0.1.1\" \/>\n\t\t<meta property=\"og:locale\" content=\"fr_FR\" \/>\n\t\t<meta property=\"og:site_name\" content=\"Gen\u00e8ve Infos - Le site d&#039;informations de la r\u00e9gion genevoise\" \/>\n\t\t<meta property=\"og:type\" content=\"article\" \/>\n\t\t<meta property=\"og:title\" content=\"Pr\u00e9carit\u00e9 et assistance: Gen\u00e8ve face au d\u00e9fi de scolarisation des enfants de la rue - Gen\u00e8ve Infos\" \/>\n\t\t<meta property=\"og:description\" content=\"Alors que la Ville alerte sur la pr\u00e9sence de mineurs dans les campements sauvages, le Canton assure avoir renforc\u00e9 son dispositif de scolarisation.\" \/>\n\t\t<meta property=\"og:url\" content=\"https:\/\/geneveinfos.ch\/index.php\/2026\/08\/31\/precarite-et-assistance-geneve-face-au-defi-de-scolarisation-des-enfants-de-la-rue\/\" \/>\n\t\t<meta property=\"og:image\" content=\"https:\/\/geneveinfos.ch\/wp-content\/uploads\/2025\/09\/Capture-decran-2025-09-18-a-16.52.08.png\" \/>\n\t\t<meta property=\"og:image:secure_url\" content=\"https:\/\/geneveinfos.ch\/wp-content\/uploads\/2025\/09\/Capture-decran-2025-09-18-a-16.52.08.png\" \/>\n\t\t<meta property=\"og:image:width\" content=\"513\" \/>\n\t\t<meta property=\"og:image:height\" content=\"457\" \/>\n\t\t<meta property=\"article:published_time\" content=\"2026-08-31T05:01:13+00:00\" \/>\n\t\t<meta property=\"article:modified_time\" content=\"2026-08-31T05:38:02+00:00\" \/>\n\t\t<meta property=\"article:publisher\" content=\"https:\/\/www.facebook.com\/profile.php?id=61576016541234\" \/>\n\t\t<meta name=\"twitter:card\" content=\"summary_large_image\" \/>\n\t\t<meta name=\"twitter:title\" content=\"Pr\u00e9carit\u00e9 et assistance: Gen\u00e8ve face au d\u00e9fi de scolarisation des enfants de la rue - Gen\u00e8ve Infos\" \/>\n\t\t<meta name=\"twitter:description\" content=\"Alors que la Ville alerte sur la pr\u00e9sence de mineurs dans les campements sauvages, le Canton assure avoir renforc\u00e9 son dispositif de scolarisation.\" \/>\n\t\t<meta name=\"twitter:image\" content=\"https:\/\/geneveinfos.ch\/wp-content\/uploads\/2025\/09\/Capture-decran-2025-09-18-a-16.52.08.png\" \/>\n\t\t<script type=\"application\/ld+json\" class=\"aioseo-schema\">\n\t\t\t{\"@context\":\"https:\\\/\\\/schema.org\",\"@graph\":[{\"@type\":\"BlogPosting\",\"@id\":\"https:\\\/\\\/geneveinfos.ch\\\/index.php\\\/2026\\\/08\\\/31\\\/precarite-et-assistance-geneve-face-au-defi-de-scolarisation-des-enfants-de-la-rue\\\/#blogposting\",\"name\":\"Pr\\u00e9carit\\u00e9 et assistance: Gen\\u00e8ve face au d\\u00e9fi de scolarisation des enfants de la rue - Gen\\u00e8ve Infos\",\"headline\":\"Pr\\u00e9carit\\u00e9 et assistance: Gen\\u00e8ve face au d\\u00e9fi de scolarisation des enfants de la rue\",\"author\":{\"@id\":\"https:\\\/\\\/geneveinfos.ch\\\/index.php\\\/author\\\/admin1380\\\/#author\"},\"publisher\":{\"@id\":\"https:\\\/\\\/geneveinfos.ch\\\/#person\"},\"image\":{\"@type\":\"ImageObject\",\"url\":\"https:\\\/\\\/geneveinfos.ch\\\/wp-content\\\/uploads\\\/2026\\\/08\\\/0EcdYam64iV936xh6TmF1W.jpg\",\"width\":2048,\"height\":1445},\"datePublished\":\"2026-08-31T07:01:13+02:00\",\"dateModified\":\"2026-08-31T07:38:02+02:00\",\"inLanguage\":\"fr-FR\",\"mainEntityOfPage\":{\"@id\":\"https:\\\/\\\/geneveinfos.ch\\\/index.php\\\/2026\\\/08\\\/31\\\/precarite-et-assistance-geneve-face-au-defi-de-scolarisation-des-enfants-de-la-rue\\\/#webpage\"},\"isPartOf\":{\"@id\":\"https:\\\/\\\/geneveinfos.ch\\\/index.php\\\/2026\\\/08\\\/31\\\/precarite-et-assistance-geneve-face-au-defi-de-scolarisation-des-enfants-de-la-rue\\\/#webpage\"},\"articleSection\":\"international\"},{\"@type\":\"BreadcrumbList\",\"@id\":\"https:\\\/\\\/geneveinfos.ch\\\/index.php\\\/2026\\\/08\\\/31\\\/precarite-et-assistance-geneve-face-au-defi-de-scolarisation-des-enfants-de-la-rue\\\/#breadcrumblist\",\"itemListElement\":[{\"@type\":\"ListItem\",\"@id\":\"https:\\\/\\\/geneveinfos.ch#listItem\",\"position\":1,\"name\":\"Home\",\"item\":\"https:\\\/\\\/geneveinfos.ch\",\"nextItem\":{\"@type\":\"ListItem\",\"@id\":\"https:\\\/\\\/geneveinfos.ch\\\/index.php\\\/category\\\/news\\\/#listItem\",\"name\":\"News\"}},{\"@type\":\"ListItem\",\"@id\":\"https:\\\/\\\/geneveinfos.ch\\\/index.php\\\/category\\\/news\\\/#listItem\",\"position\":2,\"name\":\"News\",\"item\":\"https:\\\/\\\/geneveinfos.ch\\\/index.php\\\/category\\\/news\\\/\",\"nextItem\":{\"@type\":\"ListItem\",\"@id\":\"https:\\\/\\\/geneveinfos.ch\\\/index.php\\\/category\\\/news\\\/international-news\\\/#listItem\",\"name\":\"international\"},\"previousItem\":{\"@type\":\"ListItem\",\"@id\":\"https:\\\/\\\/geneveinfos.ch#listItem\",\"name\":\"Home\"}},{\"@type\":\"ListItem\",\"@id\":\"https:\\\/\\\/geneveinfos.ch\\\/index.php\\\/category\\\/news\\\/international-news\\\/#listItem\",\"position\":3,\"name\":\"international\",\"item\":\"https:\\\/\\\/geneveinfos.ch\\\/index.php\\\/category\\\/news\\\/international-news\\\/\",\"nextItem\":{\"@type\":\"ListItem\",\"@id\":\"https:\\\/\\\/geneveinfos.ch\\\/index.php\\\/2026\\\/08\\\/31\\\/precarite-et-assistance-geneve-face-au-defi-de-scolarisation-des-enfants-de-la-rue\\\/#listItem\",\"name\":\"Pr\\u00e9carit\\u00e9 et assistance: Gen\\u00e8ve face au d\\u00e9fi de scolarisation des enfants de la rue\"},\"previousItem\":{\"@type\":\"ListItem\",\"@id\":\"https:\\\/\\\/geneveinfos.ch\\\/index.php\\\/category\\\/news\\\/#listItem\",\"name\":\"News\"}},{\"@type\":\"ListItem\",\"@id\":\"https:\\\/\\\/geneveinfos.ch\\\/index.php\\\/2026\\\/08\\\/31\\\/precarite-et-assistance-geneve-face-au-defi-de-scolarisation-des-enfants-de-la-rue\\\/#listItem\",\"position\":4,\"name\":\"Pr\\u00e9carit\\u00e9 et assistance: Gen\\u00e8ve face au d\\u00e9fi de scolarisation des enfants de la rue\",\"previousItem\":{\"@type\":\"ListItem\",\"@id\":\"https:\\\/\\\/geneveinfos.ch\\\/index.php\\\/category\\\/news\\\/international-news\\\/#listItem\",\"name\":\"international\"}}]},{\"@type\":\"Person\",\"@id\":\"https:\\\/\\\/geneveinfos.ch\\\/#person\",\"name\":\"Morgane RAVOUNA\",\"image\":{\"@type\":\"ImageObject\",\"@id\":\"https:\\\/\\\/geneveinfos.ch\\\/index.php\\\/2026\\\/08\\\/31\\\/precarite-et-assistance-geneve-face-au-defi-de-scolarisation-des-enfants-de-la-rue\\\/#personImage\",\"url\":\"https:\\\/\\\/secure.gravatar.com\\\/avatar\\\/bd1e2e1e7cabf66754a14e2181bc3f67cd3c2b9403841e078411545fc405115b?s=96&d=mm&r=g\",\"width\":96,\"height\":96,\"caption\":\"Morgane RAVOUNA\"}},{\"@type\":\"Person\",\"@id\":\"https:\\\/\\\/geneveinfos.ch\\\/index.php\\\/author\\\/admin1380\\\/#author\",\"url\":\"https:\\\/\\\/geneveinfos.ch\\\/index.php\\\/author\\\/admin1380\\\/\",\"name\":\"Morgane RAVOUNA\",\"image\":{\"@type\":\"ImageObject\",\"@id\":\"https:\\\/\\\/geneveinfos.ch\\\/index.php\\\/2026\\\/08\\\/31\\\/precarite-et-assistance-geneve-face-au-defi-de-scolarisation-des-enfants-de-la-rue\\\/#authorImage\",\"url\":\"https:\\\/\\\/secure.gravatar.com\\\/avatar\\\/bd1e2e1e7cabf66754a14e2181bc3f67cd3c2b9403841e078411545fc405115b?s=96&d=mm&r=g\",\"width\":96,\"height\":96,\"caption\":\"Morgane RAVOUNA\"}},{\"@type\":\"WebPage\",\"@id\":\"https:\\\/\\\/geneveinfos.ch\\\/index.php\\\/2026\\\/08\\\/31\\\/precarite-et-assistance-geneve-face-au-defi-de-scolarisation-des-enfants-de-la-rue\\\/#webpage\",\"url\":\"https:\\\/\\\/geneveinfos.ch\\\/index.php\\\/2026\\\/08\\\/31\\\/precarite-et-assistance-geneve-face-au-defi-de-scolarisation-des-enfants-de-la-rue\\\/\",\"name\":\"Pr\\u00e9carit\\u00e9 et assistance: Gen\\u00e8ve face au d\\u00e9fi de scolarisation des enfants de la rue - Gen\\u00e8ve Infos\",\"description\":\"Alors que la Ville alerte sur la pr\\u00e9sence de mineurs dans les campements sauvages, le Canton assure avoir renforc\\u00e9 son dispositif de scolarisation.\",\"inLanguage\":\"fr-FR\",\"isPartOf\":{\"@id\":\"https:\\\/\\\/geneveinfos.ch\\\/#website\"},\"breadcrumb\":{\"@id\":\"https:\\\/\\\/geneveinfos.ch\\\/index.php\\\/2026\\\/08\\\/31\\\/precarite-et-assistance-geneve-face-au-defi-de-scolarisation-des-enfants-de-la-rue\\\/#breadcrumblist\"},\"author\":{\"@id\":\"https:\\\/\\\/geneveinfos.ch\\\/index.php\\\/author\\\/admin1380\\\/#author\"},\"creator\":{\"@id\":\"https:\\\/\\\/geneveinfos.ch\\\/index.php\\\/author\\\/admin1380\\\/#author\"},\"image\":{\"@type\":\"ImageObject\",\"url\":\"https:\\\/\\\/geneveinfos.ch\\\/wp-content\\\/uploads\\\/2026\\\/08\\\/0EcdYam64iV936xh6TmF1W.jpg\",\"@id\":\"https:\\\/\\\/geneveinfos.ch\\\/index.php\\\/2026\\\/08\\\/31\\\/precarite-et-assistance-geneve-face-au-defi-de-scolarisation-des-enfants-de-la-rue\\\/#mainImage\",\"width\":2048,\"height\":1445},\"primaryImageOfPage\":{\"@id\":\"https:\\\/\\\/geneveinfos.ch\\\/index.php\\\/2026\\\/08\\\/31\\\/precarite-et-assistance-geneve-face-au-defi-de-scolarisation-des-enfants-de-la-rue\\\/#mainImage\"},\"datePublished\":\"2026-08-31T07:01:13+02:00\",\"dateModified\":\"2026-08-31T07:38:02+02:00\"},{\"@type\":\"WebSite\",\"@id\":\"https:\\\/\\\/geneveinfos.ch\\\/#website\",\"url\":\"https:\\\/\\\/geneveinfos.ch\\\/\",\"name\":\"Gen\\u00e8ve Infos\",\"description\":\"Le site d'informations de la r\\u00e9gion genevoise\",\"inLanguage\":\"fr-FR\",\"publisher\":{\"@id\":\"https:\\\/\\\/geneveinfos.ch\\\/#person\"}}]}\n\t\t<\/script>\n\t\t<!-- All in One SEO -->\n\n","aioseo_head_json":{"title":"Pr\u00e9carit\u00e9 et assistance: Gen\u00e8ve face au d\u00e9fi de scolarisation des enfants de la rue - Gen\u00e8ve Infos","description":"Alors que la Ville alerte sur la pr\u00e9sence de mineurs dans les campements sauvages, le Canton assure avoir renforc\u00e9 son dispositif de scolarisation.","canonical_url":"https:\/\/geneveinfos.ch\/index.php\/2026\/08\/31\/precarite-et-assistance-geneve-face-au-defi-de-scolarisation-des-enfants-de-la-rue\/","robots":"max-image-preview:large","keywords":"","webmasterTools":{"miscellaneous":""},"schema":{"@context":"https:\/\/schema.org","@graph":[{"@type":"BlogPosting","@id":"https:\/\/geneveinfos.ch\/index.php\/2026\/08\/31\/precarite-et-assistance-geneve-face-au-defi-de-scolarisation-des-enfants-de-la-rue\/#blogposting","name":"Pr\u00e9carit\u00e9 et assistance: Gen\u00e8ve face au d\u00e9fi de scolarisation des enfants de la rue - Gen\u00e8ve Infos","headline":"Pr\u00e9carit\u00e9 et assistance: Gen\u00e8ve face au d\u00e9fi de scolarisation des enfants de la rue","author":{"@id":"https:\/\/geneveinfos.ch\/index.php\/author\/admin1380\/#author"},"publisher":{"@id":"https:\/\/geneveinfos.ch\/#person"},"image":{"@type":"ImageObject","url":"https:\/\/geneveinfos.ch\/wp-content\/uploads\/2026\/08\/0EcdYam64iV936xh6TmF1W.jpg","width":2048,"height":1445},"datePublished":"2026-08-31T07:01:13+02:00","dateModified":"2026-08-31T07:38:02+02:00","inLanguage":"fr-FR","mainEntityOfPage":{"@id":"https:\/\/geneveinfos.ch\/index.php\/2026\/08\/31\/precarite-et-assistance-geneve-face-au-defi-de-scolarisation-des-enfants-de-la-rue\/#webpage"},"isPartOf":{"@id":"https:\/\/geneveinfos.ch\/index.php\/2026\/08\/31\/precarite-et-assistance-geneve-face-au-defi-de-scolarisation-des-enfants-de-la-rue\/#webpage"},"articleSection":"international"},{"@type":"BreadcrumbList","@id":"https:\/\/geneveinfos.ch\/index.php\/2026\/08\/31\/precarite-et-assistance-geneve-face-au-defi-de-scolarisation-des-enfants-de-la-rue\/#breadcrumblist","itemListElement":[{"@type":"ListItem","@id":"https:\/\/geneveinfos.ch#listItem","position":1,"name":"Home","item":"https:\/\/geneveinfos.ch","nextItem":{"@type":"ListItem","@id":"https:\/\/geneveinfos.ch\/index.php\/category\/news\/#listItem","name":"News"}},{"@type":"ListItem","@id":"https:\/\/geneveinfos.ch\/index.php\/category\/news\/#listItem","position":2,"name":"News","item":"https:\/\/geneveinfos.ch\/index.php\/category\/news\/","nextItem":{"@type":"ListItem","@id":"https:\/\/geneveinfos.ch\/index.php\/category\/news\/international-news\/#listItem","name":"international"},"previousItem":{"@type":"ListItem","@id":"https:\/\/geneveinfos.ch#listItem","name":"Home"}},{"@type":"ListItem","@id":"https:\/\/geneveinfos.ch\/index.php\/category\/news\/international-news\/#listItem","position":3,"name":"international","item":"https:\/\/geneveinfos.ch\/index.php\/category\/news\/international-news\/","nextItem":{"@type":"ListItem","@id":"https:\/\/geneveinfos.ch\/index.php\/2026\/08\/31\/precarite-et-assistance-geneve-face-au-defi-de-scolarisation-des-enfants-de-la-rue\/#listItem","name":"Pr\u00e9carit\u00e9 et assistance: Gen\u00e8ve face au d\u00e9fi de scolarisation des enfants de la rue"},"previousItem":{"@type":"ListItem","@id":"https:\/\/geneveinfos.ch\/index.php\/category\/news\/#listItem","name":"News"}},{"@type":"ListItem","@id":"https:\/\/geneveinfos.ch\/index.php\/2026\/08\/31\/precarite-et-assistance-geneve-face-au-defi-de-scolarisation-des-enfants-de-la-rue\/#listItem","position":4,"name":"Pr\u00e9carit\u00e9 et assistance: Gen\u00e8ve face au d\u00e9fi de scolarisation des enfants de la rue","previousItem":{"@type":"ListItem","@id":"https:\/\/geneveinfos.ch\/index.php\/category\/news\/international-news\/#listItem","name":"international"}}]},{"@type":"Person","@id":"https:\/\/geneveinfos.ch\/#person","name":"Morgane RAVOUNA","image":{"@type":"ImageObject","@id":"https:\/\/geneveinfos.ch\/index.php\/2026\/08\/31\/precarite-et-assistance-geneve-face-au-defi-de-scolarisation-des-enfants-de-la-rue\/#personImage","url":"https:\/\/secure.gravatar.com\/avatar\/bd1e2e1e7cabf66754a14e2181bc3f67cd3c2b9403841e078411545fc405115b?s=96&d=mm&r=g","width":96,"height":96,"caption":"Morgane RAVOUNA"}},{"@type":"Person","@id":"https:\/\/geneveinfos.ch\/index.php\/author\/admin1380\/#author","url":"https:\/\/geneveinfos.ch\/index.php\/author\/admin1380\/","name":"Morgane RAVOUNA","image":{"@type":"ImageObject","@id":"https:\/\/geneveinfos.ch\/index.php\/2026\/08\/31\/precarite-et-assistance-geneve-face-au-defi-de-scolarisation-des-enfants-de-la-rue\/#authorImage","url":"https:\/\/secure.gravatar.com\/avatar\/bd1e2e1e7cabf66754a14e2181bc3f67cd3c2b9403841e078411545fc405115b?s=96&d=mm&r=g","width":96,"height":96,"caption":"Morgane RAVOUNA"}},{"@type":"WebPage","@id":"https:\/\/geneveinfos.ch\/index.php\/2026\/08\/31\/precarite-et-assistance-geneve-face-au-defi-de-scolarisation-des-enfants-de-la-rue\/#webpage","url":"https:\/\/geneveinfos.ch\/index.php\/2026\/08\/31\/precarite-et-assistance-geneve-face-au-defi-de-scolarisation-des-enfants-de-la-rue\/","name":"Pr\u00e9carit\u00e9 et assistance: Gen\u00e8ve face au d\u00e9fi de scolarisation des enfants de la rue - Gen\u00e8ve Infos","description":"Alors que la Ville alerte sur la pr\u00e9sence de mineurs dans les campements sauvages, le Canton assure avoir renforc\u00e9 son dispositif de scolarisation.","inLanguage":"fr-FR","isPartOf":{"@id":"https:\/\/geneveinfos.ch\/#website"},"breadcrumb":{"@id":"https:\/\/geneveinfos.ch\/index.php\/2026\/08\/31\/precarite-et-assistance-geneve-face-au-defi-de-scolarisation-des-enfants-de-la-rue\/#breadcrumblist"},"author":{"@id":"https:\/\/geneveinfos.ch\/index.php\/author\/admin1380\/#author"},"creator":{"@id":"https:\/\/geneveinfos.ch\/index.php\/author\/admin1380\/#author"},"image":{"@type":"ImageObject","url":"https:\/\/geneveinfos.ch\/wp-content\/uploads\/2026\/08\/0EcdYam64iV936xh6TmF1W.jpg","@id":"https:\/\/geneveinfos.ch\/index.php\/2026\/08\/31\/precarite-et-assistance-geneve-face-au-defi-de-scolarisation-des-enfants-de-la-rue\/#mainImage","width":2048,"height":1445},"primaryImageOfPage":{"@id":"https:\/\/geneveinfos.ch\/index.php\/2026\/08\/31\/precarite-et-assistance-geneve-face-au-defi-de-scolarisation-des-enfants-de-la-rue\/#mainImage"},"datePublished":"2026-08-31T07:01:13+02:00","dateModified":"2026-08-31T07:38:02+02:00"},{"@type":"WebSite","@id":"https:\/\/geneveinfos.ch\/#website","url":"https:\/\/geneveinfos.ch\/","name":"Gen\u00e8ve Infos","description":"Le site d'informations de la r\u00e9gion genevoise","inLanguage":"fr-FR","publisher":{"@id":"https:\/\/geneveinfos.ch\/#person"}}]},"og:locale":"fr_FR","og:site_name":"Gen\u00e8ve Infos - Le site d'informations de la r\u00e9gion genevoise","og:type":"article","og:title":"Pr\u00e9carit\u00e9 et assistance: Gen\u00e8ve face au d\u00e9fi de scolarisation des enfants de la rue - Gen\u00e8ve Infos","og:description":"Alors que la Ville alerte sur la pr\u00e9sence de mineurs dans les campements sauvages, le Canton assure avoir renforc\u00e9 son dispositif de scolarisation.","og:url":"https:\/\/geneveinfos.ch\/index.php\/2026\/08\/31\/precarite-et-assistance-geneve-face-au-defi-de-scolarisation-des-enfants-de-la-rue\/","og:image":"https:\/\/geneveinfos.ch\/wp-content\/uploads\/2025\/09\/Capture-decran-2025-09-18-a-16.52.08.png","og:image:secure_url":"https:\/\/geneveinfos.ch\/wp-content\/uploads\/2025\/09\/Capture-decran-2025-09-18-a-16.52.08.png","og:image:width":513,"og:image:height":457,"article:published_time":"2026-08-31T05:01:13+00:00","article:modified_time":"2026-08-31T05:38:02+00:00","article:publisher":"https:\/\/www.facebook.com\/profile.php?id=61576016541234","twitter:card":"summary_large_image","twitter:title":"Pr\u00e9carit\u00e9 et assistance: Gen\u00e8ve face au d\u00e9fi de scolarisation des enfants de la rue - Gen\u00e8ve Infos","twitter:description":"Alors que la Ville alerte sur la pr\u00e9sence de mineurs dans les campements sauvages, le Canton assure avoir renforc\u00e9 son dispositif de scolarisation.","twitter:image":"https:\/\/geneveinfos.ch\/wp-content\/uploads\/2025\/09\/Capture-decran-2025-09-18-a-16.52.08.png"},"aioseo_meta_data":{"post_id":"206299","title":null,"description":null,"keywords":null,"keyphrases":null,"primary_term":null,"canonical_url":null,"og_title":null,"og_description":null,"og_object_type":"default","og_image_type":"default","og_image_url":null,"og_image_width":null,"og_image_height":null,"og_image_custom_url":null,"og_image_custom_fields":null,"og_video":null,"og_custom_url":null,"og_article_section":null,"og_article_tags":null,"twitter_use_og":false,"twitter_card":"default","twitter_image_type":"default","twitter_image_url":null,"twitter_image_custom_url":null,"twitter_image_custom_fields":null,"twitter_title":null,"twitter_description":null,"schema":{"blockGraphs":[],"customGraphs":[],"default":{"data":{"Article":[],"Course":[],"Dataset":[],"FAQPage":[],"Movie":[],"Person":[],"Product":[],"ProductReview":[],"Car":[],"Recipe":[],"Service":[],"SoftwareApplication":[],"WebPage":[]},"graphName":"","isEnabled":true},"graphs":[]},"schema_type":"default","schema_type_options":null,"pillar_content":false,"robots_default":true,"robots_noindex":false,"robots_noarchive":false,"robots_nosnippet":false,"robots_nofollow":false,"robots_noimageindex":false,"robots_noodp":false,"robots_notranslate":false,"robots_max_snippet":null,"robots_max_videopreview":null,"robots_max_imagepreview":"large","priority":null,"frequency":null,"local_seo":null,"breadcrumb_settings":null,"limit_modified_date":false,"ai":null,"created":"2026-08-31 05:38:37","updated":"2026-08-31 05:38:37","seo_analyzer_scan_date":null,"focus_keyword":null,"additional_keywords":null,"truseo_locale":null},"aioseo_breadcrumb":"<div class=\"aioseo-breadcrumbs\"><span class=\"aioseo-breadcrumb\">\n\t\t\t<a href=\"https:\/\/geneveinfos.ch\" title=\"Home\">Home<\/a>\n\t\t<\/span><span class=\"aioseo-breadcrumb-separator\">&raquo;<\/span><span class=\"aioseo-breadcrumb\">\n\t\t\t<a href=\"https:\/\/geneveinfos.ch\/index.php\/category\/news\/\" title=\"News\">News<\/a>\n\t\t<\/span><span class=\"aioseo-breadcrumb-separator\">&raquo;<\/span><span class=\"aioseo-breadcrumb\">\n\t\t\t<a href=\"https:\/\/geneveinfos.ch\/index.php\/category\/news\/international-news\/\" title=\"international\">international<\/a>\n\t\t<\/span><span class=\"aioseo-breadcrumb-separator\">&raquo;<\/span><span class=\"aioseo-breadcrumb\">\n\t\t\tPr\u00e9carit\u00e9 et assistance: Gen\u00e8ve face au d\u00e9fi de scolarisation des enfants de la rue\n\t\t<\/span><\/div>","aioseo_breadcrumb_json":[{"label":"Home","link":"https:\/\/geneveinfos.ch"},{"label":"News","link":"https:\/\/geneveinfos.ch\/index.php\/category\/news\/"},{"label":"international","link":"https:\/\/geneveinfos.ch\/index.php\/category\/news\/international-news\/"},{"label":"Pr\u00e9carit\u00e9 et assistance: Gen\u00e8ve face au d\u00e9fi de scolarisation des enfants de la rue","link":"https:\/\/geneveinfos.ch\/index.php\/2026\/08\/31\/precarite-et-assistance-geneve-face-au-defi-de-scolarisation-des-enfants-de-la-rue\/"}],"_links":{"self":[{"href":"https:\/\/geneveinfos.ch\/index.php\/wp-json\/wp\/v2\/posts\/206299","targetHints":{"allow":["GET"]}}],"collection":[{"href":"https:\/\/geneveinfos.ch\/index.php\/wp-json\/wp\/v2\/posts"}],"about":[{"href":"https:\/\/geneveinfos.ch\/index.php\/wp-json\/wp\/v2\/types\/post"}],"author":[{"embeddable":true,"href":"https:\/\/geneveinfos.ch\/index.php\/wp-json\/wp\/v2\/users\/1"}],"replies":[{"embeddable":true,"href":"https:\/\/geneveinfos.ch\/index.php\/wp-json\/wp\/v2\/comments?post=206299"}],"version-history":[{"count":1,"href":"https:\/\/geneveinfos.ch\/index.php\/wp-json\/wp\/v2\/posts\/206299\/revisions"}],"predecessor-version":[{"id":206301,"href":"https:\/\/geneveinfos.ch\/index.php\/wp-json\/wp\/v2\/posts\/206299\/revisions\/206301"}],"wp:featuredmedia":[{"embeddable":true,"href":"https:\/\/geneveinfos.ch\/index.php\/wp-json\/wp\/v2\/media\/206300"}],"wp:attachment":[{"href":"https:\/\/geneveinfos.ch\/index.php\/wp-json\/wp\/v2\/media?parent=206299"}],"wp:term":[{"taxonomy":"category","embeddable":true,"href":"https:\/\/geneveinfos.ch\/index.php\/wp-json\/wp\/v2\/categories?post=206299"},{"taxonomy":"post_tag","embeddable":true,"href":"https:\/\/geneveinfos.ch\/index.php\/wp-json\/wp\/v2\/tags?post=206299"}],"curies":[{"name":"wp","href":"https:\/\/api.w.org\/{rel}","templated":true}]}}