{"id":206902,"date":"2026-08-31T22:44:59","date_gmt":"2026-08-31T20:44:59","guid":{"rendered":"https:\/\/geneveinfos.ch\/index.php\/2026\/08\/31\/pourquoi-valerie-dittli-quitte-t-elle-le-centre\/"},"modified":"2026-08-31T22:44:59","modified_gmt":"2026-08-31T20:44:59","slug":"pourquoi-valerie-dittli-quitte-t-elle-le-centre","status":"publish","type":"post","link":"https:\/\/geneveinfos.ch\/index.php\/2026\/08\/31\/pourquoi-valerie-dittli-quitte-t-elle-le-centre\/","title":{"rendered":"Pourquoi Val\u00e9rie Dittli quitte-t-elle le Centre ?"},"content":{"rendered":"<p>This <a href=\"https:\/\/www.rts.ch\/info\/regions\/vaud\/2026\/article\/valerie-dittli-quitte-le-centre-les-raisons-de-son-depart-29343412.html?rts_source=rss_t\" target=\"_blank\">post<\/a> was originally published on <a href=\"https:\/\/www.rts.ch\/info\/toute-info\/?format=rss\/news\" target=\"_blank\">this site<\/a>.<\/p><div>\n<div><a href=\"https:\/\/www.rts.ch\/info\/regions\/vaud\/2026\/article\/valerie-dittli-quitte-le-centre-les-raisons-de-son-depart-29343412.html?rts_source=rss_t\"><img decoding=\"async\" src=\"https:\/\/img.rts.ch\/articles\/2026\/image\/c397b2bd-29343422.image?w=320&amp;h=180\"><\/a>Val&eacute;rie Dittli quitte le parti du Centre. Mise en cause par plusieurs rapports, l&acirc;ch&eacute;e par le comit&eacute; cantonal et le comit&eacute; de pr&eacute;sidence du Centre Vaud et vis&eacute;e par deux enqu&ecirc;tes p&eacute;nales dans lesquelles elle est pr&eacute;sum&eacute;e innocente, la conseill&egrave;re d&rsquo;Etat du canton de Vaud cr&eacute;e un nouveau mouvement politique. Dans le podcast Le Point J, Camille Besse, journaliste au bureau vaudois de la RTS, explique pourquoi Val&eacute;rie Dittli se s&eacute;pare maintenant du Centre.<\/div>\n<\/div>\n","protected":false},"excerpt":{"rendered":"<p>This post was originally published on this site. Val&eacute;rie Dittli quitte le parti du Centre. Mise en cause par plusieurs rapports, l&acirc;ch&eacute;e par le comit&eacute; cantonal et le comit&eacute; de pr&eacute;sidence du Centre Vaud et vis&eacute;e par deux enqu&ecirc;tes p&eacute;nales dans lesquelles elle est pr&eacute;sum&eacute;e innocente, la conseill&egrave;re d&rsquo;Etat du canton de Vaud cr&eacute;e un [&hellip;]<\/p>\n","protected":false},"author":1,"featured_media":0,"comment_status":"open","ping_status":"open","sticky":false,"template":"","format":"standard","meta":{"_monsterinsights_skip_tracking":false,"_uf_show_specific_survey":0,"_uf_disable_surveys":false,"footnotes":""},"categories":[100],"tags":[],"class_list":["post-206902","post","type-post","status-publish","format-standard","hentry","category-tech-innovation"],"aioseo_notices":[],"aioseo_head":"\n\t\t<!-- All in One SEO 5.0.1.1 - aioseo.com -->\n\t<meta name=\"description\" content=\"Val\u00e9rie Dittli quitte le parti du Centre. Mise en cause par plusieurs rapports, l\u00e2ch\u00e9e par le comit\u00e9 cantonal et le comit\u00e9 de pr\u00e9sidence du Centre Vaud et vis\u00e9e par deux enqu\u00eates p\u00e9nales dans lesquelles elle est pr\u00e9sum\u00e9e innocente, la conseill\u00e8re d\u2019Etat du canton de Vaud cr\u00e9e un nouveau mouvement politique. Dans le podcast Le Point\" \/>\n\t<meta name=\"robots\" content=\"max-image-preview:large\" \/>\n\t<meta name=\"author\" content=\"Morgane RAVOUNA\"\/>\n\t<link rel=\"canonical\" href=\"https:\/\/geneveinfos.ch\/index.php\/2026\/08\/31\/pourquoi-valerie-dittli-quitte-t-elle-le-centre\/\" \/>\n\t<meta name=\"generator\" content=\"All in One SEO (AIOSEO) 5.0.1.1\" \/>\n\t\t<meta property=\"og:locale\" content=\"fr_FR\" \/>\n\t\t<meta property=\"og:site_name\" content=\"Gen\u00e8ve Infos - Le site d&#039;informations de la r\u00e9gion genevoise\" \/>\n\t\t<meta property=\"og:type\" content=\"article\" \/>\n\t\t<meta property=\"og:title\" content=\"Pourquoi Val\u00e9rie Dittli quitte-t-elle le Centre ? - Gen\u00e8ve Infos\" \/>\n\t\t<meta property=\"og:description\" content=\"Val\u00e9rie Dittli quitte le parti du Centre. Mise en cause par plusieurs rapports, l\u00e2ch\u00e9e par le comit\u00e9 cantonal et le comit\u00e9 de pr\u00e9sidence du Centre Vaud et vis\u00e9e par deux enqu\u00eates p\u00e9nales dans lesquelles elle est pr\u00e9sum\u00e9e innocente, la conseill\u00e8re d\u2019Etat du canton de Vaud cr\u00e9e un nouveau mouvement politique. Dans le podcast Le Point\" \/>\n\t\t<meta property=\"og:url\" content=\"https:\/\/geneveinfos.ch\/index.php\/2026\/08\/31\/pourquoi-valerie-dittli-quitte-t-elle-le-centre\/\" \/>\n\t\t<meta property=\"og:image\" content=\"https:\/\/geneveinfos.ch\/wp-content\/uploads\/2025\/09\/Capture-decran-2025-09-18-a-16.52.08.png\" \/>\n\t\t<meta property=\"og:image:secure_url\" content=\"https:\/\/geneveinfos.ch\/wp-content\/uploads\/2025\/09\/Capture-decran-2025-09-18-a-16.52.08.png\" \/>\n\t\t<meta property=\"og:image:width\" content=\"513\" \/>\n\t\t<meta property=\"og:image:height\" content=\"457\" \/>\n\t\t<meta property=\"article:published_time\" content=\"2026-08-31T20:44:59+00:00\" \/>\n\t\t<meta property=\"article:modified_time\" content=\"2026-08-31T20:44:59+00:00\" \/>\n\t\t<meta property=\"article:publisher\" content=\"https:\/\/www.facebook.com\/profile.php?id=61576016541234\" \/>\n\t\t<meta name=\"twitter:card\" content=\"summary_large_image\" \/>\n\t\t<meta name=\"twitter:title\" content=\"Pourquoi Val\u00e9rie Dittli quitte-t-elle le Centre ? - Gen\u00e8ve Infos\" \/>\n\t\t<meta name=\"twitter:description\" content=\"Val\u00e9rie Dittli quitte le parti du Centre. Mise en cause par plusieurs rapports, l\u00e2ch\u00e9e par le comit\u00e9 cantonal et le comit\u00e9 de pr\u00e9sidence du Centre Vaud et vis\u00e9e par deux enqu\u00eates p\u00e9nales dans lesquelles elle est pr\u00e9sum\u00e9e innocente, la conseill\u00e8re d\u2019Etat du canton de Vaud cr\u00e9e un nouveau mouvement politique. Dans le podcast Le Point\" \/>\n\t\t<meta name=\"twitter:image\" content=\"https:\/\/geneveinfos.ch\/wp-content\/uploads\/2025\/09\/Capture-decran-2025-09-18-a-16.52.08.png\" \/>\n\t\t<script type=\"application\/ld+json\" class=\"aioseo-schema\">\n\t\t\t{\"@context\":\"https:\\\/\\\/schema.org\",\"@graph\":[{\"@type\":\"BlogPosting\",\"@id\":\"https:\\\/\\\/geneveinfos.ch\\\/index.php\\\/2026\\\/08\\\/31\\\/pourquoi-valerie-dittli-quitte-t-elle-le-centre\\\/#blogposting\",\"name\":\"Pourquoi Val\\u00e9rie Dittli quitte-t-elle le Centre ? - Gen\\u00e8ve Infos\",\"headline\":\"Pourquoi Val\\u00e9rie Dittli quitte-t-elle le Centre ?\",\"author\":{\"@id\":\"https:\\\/\\\/geneveinfos.ch\\\/index.php\\\/author\\\/admin1380\\\/#author\"},\"publisher\":{\"@id\":\"https:\\\/\\\/geneveinfos.ch\\\/#person\"},\"image\":{\"@type\":\"ImageObject\",\"url\":\"https:\\\/\\\/img.rts.ch\\\/articles\\\/2026\\\/image\\\/c397b2bd-29343422.image?w=320&amp;h=180\",\"@id\":\"https:\\\/\\\/geneveinfos.ch\\\/index.php\\\/2026\\\/08\\\/31\\\/pourquoi-valerie-dittli-quitte-t-elle-le-centre\\\/#articleImage\"},\"datePublished\":\"2026-08-31T22:44:59+02:00\",\"dateModified\":\"2026-08-31T22:44:59+02:00\",\"inLanguage\":\"fr-FR\",\"mainEntityOfPage\":{\"@id\":\"https:\\\/\\\/geneveinfos.ch\\\/index.php\\\/2026\\\/08\\\/31\\\/pourquoi-valerie-dittli-quitte-t-elle-le-centre\\\/#webpage\"},\"isPartOf\":{\"@id\":\"https:\\\/\\\/geneveinfos.ch\\\/index.php\\\/2026\\\/08\\\/31\\\/pourquoi-valerie-dittli-quitte-t-elle-le-centre\\\/#webpage\"},\"articleSection\":\"tech-innovation\"},{\"@type\":\"BreadcrumbList\",\"@id\":\"https:\\\/\\\/geneveinfos.ch\\\/index.php\\\/2026\\\/08\\\/31\\\/pourquoi-valerie-dittli-quitte-t-elle-le-centre\\\/#breadcrumblist\",\"itemListElement\":[{\"@type\":\"ListItem\",\"@id\":\"https:\\\/\\\/geneveinfos.ch#listItem\",\"position\":1,\"name\":\"Home\",\"item\":\"https:\\\/\\\/geneveinfos.ch\",\"nextItem\":{\"@type\":\"ListItem\",\"@id\":\"https:\\\/\\\/geneveinfos.ch\\\/index.php\\\/category\\\/tech-innovation\\\/#listItem\",\"name\":\"tech-innovation\"}},{\"@type\":\"ListItem\",\"@id\":\"https:\\\/\\\/geneveinfos.ch\\\/index.php\\\/category\\\/tech-innovation\\\/#listItem\",\"position\":2,\"name\":\"tech-innovation\",\"item\":\"https:\\\/\\\/geneveinfos.ch\\\/index.php\\\/category\\\/tech-innovation\\\/\",\"nextItem\":{\"@type\":\"ListItem\",\"@id\":\"https:\\\/\\\/geneveinfos.ch\\\/index.php\\\/2026\\\/08\\\/31\\\/pourquoi-valerie-dittli-quitte-t-elle-le-centre\\\/#listItem\",\"name\":\"Pourquoi Val\\u00e9rie Dittli quitte-t-elle le Centre ?\"},\"previousItem\":{\"@type\":\"ListItem\",\"@id\":\"https:\\\/\\\/geneveinfos.ch#listItem\",\"name\":\"Home\"}},{\"@type\":\"ListItem\",\"@id\":\"https:\\\/\\\/geneveinfos.ch\\\/index.php\\\/2026\\\/08\\\/31\\\/pourquoi-valerie-dittli-quitte-t-elle-le-centre\\\/#listItem\",\"position\":3,\"name\":\"Pourquoi Val\\u00e9rie Dittli quitte-t-elle le Centre ?\",\"previousItem\":{\"@type\":\"ListItem\",\"@id\":\"https:\\\/\\\/geneveinfos.ch\\\/index.php\\\/category\\\/tech-innovation\\\/#listItem\",\"name\":\"tech-innovation\"}}]},{\"@type\":\"Person\",\"@id\":\"https:\\\/\\\/geneveinfos.ch\\\/#person\",\"name\":\"Morgane RAVOUNA\",\"image\":{\"@type\":\"ImageObject\",\"@id\":\"https:\\\/\\\/geneveinfos.ch\\\/index.php\\\/2026\\\/08\\\/31\\\/pourquoi-valerie-dittli-quitte-t-elle-le-centre\\\/#personImage\",\"url\":\"https:\\\/\\\/secure.gravatar.com\\\/avatar\\\/bd1e2e1e7cabf66754a14e2181bc3f67cd3c2b9403841e078411545fc405115b?s=96&d=mm&r=g\",\"width\":96,\"height\":96,\"caption\":\"Morgane RAVOUNA\"}},{\"@type\":\"Person\",\"@id\":\"https:\\\/\\\/geneveinfos.ch\\\/index.php\\\/author\\\/admin1380\\\/#author\",\"url\":\"https:\\\/\\\/geneveinfos.ch\\\/index.php\\\/author\\\/admin1380\\\/\",\"name\":\"Morgane RAVOUNA\",\"image\":{\"@type\":\"ImageObject\",\"@id\":\"https:\\\/\\\/geneveinfos.ch\\\/index.php\\\/2026\\\/08\\\/31\\\/pourquoi-valerie-dittli-quitte-t-elle-le-centre\\\/#authorImage\",\"url\":\"https:\\\/\\\/secure.gravatar.com\\\/avatar\\\/bd1e2e1e7cabf66754a14e2181bc3f67cd3c2b9403841e078411545fc405115b?s=96&d=mm&r=g\",\"width\":96,\"height\":96,\"caption\":\"Morgane RAVOUNA\"}},{\"@type\":\"WebPage\",\"@id\":\"https:\\\/\\\/geneveinfos.ch\\\/index.php\\\/2026\\\/08\\\/31\\\/pourquoi-valerie-dittli-quitte-t-elle-le-centre\\\/#webpage\",\"url\":\"https:\\\/\\\/geneveinfos.ch\\\/index.php\\\/2026\\\/08\\\/31\\\/pourquoi-valerie-dittli-quitte-t-elle-le-centre\\\/\",\"name\":\"Pourquoi Val\\u00e9rie Dittli quitte-t-elle le Centre ? - Gen\\u00e8ve Infos\",\"description\":\"Val\\u00e9rie Dittli quitte le parti du Centre. Mise en cause par plusieurs rapports, l\\u00e2ch\\u00e9e par le comit\\u00e9 cantonal et le comit\\u00e9 de pr\\u00e9sidence du Centre Vaud et vis\\u00e9e par deux enqu\\u00eates p\\u00e9nales dans lesquelles elle est pr\\u00e9sum\\u00e9e innocente, la conseill\\u00e8re d\\u2019Etat du canton de Vaud cr\\u00e9e un nouveau mouvement politique. Dans le podcast Le Point\",\"inLanguage\":\"fr-FR\",\"isPartOf\":{\"@id\":\"https:\\\/\\\/geneveinfos.ch\\\/#website\"},\"breadcrumb\":{\"@id\":\"https:\\\/\\\/geneveinfos.ch\\\/index.php\\\/2026\\\/08\\\/31\\\/pourquoi-valerie-dittli-quitte-t-elle-le-centre\\\/#breadcrumblist\"},\"author\":{\"@id\":\"https:\\\/\\\/geneveinfos.ch\\\/index.php\\\/author\\\/admin1380\\\/#author\"},\"creator\":{\"@id\":\"https:\\\/\\\/geneveinfos.ch\\\/index.php\\\/author\\\/admin1380\\\/#author\"},\"datePublished\":\"2026-08-31T22:44:59+02:00\",\"dateModified\":\"2026-08-31T22:44:59+02:00\"},{\"@type\":\"WebSite\",\"@id\":\"https:\\\/\\\/geneveinfos.ch\\\/#website\",\"url\":\"https:\\\/\\\/geneveinfos.ch\\\/\",\"name\":\"Gen\\u00e8ve Infos\",\"description\":\"Le site d'informations de la r\\u00e9gion genevoise\",\"inLanguage\":\"fr-FR\",\"publisher\":{\"@id\":\"https:\\\/\\\/geneveinfos.ch\\\/#person\"}}]}\n\t\t<\/script>\n\t\t<!-- All in One SEO -->\n\n","aioseo_head_json":{"title":"Pourquoi Val\u00e9rie Dittli quitte-t-elle le Centre ? - Gen\u00e8ve Infos","description":"Val\u00e9rie Dittli quitte le parti du Centre. Mise en cause par plusieurs rapports, l\u00e2ch\u00e9e par le comit\u00e9 cantonal et le comit\u00e9 de pr\u00e9sidence du Centre Vaud et vis\u00e9e par deux enqu\u00eates p\u00e9nales dans lesquelles elle est pr\u00e9sum\u00e9e innocente, la conseill\u00e8re d\u2019Etat du canton de Vaud cr\u00e9e un nouveau mouvement politique. Dans le podcast Le Point","canonical_url":"https:\/\/geneveinfos.ch\/index.php\/2026\/08\/31\/pourquoi-valerie-dittli-quitte-t-elle-le-centre\/","robots":"max-image-preview:large","keywords":"","webmasterTools":{"miscellaneous":""},"schema":{"@context":"https:\/\/schema.org","@graph":[{"@type":"BlogPosting","@id":"https:\/\/geneveinfos.ch\/index.php\/2026\/08\/31\/pourquoi-valerie-dittli-quitte-t-elle-le-centre\/#blogposting","name":"Pourquoi Val\u00e9rie Dittli quitte-t-elle le Centre ? - Gen\u00e8ve Infos","headline":"Pourquoi Val\u00e9rie Dittli quitte-t-elle le Centre ?","author":{"@id":"https:\/\/geneveinfos.ch\/index.php\/author\/admin1380\/#author"},"publisher":{"@id":"https:\/\/geneveinfos.ch\/#person"},"image":{"@type":"ImageObject","url":"https:\/\/img.rts.ch\/articles\/2026\/image\/c397b2bd-29343422.image?w=320&amp;h=180","@id":"https:\/\/geneveinfos.ch\/index.php\/2026\/08\/31\/pourquoi-valerie-dittli-quitte-t-elle-le-centre\/#articleImage"},"datePublished":"2026-08-31T22:44:59+02:00","dateModified":"2026-08-31T22:44:59+02:00","inLanguage":"fr-FR","mainEntityOfPage":{"@id":"https:\/\/geneveinfos.ch\/index.php\/2026\/08\/31\/pourquoi-valerie-dittli-quitte-t-elle-le-centre\/#webpage"},"isPartOf":{"@id":"https:\/\/geneveinfos.ch\/index.php\/2026\/08\/31\/pourquoi-valerie-dittli-quitte-t-elle-le-centre\/#webpage"},"articleSection":"tech-innovation"},{"@type":"BreadcrumbList","@id":"https:\/\/geneveinfos.ch\/index.php\/2026\/08\/31\/pourquoi-valerie-dittli-quitte-t-elle-le-centre\/#breadcrumblist","itemListElement":[{"@type":"ListItem","@id":"https:\/\/geneveinfos.ch#listItem","position":1,"name":"Home","item":"https:\/\/geneveinfos.ch","nextItem":{"@type":"ListItem","@id":"https:\/\/geneveinfos.ch\/index.php\/category\/tech-innovation\/#listItem","name":"tech-innovation"}},{"@type":"ListItem","@id":"https:\/\/geneveinfos.ch\/index.php\/category\/tech-innovation\/#listItem","position":2,"name":"tech-innovation","item":"https:\/\/geneveinfos.ch\/index.php\/category\/tech-innovation\/","nextItem":{"@type":"ListItem","@id":"https:\/\/geneveinfos.ch\/index.php\/2026\/08\/31\/pourquoi-valerie-dittli-quitte-t-elle-le-centre\/#listItem","name":"Pourquoi Val\u00e9rie Dittli quitte-t-elle le Centre ?"},"previousItem":{"@type":"ListItem","@id":"https:\/\/geneveinfos.ch#listItem","name":"Home"}},{"@type":"ListItem","@id":"https:\/\/geneveinfos.ch\/index.php\/2026\/08\/31\/pourquoi-valerie-dittli-quitte-t-elle-le-centre\/#listItem","position":3,"name":"Pourquoi Val\u00e9rie Dittli quitte-t-elle le Centre ?","previousItem":{"@type":"ListItem","@id":"https:\/\/geneveinfos.ch\/index.php\/category\/tech-innovation\/#listItem","name":"tech-innovation"}}]},{"@type":"Person","@id":"https:\/\/geneveinfos.ch\/#person","name":"Morgane RAVOUNA","image":{"@type":"ImageObject","@id":"https:\/\/geneveinfos.ch\/index.php\/2026\/08\/31\/pourquoi-valerie-dittli-quitte-t-elle-le-centre\/#personImage","url":"https:\/\/secure.gravatar.com\/avatar\/bd1e2e1e7cabf66754a14e2181bc3f67cd3c2b9403841e078411545fc405115b?s=96&d=mm&r=g","width":96,"height":96,"caption":"Morgane RAVOUNA"}},{"@type":"Person","@id":"https:\/\/geneveinfos.ch\/index.php\/author\/admin1380\/#author","url":"https:\/\/geneveinfos.ch\/index.php\/author\/admin1380\/","name":"Morgane RAVOUNA","image":{"@type":"ImageObject","@id":"https:\/\/geneveinfos.ch\/index.php\/2026\/08\/31\/pourquoi-valerie-dittli-quitte-t-elle-le-centre\/#authorImage","url":"https:\/\/secure.gravatar.com\/avatar\/bd1e2e1e7cabf66754a14e2181bc3f67cd3c2b9403841e078411545fc405115b?s=96&d=mm&r=g","width":96,"height":96,"caption":"Morgane RAVOUNA"}},{"@type":"WebPage","@id":"https:\/\/geneveinfos.ch\/index.php\/2026\/08\/31\/pourquoi-valerie-dittli-quitte-t-elle-le-centre\/#webpage","url":"https:\/\/geneveinfos.ch\/index.php\/2026\/08\/31\/pourquoi-valerie-dittli-quitte-t-elle-le-centre\/","name":"Pourquoi Val\u00e9rie Dittli quitte-t-elle le Centre ? - Gen\u00e8ve Infos","description":"Val\u00e9rie Dittli quitte le parti du Centre. Mise en cause par plusieurs rapports, l\u00e2ch\u00e9e par le comit\u00e9 cantonal et le comit\u00e9 de pr\u00e9sidence du Centre Vaud et vis\u00e9e par deux enqu\u00eates p\u00e9nales dans lesquelles elle est pr\u00e9sum\u00e9e innocente, la conseill\u00e8re d\u2019Etat du canton de Vaud cr\u00e9e un nouveau mouvement politique. Dans le podcast Le Point","inLanguage":"fr-FR","isPartOf":{"@id":"https:\/\/geneveinfos.ch\/#website"},"breadcrumb":{"@id":"https:\/\/geneveinfos.ch\/index.php\/2026\/08\/31\/pourquoi-valerie-dittli-quitte-t-elle-le-centre\/#breadcrumblist"},"author":{"@id":"https:\/\/geneveinfos.ch\/index.php\/author\/admin1380\/#author"},"creator":{"@id":"https:\/\/geneveinfos.ch\/index.php\/author\/admin1380\/#author"},"datePublished":"2026-08-31T22:44:59+02:00","dateModified":"2026-08-31T22:44:59+02:00"},{"@type":"WebSite","@id":"https:\/\/geneveinfos.ch\/#website","url":"https:\/\/geneveinfos.ch\/","name":"Gen\u00e8ve Infos","description":"Le site d'informations de la r\u00e9gion genevoise","inLanguage":"fr-FR","publisher":{"@id":"https:\/\/geneveinfos.ch\/#person"}}]},"og:locale":"fr_FR","og:site_name":"Gen\u00e8ve Infos - Le site d'informations de la r\u00e9gion genevoise","og:type":"article","og:title":"Pourquoi Val\u00e9rie Dittli quitte-t-elle le Centre ? - Gen\u00e8ve Infos","og:description":"Val\u00e9rie Dittli quitte le parti du Centre. Mise en cause par plusieurs rapports, l\u00e2ch\u00e9e par le comit\u00e9 cantonal et le comit\u00e9 de pr\u00e9sidence du Centre Vaud et vis\u00e9e par deux enqu\u00eates p\u00e9nales dans lesquelles elle est pr\u00e9sum\u00e9e innocente, la conseill\u00e8re d\u2019Etat du canton de Vaud cr\u00e9e un nouveau mouvement politique. Dans le podcast Le Point","og:url":"https:\/\/geneveinfos.ch\/index.php\/2026\/08\/31\/pourquoi-valerie-dittli-quitte-t-elle-le-centre\/","og:image":"https:\/\/geneveinfos.ch\/wp-content\/uploads\/2025\/09\/Capture-decran-2025-09-18-a-16.52.08.png","og:image:secure_url":"https:\/\/geneveinfos.ch\/wp-content\/uploads\/2025\/09\/Capture-decran-2025-09-18-a-16.52.08.png","og:image:width":513,"og:image:height":457,"article:published_time":"2026-08-31T20:44:59+00:00","article:modified_time":"2026-08-31T20:44:59+00:00","article:publisher":"https:\/\/www.facebook.com\/profile.php?id=61576016541234","twitter:card":"summary_large_image","twitter:title":"Pourquoi Val\u00e9rie Dittli quitte-t-elle le Centre ? - Gen\u00e8ve Infos","twitter:description":"Val\u00e9rie Dittli quitte le parti du Centre. Mise en cause par plusieurs rapports, l\u00e2ch\u00e9e par le comit\u00e9 cantonal et le comit\u00e9 de pr\u00e9sidence du Centre Vaud et vis\u00e9e par deux enqu\u00eates p\u00e9nales dans lesquelles elle est pr\u00e9sum\u00e9e innocente, la conseill\u00e8re d\u2019Etat du canton de Vaud cr\u00e9e un nouveau mouvement politique. Dans le podcast Le Point","twitter:image":"https:\/\/geneveinfos.ch\/wp-content\/uploads\/2025\/09\/Capture-decran-2025-09-18-a-16.52.08.png"},"aioseo_meta_data":{"post_id":"206902","title":null,"description":null,"keywords":null,"keyphrases":null,"primary_term":null,"canonical_url":null,"og_title":null,"og_description":null,"og_object_type":"default","og_image_type":"default","og_image_url":null,"og_image_width":null,"og_image_height":null,"og_image_custom_url":null,"og_image_custom_fields":null,"og_video":null,"og_custom_url":null,"og_article_section":null,"og_article_tags":null,"twitter_use_og":false,"twitter_card":"default","twitter_image_type":"default","twitter_image_url":null,"twitter_image_custom_url":null,"twitter_image_custom_fields":null,"twitter_title":null,"twitter_description":null,"schema":{"blockGraphs":[],"customGraphs":[],"default":{"data":{"Article":[],"Course":[],"Dataset":[],"FAQPage":[],"Movie":[],"Person":[],"Product":[],"ProductReview":[],"Car":[],"Recipe":[],"Service":[],"SoftwareApplication":[],"WebPage":[]},"graphName":"","isEnabled":true},"graphs":[]},"schema_type":"default","schema_type_options":null,"pillar_content":false,"robots_default":true,"robots_noindex":false,"robots_noarchive":false,"robots_nosnippet":false,"robots_nofollow":false,"robots_noimageindex":false,"robots_noodp":false,"robots_notranslate":false,"robots_max_snippet":null,"robots_max_videopreview":null,"robots_max_imagepreview":"large","priority":null,"frequency":null,"local_seo":null,"breadcrumb_settings":null,"limit_modified_date":false,"ai":null,"created":"2026-08-31 20:54:12","updated":"2026-08-31 20:54:12","seo_analyzer_scan_date":null,"focus_keyword":null,"additional_keywords":null,"truseo_locale":null},"aioseo_breadcrumb":"<div class=\"aioseo-breadcrumbs\"><span class=\"aioseo-breadcrumb\">\n\t\t\t<a href=\"https:\/\/geneveinfos.ch\" title=\"Home\">Home<\/a>\n\t\t<\/span><span class=\"aioseo-breadcrumb-separator\">&raquo;<\/span><span class=\"aioseo-breadcrumb\">\n\t\t\t<a href=\"https:\/\/geneveinfos.ch\/index.php\/category\/tech-innovation\/\" title=\"tech-innovation\">tech-innovation<\/a>\n\t\t<\/span><span class=\"aioseo-breadcrumb-separator\">&raquo;<\/span><span class=\"aioseo-breadcrumb\">\n\t\t\tPourquoi Val\u00e9rie Dittli quitte-t-elle le Centre ?\n\t\t<\/span><\/div>","aioseo_breadcrumb_json":[{"label":"Home","link":"https:\/\/geneveinfos.ch"},{"label":"tech-innovation","link":"https:\/\/geneveinfos.ch\/index.php\/category\/tech-innovation\/"},{"label":"Pourquoi Val\u00e9rie Dittli quitte-t-elle le Centre ?","link":"https:\/\/geneveinfos.ch\/index.php\/2026\/08\/31\/pourquoi-valerie-dittli-quitte-t-elle-le-centre\/"}],"_links":{"self":[{"href":"https:\/\/geneveinfos.ch\/index.php\/wp-json\/wp\/v2\/posts\/206902","targetHints":{"allow":["GET"]}}],"collection":[{"href":"https:\/\/geneveinfos.ch\/index.php\/wp-json\/wp\/v2\/posts"}],"about":[{"href":"https:\/\/geneveinfos.ch\/index.php\/wp-json\/wp\/v2\/types\/post"}],"author":[{"embeddable":true,"href":"https:\/\/geneveinfos.ch\/index.php\/wp-json\/wp\/v2\/users\/1"}],"replies":[{"embeddable":true,"href":"https:\/\/geneveinfos.ch\/index.php\/wp-json\/wp\/v2\/comments?post=206902"}],"version-history":[{"count":0,"href":"https:\/\/geneveinfos.ch\/index.php\/wp-json\/wp\/v2\/posts\/206902\/revisions"}],"wp:attachment":[{"href":"https:\/\/geneveinfos.ch\/index.php\/wp-json\/wp\/v2\/media?parent=206902"}],"wp:term":[{"taxonomy":"category","embeddable":true,"href":"https:\/\/geneveinfos.ch\/index.php\/wp-json\/wp\/v2\/categories?post=206902"},{"taxonomy":"post_tag","embeddable":true,"href":"https:\/\/geneveinfos.ch\/index.php\/wp-json\/wp\/v2\/tags?post=206902"}],"curies":[{"name":"wp","href":"https:\/\/api.w.org\/{rel}","templated":true}]}}