{"id":206903,"date":"2026-08-31T21:53:26","date_gmt":"2026-08-31T19:53:26","guid":{"rendered":"https:\/\/geneveinfos.ch\/index.php\/2026\/08\/31\/des-analyses-de-la-pollution-effectuees-apres-lincendie-dun-site-de-recyclage-a-ecublens\/"},"modified":"2026-08-31T21:53:26","modified_gmt":"2026-08-31T19:53:26","slug":"des-analyses-de-la-pollution-effectuees-apres-lincendie-dun-site-de-recyclage-a-ecublens","status":"publish","type":"post","link":"https:\/\/geneveinfos.ch\/index.php\/2026\/08\/31\/des-analyses-de-la-pollution-effectuees-apres-lincendie-dun-site-de-recyclage-a-ecublens\/","title":{"rendered":"Des analyses de la pollution effectu\u00e9es apr\u00e8s l&rsquo;incendie d&rsquo;un site de recyclage \u00e0 Ecublens"},"content":{"rendered":"<p>This <a href=\"https:\/\/www.rts.ch\/info\/regions\/vaud\/2026\/article\/ecublens-la-population-s-interroge-apres-l-incendie-du-site-de-recyclage-29343593.html?rts_source=rss_t\" target=\"_blank\">post<\/a> was originally published on <a href=\"https:\/\/www.rts.ch\/info\/toute-info\/?format=rss\/news\" target=\"_blank\">this site<\/a>.<\/p><div>\n<div><a href=\"https:\/\/www.rts.ch\/info\/regions\/vaud\/2026\/article\/ecublens-la-population-s-interroge-apres-l-incendie-du-site-de-recyclage-29343593.html?rts_source=rss_t\"><img decoding=\"async\" src=\"https:\/\/img.rts.ch\/articles\/2026\/image\/5cb6e039-29343634.image?w=320&amp;h=180\"><\/a>Trois jours apr&egrave;s l&rsquo;incendie dans une entreprise de recyclage &agrave; Ecublens, les principales mesures de pr&eacute;cautions sont lev&eacute;es et des analyses de la pollution sont en cours. Mais la population s&rsquo;interroge sur les cons&eacute;quences sanitaires et se demande quelles mesures vont &ecirc;tre prises pour &eacute;viter un autre feu.<\/div>\n<\/div>\n","protected":false},"excerpt":{"rendered":"<p>This post was originally published on this site. Trois jours apr&egrave;s l&rsquo;incendie dans une entreprise de recyclage &agrave; Ecublens, les principales mesures de pr&eacute;cautions sont lev&eacute;es et des analyses de la pollution sont en cours. Mais la population s&rsquo;interroge sur les cons&eacute;quences sanitaires et se demande quelles mesures vont &ecirc;tre prises pour &eacute;viter un autre [&hellip;]<\/p>\n","protected":false},"author":1,"featured_media":0,"comment_status":"open","ping_status":"open","sticky":false,"template":"","format":"standard","meta":{"_monsterinsights_skip_tracking":false,"_uf_show_specific_survey":0,"_uf_disable_surveys":false,"footnotes":""},"categories":[100],"tags":[],"class_list":["post-206903","post","type-post","status-publish","format-standard","hentry","category-tech-innovation"],"aioseo_notices":[],"aioseo_head":"\n\t\t<!-- All in One SEO 5.0.1.1 - aioseo.com -->\n\t<meta name=\"description\" content=\"Trois jours apr\u00e8s l&#039;incendie dans une entreprise de recyclage \u00e0 Ecublens, les principales mesures de pr\u00e9cautions sont lev\u00e9es et des analyses de la pollution sont en cours. Mais la population s&#039;interroge sur les cons\u00e9quences sanitaires et se demande quelles mesures vont \u00eatre prises pour \u00e9viter un autre feu.\" \/>\n\t<meta name=\"robots\" content=\"max-image-preview:large\" \/>\n\t<meta name=\"author\" content=\"Morgane RAVOUNA\"\/>\n\t<link rel=\"canonical\" href=\"https:\/\/geneveinfos.ch\/index.php\/2026\/08\/31\/des-analyses-de-la-pollution-effectuees-apres-lincendie-dun-site-de-recyclage-a-ecublens\/\" \/>\n\t<meta name=\"generator\" content=\"All in One SEO (AIOSEO) 5.0.1.1\" \/>\n\t\t<meta property=\"og:locale\" content=\"fr_FR\" \/>\n\t\t<meta property=\"og:site_name\" content=\"Gen\u00e8ve Infos - Le site d&#039;informations de la r\u00e9gion genevoise\" \/>\n\t\t<meta property=\"og:type\" content=\"article\" \/>\n\t\t<meta property=\"og:title\" content=\"Des analyses de la pollution effectu\u00e9es apr\u00e8s l\u2019incendie d\u2019un site de recyclage \u00e0 Ecublens - Gen\u00e8ve Infos\" \/>\n\t\t<meta property=\"og:description\" content=\"Trois jours apr\u00e8s l&#039;incendie dans une entreprise de recyclage \u00e0 Ecublens, les principales mesures de pr\u00e9cautions sont lev\u00e9es et des analyses de la pollution sont en cours. Mais la population s&#039;interroge sur les cons\u00e9quences sanitaires et se demande quelles mesures vont \u00eatre prises pour \u00e9viter un autre feu.\" \/>\n\t\t<meta property=\"og:url\" content=\"https:\/\/geneveinfos.ch\/index.php\/2026\/08\/31\/des-analyses-de-la-pollution-effectuees-apres-lincendie-dun-site-de-recyclage-a-ecublens\/\" \/>\n\t\t<meta property=\"og:image\" content=\"https:\/\/geneveinfos.ch\/wp-content\/uploads\/2025\/09\/Capture-decran-2025-09-18-a-16.52.08.png\" \/>\n\t\t<meta property=\"og:image:secure_url\" content=\"https:\/\/geneveinfos.ch\/wp-content\/uploads\/2025\/09\/Capture-decran-2025-09-18-a-16.52.08.png\" \/>\n\t\t<meta property=\"og:image:width\" content=\"513\" \/>\n\t\t<meta property=\"og:image:height\" content=\"457\" \/>\n\t\t<meta property=\"article:published_time\" content=\"2026-08-31T19:53:26+00:00\" \/>\n\t\t<meta property=\"article:modified_time\" content=\"2026-08-31T19:53:26+00:00\" \/>\n\t\t<meta property=\"article:publisher\" content=\"https:\/\/www.facebook.com\/profile.php?id=61576016541234\" \/>\n\t\t<meta name=\"twitter:card\" content=\"summary_large_image\" \/>\n\t\t<meta name=\"twitter:title\" content=\"Des analyses de la pollution effectu\u00e9es apr\u00e8s l\u2019incendie d\u2019un site de recyclage \u00e0 Ecublens - Gen\u00e8ve Infos\" \/>\n\t\t<meta name=\"twitter:description\" content=\"Trois jours apr\u00e8s l&#039;incendie dans une entreprise de recyclage \u00e0 Ecublens, les principales mesures de pr\u00e9cautions sont lev\u00e9es et des analyses de la pollution sont en cours. Mais la population s&#039;interroge sur les cons\u00e9quences sanitaires et se demande quelles mesures vont \u00eatre prises pour \u00e9viter un autre feu.\" \/>\n\t\t<meta name=\"twitter:image\" content=\"https:\/\/geneveinfos.ch\/wp-content\/uploads\/2025\/09\/Capture-decran-2025-09-18-a-16.52.08.png\" \/>\n\t\t<script type=\"application\/ld+json\" class=\"aioseo-schema\">\n\t\t\t{\"@context\":\"https:\\\/\\\/schema.org\",\"@graph\":[{\"@type\":\"BlogPosting\",\"@id\":\"https:\\\/\\\/geneveinfos.ch\\\/index.php\\\/2026\\\/08\\\/31\\\/des-analyses-de-la-pollution-effectuees-apres-lincendie-dun-site-de-recyclage-a-ecublens\\\/#blogposting\",\"name\":\"Des analyses de la pollution effectu\\u00e9es apr\\u00e8s l\\u2019incendie d\\u2019un site de recyclage \\u00e0 Ecublens - Gen\\u00e8ve Infos\",\"headline\":\"Des analyses de la pollution effectu\\u00e9es apr\\u00e8s l&rsquo;incendie d&rsquo;un site de recyclage \\u00e0 Ecublens\",\"author\":{\"@id\":\"https:\\\/\\\/geneveinfos.ch\\\/index.php\\\/author\\\/admin1380\\\/#author\"},\"publisher\":{\"@id\":\"https:\\\/\\\/geneveinfos.ch\\\/#person\"},\"image\":{\"@type\":\"ImageObject\",\"url\":\"https:\\\/\\\/img.rts.ch\\\/articles\\\/2026\\\/image\\\/5cb6e039-29343634.image?w=320&amp;h=180\",\"@id\":\"https:\\\/\\\/geneveinfos.ch\\\/index.php\\\/2026\\\/08\\\/31\\\/des-analyses-de-la-pollution-effectuees-apres-lincendie-dun-site-de-recyclage-a-ecublens\\\/#articleImage\"},\"datePublished\":\"2026-08-31T21:53:26+02:00\",\"dateModified\":\"2026-08-31T21:53:26+02:00\",\"inLanguage\":\"fr-FR\",\"mainEntityOfPage\":{\"@id\":\"https:\\\/\\\/geneveinfos.ch\\\/index.php\\\/2026\\\/08\\\/31\\\/des-analyses-de-la-pollution-effectuees-apres-lincendie-dun-site-de-recyclage-a-ecublens\\\/#webpage\"},\"isPartOf\":{\"@id\":\"https:\\\/\\\/geneveinfos.ch\\\/index.php\\\/2026\\\/08\\\/31\\\/des-analyses-de-la-pollution-effectuees-apres-lincendie-dun-site-de-recyclage-a-ecublens\\\/#webpage\"},\"articleSection\":\"tech-innovation\"},{\"@type\":\"BreadcrumbList\",\"@id\":\"https:\\\/\\\/geneveinfos.ch\\\/index.php\\\/2026\\\/08\\\/31\\\/des-analyses-de-la-pollution-effectuees-apres-lincendie-dun-site-de-recyclage-a-ecublens\\\/#breadcrumblist\",\"itemListElement\":[{\"@type\":\"ListItem\",\"@id\":\"https:\\\/\\\/geneveinfos.ch#listItem\",\"position\":1,\"name\":\"Home\",\"item\":\"https:\\\/\\\/geneveinfos.ch\",\"nextItem\":{\"@type\":\"ListItem\",\"@id\":\"https:\\\/\\\/geneveinfos.ch\\\/index.php\\\/category\\\/tech-innovation\\\/#listItem\",\"name\":\"tech-innovation\"}},{\"@type\":\"ListItem\",\"@id\":\"https:\\\/\\\/geneveinfos.ch\\\/index.php\\\/category\\\/tech-innovation\\\/#listItem\",\"position\":2,\"name\":\"tech-innovation\",\"item\":\"https:\\\/\\\/geneveinfos.ch\\\/index.php\\\/category\\\/tech-innovation\\\/\",\"nextItem\":{\"@type\":\"ListItem\",\"@id\":\"https:\\\/\\\/geneveinfos.ch\\\/index.php\\\/2026\\\/08\\\/31\\\/des-analyses-de-la-pollution-effectuees-apres-lincendie-dun-site-de-recyclage-a-ecublens\\\/#listItem\",\"name\":\"Des analyses de la pollution effectu\\u00e9es apr\\u00e8s l&rsquo;incendie d&rsquo;un site de recyclage \\u00e0 Ecublens\"},\"previousItem\":{\"@type\":\"ListItem\",\"@id\":\"https:\\\/\\\/geneveinfos.ch#listItem\",\"name\":\"Home\"}},{\"@type\":\"ListItem\",\"@id\":\"https:\\\/\\\/geneveinfos.ch\\\/index.php\\\/2026\\\/08\\\/31\\\/des-analyses-de-la-pollution-effectuees-apres-lincendie-dun-site-de-recyclage-a-ecublens\\\/#listItem\",\"position\":3,\"name\":\"Des analyses de la pollution effectu\\u00e9es apr\\u00e8s l&rsquo;incendie d&rsquo;un site de recyclage \\u00e0 Ecublens\",\"previousItem\":{\"@type\":\"ListItem\",\"@id\":\"https:\\\/\\\/geneveinfos.ch\\\/index.php\\\/category\\\/tech-innovation\\\/#listItem\",\"name\":\"tech-innovation\"}}]},{\"@type\":\"Person\",\"@id\":\"https:\\\/\\\/geneveinfos.ch\\\/#person\",\"name\":\"Morgane RAVOUNA\",\"image\":{\"@type\":\"ImageObject\",\"@id\":\"https:\\\/\\\/geneveinfos.ch\\\/index.php\\\/2026\\\/08\\\/31\\\/des-analyses-de-la-pollution-effectuees-apres-lincendie-dun-site-de-recyclage-a-ecublens\\\/#personImage\",\"url\":\"https:\\\/\\\/secure.gravatar.com\\\/avatar\\\/bd1e2e1e7cabf66754a14e2181bc3f67cd3c2b9403841e078411545fc405115b?s=96&d=mm&r=g\",\"width\":96,\"height\":96,\"caption\":\"Morgane RAVOUNA\"}},{\"@type\":\"Person\",\"@id\":\"https:\\\/\\\/geneveinfos.ch\\\/index.php\\\/author\\\/admin1380\\\/#author\",\"url\":\"https:\\\/\\\/geneveinfos.ch\\\/index.php\\\/author\\\/admin1380\\\/\",\"name\":\"Morgane RAVOUNA\",\"image\":{\"@type\":\"ImageObject\",\"@id\":\"https:\\\/\\\/geneveinfos.ch\\\/index.php\\\/2026\\\/08\\\/31\\\/des-analyses-de-la-pollution-effectuees-apres-lincendie-dun-site-de-recyclage-a-ecublens\\\/#authorImage\",\"url\":\"https:\\\/\\\/secure.gravatar.com\\\/avatar\\\/bd1e2e1e7cabf66754a14e2181bc3f67cd3c2b9403841e078411545fc405115b?s=96&d=mm&r=g\",\"width\":96,\"height\":96,\"caption\":\"Morgane RAVOUNA\"}},{\"@type\":\"WebPage\",\"@id\":\"https:\\\/\\\/geneveinfos.ch\\\/index.php\\\/2026\\\/08\\\/31\\\/des-analyses-de-la-pollution-effectuees-apres-lincendie-dun-site-de-recyclage-a-ecublens\\\/#webpage\",\"url\":\"https:\\\/\\\/geneveinfos.ch\\\/index.php\\\/2026\\\/08\\\/31\\\/des-analyses-de-la-pollution-effectuees-apres-lincendie-dun-site-de-recyclage-a-ecublens\\\/\",\"name\":\"Des analyses de la pollution effectu\\u00e9es apr\\u00e8s l\\u2019incendie d\\u2019un site de recyclage \\u00e0 Ecublens - Gen\\u00e8ve Infos\",\"description\":\"Trois jours apr\\u00e8s l'incendie dans une entreprise de recyclage \\u00e0 Ecublens, les principales mesures de pr\\u00e9cautions sont lev\\u00e9es et des analyses de la pollution sont en cours. Mais la population s'interroge sur les cons\\u00e9quences sanitaires et se demande quelles mesures vont \\u00eatre prises pour \\u00e9viter un autre feu.\",\"inLanguage\":\"fr-FR\",\"isPartOf\":{\"@id\":\"https:\\\/\\\/geneveinfos.ch\\\/#website\"},\"breadcrumb\":{\"@id\":\"https:\\\/\\\/geneveinfos.ch\\\/index.php\\\/2026\\\/08\\\/31\\\/des-analyses-de-la-pollution-effectuees-apres-lincendie-dun-site-de-recyclage-a-ecublens\\\/#breadcrumblist\"},\"author\":{\"@id\":\"https:\\\/\\\/geneveinfos.ch\\\/index.php\\\/author\\\/admin1380\\\/#author\"},\"creator\":{\"@id\":\"https:\\\/\\\/geneveinfos.ch\\\/index.php\\\/author\\\/admin1380\\\/#author\"},\"datePublished\":\"2026-08-31T21:53:26+02:00\",\"dateModified\":\"2026-08-31T21:53:26+02:00\"},{\"@type\":\"WebSite\",\"@id\":\"https:\\\/\\\/geneveinfos.ch\\\/#website\",\"url\":\"https:\\\/\\\/geneveinfos.ch\\\/\",\"name\":\"Gen\\u00e8ve Infos\",\"description\":\"Le site d'informations de la r\\u00e9gion genevoise\",\"inLanguage\":\"fr-FR\",\"publisher\":{\"@id\":\"https:\\\/\\\/geneveinfos.ch\\\/#person\"}}]}\n\t\t<\/script>\n\t\t<!-- All in One SEO -->\n\n","aioseo_head_json":{"title":"Des analyses de la pollution effectu\u00e9es apr\u00e8s l\u2019incendie d\u2019un site de recyclage \u00e0 Ecublens - Gen\u00e8ve Infos","description":"Trois jours apr\u00e8s l'incendie dans une entreprise de recyclage \u00e0 Ecublens, les principales mesures de pr\u00e9cautions sont lev\u00e9es et des analyses de la pollution sont en cours. Mais la population s'interroge sur les cons\u00e9quences sanitaires et se demande quelles mesures vont \u00eatre prises pour \u00e9viter un autre feu.","canonical_url":"https:\/\/geneveinfos.ch\/index.php\/2026\/08\/31\/des-analyses-de-la-pollution-effectuees-apres-lincendie-dun-site-de-recyclage-a-ecublens\/","robots":"max-image-preview:large","keywords":"","webmasterTools":{"miscellaneous":""},"schema":{"@context":"https:\/\/schema.org","@graph":[{"@type":"BlogPosting","@id":"https:\/\/geneveinfos.ch\/index.php\/2026\/08\/31\/des-analyses-de-la-pollution-effectuees-apres-lincendie-dun-site-de-recyclage-a-ecublens\/#blogposting","name":"Des analyses de la pollution effectu\u00e9es apr\u00e8s l\u2019incendie d\u2019un site de recyclage \u00e0 Ecublens - Gen\u00e8ve Infos","headline":"Des analyses de la pollution effectu\u00e9es apr\u00e8s l&rsquo;incendie d&rsquo;un site de recyclage \u00e0 Ecublens","author":{"@id":"https:\/\/geneveinfos.ch\/index.php\/author\/admin1380\/#author"},"publisher":{"@id":"https:\/\/geneveinfos.ch\/#person"},"image":{"@type":"ImageObject","url":"https:\/\/img.rts.ch\/articles\/2026\/image\/5cb6e039-29343634.image?w=320&amp;h=180","@id":"https:\/\/geneveinfos.ch\/index.php\/2026\/08\/31\/des-analyses-de-la-pollution-effectuees-apres-lincendie-dun-site-de-recyclage-a-ecublens\/#articleImage"},"datePublished":"2026-08-31T21:53:26+02:00","dateModified":"2026-08-31T21:53:26+02:00","inLanguage":"fr-FR","mainEntityOfPage":{"@id":"https:\/\/geneveinfos.ch\/index.php\/2026\/08\/31\/des-analyses-de-la-pollution-effectuees-apres-lincendie-dun-site-de-recyclage-a-ecublens\/#webpage"},"isPartOf":{"@id":"https:\/\/geneveinfos.ch\/index.php\/2026\/08\/31\/des-analyses-de-la-pollution-effectuees-apres-lincendie-dun-site-de-recyclage-a-ecublens\/#webpage"},"articleSection":"tech-innovation"},{"@type":"BreadcrumbList","@id":"https:\/\/geneveinfos.ch\/index.php\/2026\/08\/31\/des-analyses-de-la-pollution-effectuees-apres-lincendie-dun-site-de-recyclage-a-ecublens\/#breadcrumblist","itemListElement":[{"@type":"ListItem","@id":"https:\/\/geneveinfos.ch#listItem","position":1,"name":"Home","item":"https:\/\/geneveinfos.ch","nextItem":{"@type":"ListItem","@id":"https:\/\/geneveinfos.ch\/index.php\/category\/tech-innovation\/#listItem","name":"tech-innovation"}},{"@type":"ListItem","@id":"https:\/\/geneveinfos.ch\/index.php\/category\/tech-innovation\/#listItem","position":2,"name":"tech-innovation","item":"https:\/\/geneveinfos.ch\/index.php\/category\/tech-innovation\/","nextItem":{"@type":"ListItem","@id":"https:\/\/geneveinfos.ch\/index.php\/2026\/08\/31\/des-analyses-de-la-pollution-effectuees-apres-lincendie-dun-site-de-recyclage-a-ecublens\/#listItem","name":"Des analyses de la pollution effectu\u00e9es apr\u00e8s l&rsquo;incendie d&rsquo;un site de recyclage \u00e0 Ecublens"},"previousItem":{"@type":"ListItem","@id":"https:\/\/geneveinfos.ch#listItem","name":"Home"}},{"@type":"ListItem","@id":"https:\/\/geneveinfos.ch\/index.php\/2026\/08\/31\/des-analyses-de-la-pollution-effectuees-apres-lincendie-dun-site-de-recyclage-a-ecublens\/#listItem","position":3,"name":"Des analyses de la pollution effectu\u00e9es apr\u00e8s l&rsquo;incendie d&rsquo;un site de recyclage \u00e0 Ecublens","previousItem":{"@type":"ListItem","@id":"https:\/\/geneveinfos.ch\/index.php\/category\/tech-innovation\/#listItem","name":"tech-innovation"}}]},{"@type":"Person","@id":"https:\/\/geneveinfos.ch\/#person","name":"Morgane RAVOUNA","image":{"@type":"ImageObject","@id":"https:\/\/geneveinfos.ch\/index.php\/2026\/08\/31\/des-analyses-de-la-pollution-effectuees-apres-lincendie-dun-site-de-recyclage-a-ecublens\/#personImage","url":"https:\/\/secure.gravatar.com\/avatar\/bd1e2e1e7cabf66754a14e2181bc3f67cd3c2b9403841e078411545fc405115b?s=96&d=mm&r=g","width":96,"height":96,"caption":"Morgane RAVOUNA"}},{"@type":"Person","@id":"https:\/\/geneveinfos.ch\/index.php\/author\/admin1380\/#author","url":"https:\/\/geneveinfos.ch\/index.php\/author\/admin1380\/","name":"Morgane RAVOUNA","image":{"@type":"ImageObject","@id":"https:\/\/geneveinfos.ch\/index.php\/2026\/08\/31\/des-analyses-de-la-pollution-effectuees-apres-lincendie-dun-site-de-recyclage-a-ecublens\/#authorImage","url":"https:\/\/secure.gravatar.com\/avatar\/bd1e2e1e7cabf66754a14e2181bc3f67cd3c2b9403841e078411545fc405115b?s=96&d=mm&r=g","width":96,"height":96,"caption":"Morgane RAVOUNA"}},{"@type":"WebPage","@id":"https:\/\/geneveinfos.ch\/index.php\/2026\/08\/31\/des-analyses-de-la-pollution-effectuees-apres-lincendie-dun-site-de-recyclage-a-ecublens\/#webpage","url":"https:\/\/geneveinfos.ch\/index.php\/2026\/08\/31\/des-analyses-de-la-pollution-effectuees-apres-lincendie-dun-site-de-recyclage-a-ecublens\/","name":"Des analyses de la pollution effectu\u00e9es apr\u00e8s l\u2019incendie d\u2019un site de recyclage \u00e0 Ecublens - Gen\u00e8ve Infos","description":"Trois jours apr\u00e8s l'incendie dans une entreprise de recyclage \u00e0 Ecublens, les principales mesures de pr\u00e9cautions sont lev\u00e9es et des analyses de la pollution sont en cours. Mais la population s'interroge sur les cons\u00e9quences sanitaires et se demande quelles mesures vont \u00eatre prises pour \u00e9viter un autre feu.","inLanguage":"fr-FR","isPartOf":{"@id":"https:\/\/geneveinfos.ch\/#website"},"breadcrumb":{"@id":"https:\/\/geneveinfos.ch\/index.php\/2026\/08\/31\/des-analyses-de-la-pollution-effectuees-apres-lincendie-dun-site-de-recyclage-a-ecublens\/#breadcrumblist"},"author":{"@id":"https:\/\/geneveinfos.ch\/index.php\/author\/admin1380\/#author"},"creator":{"@id":"https:\/\/geneveinfos.ch\/index.php\/author\/admin1380\/#author"},"datePublished":"2026-08-31T21:53:26+02:00","dateModified":"2026-08-31T21:53:26+02:00"},{"@type":"WebSite","@id":"https:\/\/geneveinfos.ch\/#website","url":"https:\/\/geneveinfos.ch\/","name":"Gen\u00e8ve Infos","description":"Le site d'informations de la r\u00e9gion genevoise","inLanguage":"fr-FR","publisher":{"@id":"https:\/\/geneveinfos.ch\/#person"}}]},"og:locale":"fr_FR","og:site_name":"Gen\u00e8ve Infos - Le site d'informations de la r\u00e9gion genevoise","og:type":"article","og:title":"Des analyses de la pollution effectu\u00e9es apr\u00e8s l\u2019incendie d\u2019un site de recyclage \u00e0 Ecublens - Gen\u00e8ve Infos","og:description":"Trois jours apr\u00e8s l'incendie dans une entreprise de recyclage \u00e0 Ecublens, les principales mesures de pr\u00e9cautions sont lev\u00e9es et des analyses de la pollution sont en cours. Mais la population s'interroge sur les cons\u00e9quences sanitaires et se demande quelles mesures vont \u00eatre prises pour \u00e9viter un autre feu.","og:url":"https:\/\/geneveinfos.ch\/index.php\/2026\/08\/31\/des-analyses-de-la-pollution-effectuees-apres-lincendie-dun-site-de-recyclage-a-ecublens\/","og:image":"https:\/\/geneveinfos.ch\/wp-content\/uploads\/2025\/09\/Capture-decran-2025-09-18-a-16.52.08.png","og:image:secure_url":"https:\/\/geneveinfos.ch\/wp-content\/uploads\/2025\/09\/Capture-decran-2025-09-18-a-16.52.08.png","og:image:width":513,"og:image:height":457,"article:published_time":"2026-08-31T19:53:26+00:00","article:modified_time":"2026-08-31T19:53:26+00:00","article:publisher":"https:\/\/www.facebook.com\/profile.php?id=61576016541234","twitter:card":"summary_large_image","twitter:title":"Des analyses de la pollution effectu\u00e9es apr\u00e8s l\u2019incendie d\u2019un site de recyclage \u00e0 Ecublens - Gen\u00e8ve Infos","twitter:description":"Trois jours apr\u00e8s l'incendie dans une entreprise de recyclage \u00e0 Ecublens, les principales mesures de pr\u00e9cautions sont lev\u00e9es et des analyses de la pollution sont en cours. Mais la population s'interroge sur les cons\u00e9quences sanitaires et se demande quelles mesures vont \u00eatre prises pour \u00e9viter un autre feu.","twitter:image":"https:\/\/geneveinfos.ch\/wp-content\/uploads\/2025\/09\/Capture-decran-2025-09-18-a-16.52.08.png"},"aioseo_meta_data":{"post_id":"206903","title":null,"description":null,"keywords":null,"keyphrases":null,"primary_term":null,"canonical_url":null,"og_title":null,"og_description":null,"og_object_type":"default","og_image_type":"default","og_image_url":null,"og_image_width":null,"og_image_height":null,"og_image_custom_url":null,"og_image_custom_fields":null,"og_video":null,"og_custom_url":null,"og_article_section":null,"og_article_tags":null,"twitter_use_og":false,"twitter_card":"default","twitter_image_type":"default","twitter_image_url":null,"twitter_image_custom_url":null,"twitter_image_custom_fields":null,"twitter_title":null,"twitter_description":null,"schema":{"blockGraphs":[],"customGraphs":[],"default":{"data":{"Article":[],"Course":[],"Dataset":[],"FAQPage":[],"Movie":[],"Person":[],"Product":[],"ProductReview":[],"Car":[],"Recipe":[],"Service":[],"SoftwareApplication":[],"WebPage":[]},"graphName":"","isEnabled":true},"graphs":[]},"schema_type":"default","schema_type_options":null,"pillar_content":false,"robots_default":true,"robots_noindex":false,"robots_noarchive":false,"robots_nosnippet":false,"robots_nofollow":false,"robots_noimageindex":false,"robots_noodp":false,"robots_notranslate":false,"robots_max_snippet":null,"robots_max_videopreview":null,"robots_max_imagepreview":"large","priority":null,"frequency":null,"local_seo":null,"breadcrumb_settings":null,"limit_modified_date":false,"ai":null,"created":"2026-08-31 20:54:12","updated":"2026-08-31 20:54:12","seo_analyzer_scan_date":null,"focus_keyword":null,"additional_keywords":null,"truseo_locale":null},"aioseo_breadcrumb":"<div class=\"aioseo-breadcrumbs\"><span class=\"aioseo-breadcrumb\">\n\t\t\t<a href=\"https:\/\/geneveinfos.ch\" title=\"Home\">Home<\/a>\n\t\t<\/span><span class=\"aioseo-breadcrumb-separator\">&raquo;<\/span><span class=\"aioseo-breadcrumb\">\n\t\t\t<a href=\"https:\/\/geneveinfos.ch\/index.php\/category\/tech-innovation\/\" title=\"tech-innovation\">tech-innovation<\/a>\n\t\t<\/span><span class=\"aioseo-breadcrumb-separator\">&raquo;<\/span><span class=\"aioseo-breadcrumb\">\n\t\t\tDes analyses de la pollution effectu\u00e9es apr\u00e8s l\u2019incendie d\u2019un site de recyclage \u00e0 Ecublens\n\t\t<\/span><\/div>","aioseo_breadcrumb_json":[{"label":"Home","link":"https:\/\/geneveinfos.ch"},{"label":"tech-innovation","link":"https:\/\/geneveinfos.ch\/index.php\/category\/tech-innovation\/"},{"label":"Des analyses de la pollution effectu\u00e9es apr\u00e8s l&rsquo;incendie d&rsquo;un site de recyclage \u00e0 Ecublens","link":"https:\/\/geneveinfos.ch\/index.php\/2026\/08\/31\/des-analyses-de-la-pollution-effectuees-apres-lincendie-dun-site-de-recyclage-a-ecublens\/"}],"_links":{"self":[{"href":"https:\/\/geneveinfos.ch\/index.php\/wp-json\/wp\/v2\/posts\/206903","targetHints":{"allow":["GET"]}}],"collection":[{"href":"https:\/\/geneveinfos.ch\/index.php\/wp-json\/wp\/v2\/posts"}],"about":[{"href":"https:\/\/geneveinfos.ch\/index.php\/wp-json\/wp\/v2\/types\/post"}],"author":[{"embeddable":true,"href":"https:\/\/geneveinfos.ch\/index.php\/wp-json\/wp\/v2\/users\/1"}],"replies":[{"embeddable":true,"href":"https:\/\/geneveinfos.ch\/index.php\/wp-json\/wp\/v2\/comments?post=206903"}],"version-history":[{"count":0,"href":"https:\/\/geneveinfos.ch\/index.php\/wp-json\/wp\/v2\/posts\/206903\/revisions"}],"wp:attachment":[{"href":"https:\/\/geneveinfos.ch\/index.php\/wp-json\/wp\/v2\/media?parent=206903"}],"wp:term":[{"taxonomy":"category","embeddable":true,"href":"https:\/\/geneveinfos.ch\/index.php\/wp-json\/wp\/v2\/categories?post=206903"},{"taxonomy":"post_tag","embeddable":true,"href":"https:\/\/geneveinfos.ch\/index.php\/wp-json\/wp\/v2\/tags?post=206903"}],"curies":[{"name":"wp","href":"https:\/\/api.w.org\/{rel}","templated":true}]}}