{"id":207071,"date":"2026-09-01T03:34:57","date_gmt":"2026-09-01T01:34:57","guid":{"rendered":"https:\/\/geneveinfos.ch\/index.php\/2026\/09\/01\/une-attaque-au-couteau-a-time-square-fait-un-mort-et-une-personne-blessee\/"},"modified":"2026-09-01T03:34:57","modified_gmt":"2026-09-01T01:34:57","slug":"une-attaque-au-couteau-a-time-square-fait-un-mort-et-une-personne-blessee","status":"publish","type":"post","link":"https:\/\/geneveinfos.ch\/index.php\/2026\/09\/01\/une-attaque-au-couteau-a-time-square-fait-un-mort-et-une-personne-blessee\/","title":{"rendered":"Une attaque au couteau \u00e0 Time Square fait un mort et une personne bless\u00e9e"},"content":{"rendered":"<p>This <a href=\"https:\/\/www.rts.ch\/info\/monde\/2026\/article\/times-square-un-mort-dans-une-attaque-au-couteau-a-new-york-29343839.html?rts_source=rss_t\" target=\"_blank\">post<\/a> was originally published on <a href=\"https:\/\/www.rts.ch\/info\/toute-info\/?format=rss\/news\" target=\"_blank\">this site<\/a>.<\/p><div>\n<div><a href=\"https:\/\/www.rts.ch\/info\/monde\/2026\/article\/times-square-un-mort-dans-une-attaque-au-couteau-a-new-york-29343839.html?rts_source=rss_t\"><img decoding=\"async\" src=\"https:\/\/img.rts.ch\/articles\/2026\/image\/31bdb8fa-29343841.image?w=320&amp;h=180\"><\/a>L&rsquo;une des deux personnes bless&eacute;es lundi au couteau par une femme dans le quartier touristique de Times Square &agrave; New York est d&eacute;c&eacute;d&eacute;e des suites de ses blessures. L&rsquo;assaillante, touch&eacute;e par des tirs policiers est &eacute;galement d&eacute;c&eacute;d&eacute;e, annonce le maire.<\/div>\n<\/div>\n","protected":false},"excerpt":{"rendered":"<p>This post was originally published on this site. L&rsquo;une des deux personnes bless&eacute;es lundi au couteau par une femme dans le quartier touristique de Times Square &agrave; New York est d&eacute;c&eacute;d&eacute;e des suites de ses blessures. L&rsquo;assaillante, touch&eacute;e par des tirs policiers est &eacute;galement d&eacute;c&eacute;d&eacute;e, annonce le maire.<\/p>\n","protected":false},"author":1,"featured_media":0,"comment_status":"open","ping_status":"open","sticky":false,"template":"","format":"standard","meta":{"_monsterinsights_skip_tracking":false,"_uf_show_specific_survey":0,"_uf_disable_surveys":false,"footnotes":""},"categories":[100],"tags":[],"class_list":["post-207071","post","type-post","status-publish","format-standard","hentry","category-tech-innovation"],"aioseo_notices":[],"aioseo_head":"\n\t\t<!-- All in One SEO 5.0.1.1 - aioseo.com -->\n\t<meta name=\"description\" content=\"L&#039;une des deux personnes bless\u00e9es lundi au couteau par une femme dans le quartier touristique de Times Square \u00e0 New York est d\u00e9c\u00e9d\u00e9e des suites de ses blessures. L&#039;assaillante, touch\u00e9e par des tirs policiers est \u00e9galement d\u00e9c\u00e9d\u00e9e, annonce le maire.\" \/>\n\t<meta name=\"robots\" content=\"max-image-preview:large\" \/>\n\t<meta name=\"author\" content=\"Morgane RAVOUNA\"\/>\n\t<link rel=\"canonical\" href=\"https:\/\/geneveinfos.ch\/index.php\/2026\/09\/01\/une-attaque-au-couteau-a-time-square-fait-un-mort-et-une-personne-blessee\/\" \/>\n\t<meta name=\"generator\" content=\"All in One SEO (AIOSEO) 5.0.1.1\" \/>\n\t\t<meta property=\"og:locale\" content=\"fr_FR\" \/>\n\t\t<meta property=\"og:site_name\" content=\"Gen\u00e8ve Infos - Le site d&#039;informations de la r\u00e9gion genevoise\" \/>\n\t\t<meta property=\"og:type\" content=\"article\" \/>\n\t\t<meta property=\"og:title\" content=\"Une attaque au couteau \u00e0 Time Square fait un mort et une personne bless\u00e9e - Gen\u00e8ve Infos\" \/>\n\t\t<meta property=\"og:description\" content=\"L&#039;une des deux personnes bless\u00e9es lundi au couteau par une femme dans le quartier touristique de Times Square \u00e0 New York est d\u00e9c\u00e9d\u00e9e des suites de ses blessures. L&#039;assaillante, touch\u00e9e par des tirs policiers est \u00e9galement d\u00e9c\u00e9d\u00e9e, annonce le maire.\" \/>\n\t\t<meta property=\"og:url\" content=\"https:\/\/geneveinfos.ch\/index.php\/2026\/09\/01\/une-attaque-au-couteau-a-time-square-fait-un-mort-et-une-personne-blessee\/\" \/>\n\t\t<meta property=\"og:image\" content=\"https:\/\/geneveinfos.ch\/wp-content\/uploads\/2025\/09\/Capture-decran-2025-09-18-a-16.52.08.png\" \/>\n\t\t<meta property=\"og:image:secure_url\" content=\"https:\/\/geneveinfos.ch\/wp-content\/uploads\/2025\/09\/Capture-decran-2025-09-18-a-16.52.08.png\" \/>\n\t\t<meta property=\"og:image:width\" content=\"513\" \/>\n\t\t<meta property=\"og:image:height\" content=\"457\" \/>\n\t\t<meta property=\"article:published_time\" content=\"2026-09-01T01:34:57+00:00\" \/>\n\t\t<meta property=\"article:modified_time\" content=\"2026-09-01T01:34:57+00:00\" \/>\n\t\t<meta property=\"article:publisher\" content=\"https:\/\/www.facebook.com\/profile.php?id=61576016541234\" \/>\n\t\t<meta name=\"twitter:card\" content=\"summary_large_image\" \/>\n\t\t<meta name=\"twitter:title\" content=\"Une attaque au couteau \u00e0 Time Square fait un mort et une personne bless\u00e9e - Gen\u00e8ve Infos\" \/>\n\t\t<meta name=\"twitter:description\" content=\"L&#039;une des deux personnes bless\u00e9es lundi au couteau par une femme dans le quartier touristique de Times Square \u00e0 New York est d\u00e9c\u00e9d\u00e9e des suites de ses blessures. L&#039;assaillante, touch\u00e9e par des tirs policiers est \u00e9galement d\u00e9c\u00e9d\u00e9e, annonce le maire.\" \/>\n\t\t<meta name=\"twitter:image\" content=\"https:\/\/geneveinfos.ch\/wp-content\/uploads\/2025\/09\/Capture-decran-2025-09-18-a-16.52.08.png\" \/>\n\t\t<script type=\"application\/ld+json\" class=\"aioseo-schema\">\n\t\t\t{\"@context\":\"https:\\\/\\\/schema.org\",\"@graph\":[{\"@type\":\"BlogPosting\",\"@id\":\"https:\\\/\\\/geneveinfos.ch\\\/index.php\\\/2026\\\/09\\\/01\\\/une-attaque-au-couteau-a-time-square-fait-un-mort-et-une-personne-blessee\\\/#blogposting\",\"name\":\"Une attaque au couteau \\u00e0 Time Square fait un mort et une personne bless\\u00e9e - Gen\\u00e8ve Infos\",\"headline\":\"Une attaque au couteau \\u00e0 Time Square fait un mort et une personne bless\\u00e9e\",\"author\":{\"@id\":\"https:\\\/\\\/geneveinfos.ch\\\/index.php\\\/author\\\/admin1380\\\/#author\"},\"publisher\":{\"@id\":\"https:\\\/\\\/geneveinfos.ch\\\/#person\"},\"image\":{\"@type\":\"ImageObject\",\"url\":\"https:\\\/\\\/img.rts.ch\\\/articles\\\/2026\\\/image\\\/31bdb8fa-29343841.image?w=320&amp;h=180\",\"@id\":\"https:\\\/\\\/geneveinfos.ch\\\/index.php\\\/2026\\\/09\\\/01\\\/une-attaque-au-couteau-a-time-square-fait-un-mort-et-une-personne-blessee\\\/#articleImage\"},\"datePublished\":\"2026-09-01T03:34:57+02:00\",\"dateModified\":\"2026-09-01T03:34:57+02:00\",\"inLanguage\":\"fr-FR\",\"mainEntityOfPage\":{\"@id\":\"https:\\\/\\\/geneveinfos.ch\\\/index.php\\\/2026\\\/09\\\/01\\\/une-attaque-au-couteau-a-time-square-fait-un-mort-et-une-personne-blessee\\\/#webpage\"},\"isPartOf\":{\"@id\":\"https:\\\/\\\/geneveinfos.ch\\\/index.php\\\/2026\\\/09\\\/01\\\/une-attaque-au-couteau-a-time-square-fait-un-mort-et-une-personne-blessee\\\/#webpage\"},\"articleSection\":\"tech-innovation\"},{\"@type\":\"BreadcrumbList\",\"@id\":\"https:\\\/\\\/geneveinfos.ch\\\/index.php\\\/2026\\\/09\\\/01\\\/une-attaque-au-couteau-a-time-square-fait-un-mort-et-une-personne-blessee\\\/#breadcrumblist\",\"itemListElement\":[{\"@type\":\"ListItem\",\"@id\":\"https:\\\/\\\/geneveinfos.ch#listItem\",\"position\":1,\"name\":\"Home\",\"item\":\"https:\\\/\\\/geneveinfos.ch\",\"nextItem\":{\"@type\":\"ListItem\",\"@id\":\"https:\\\/\\\/geneveinfos.ch\\\/index.php\\\/category\\\/tech-innovation\\\/#listItem\",\"name\":\"tech-innovation\"}},{\"@type\":\"ListItem\",\"@id\":\"https:\\\/\\\/geneveinfos.ch\\\/index.php\\\/category\\\/tech-innovation\\\/#listItem\",\"position\":2,\"name\":\"tech-innovation\",\"item\":\"https:\\\/\\\/geneveinfos.ch\\\/index.php\\\/category\\\/tech-innovation\\\/\",\"nextItem\":{\"@type\":\"ListItem\",\"@id\":\"https:\\\/\\\/geneveinfos.ch\\\/index.php\\\/2026\\\/09\\\/01\\\/une-attaque-au-couteau-a-time-square-fait-un-mort-et-une-personne-blessee\\\/#listItem\",\"name\":\"Une attaque au couteau \\u00e0 Time Square fait un mort et une personne bless\\u00e9e\"},\"previousItem\":{\"@type\":\"ListItem\",\"@id\":\"https:\\\/\\\/geneveinfos.ch#listItem\",\"name\":\"Home\"}},{\"@type\":\"ListItem\",\"@id\":\"https:\\\/\\\/geneveinfos.ch\\\/index.php\\\/2026\\\/09\\\/01\\\/une-attaque-au-couteau-a-time-square-fait-un-mort-et-une-personne-blessee\\\/#listItem\",\"position\":3,\"name\":\"Une attaque au couteau \\u00e0 Time Square fait un mort et une personne bless\\u00e9e\",\"previousItem\":{\"@type\":\"ListItem\",\"@id\":\"https:\\\/\\\/geneveinfos.ch\\\/index.php\\\/category\\\/tech-innovation\\\/#listItem\",\"name\":\"tech-innovation\"}}]},{\"@type\":\"Person\",\"@id\":\"https:\\\/\\\/geneveinfos.ch\\\/#person\",\"name\":\"Morgane RAVOUNA\",\"image\":{\"@type\":\"ImageObject\",\"@id\":\"https:\\\/\\\/geneveinfos.ch\\\/index.php\\\/2026\\\/09\\\/01\\\/une-attaque-au-couteau-a-time-square-fait-un-mort-et-une-personne-blessee\\\/#personImage\",\"url\":\"https:\\\/\\\/secure.gravatar.com\\\/avatar\\\/bd1e2e1e7cabf66754a14e2181bc3f67cd3c2b9403841e078411545fc405115b?s=96&d=mm&r=g\",\"width\":96,\"height\":96,\"caption\":\"Morgane RAVOUNA\"}},{\"@type\":\"Person\",\"@id\":\"https:\\\/\\\/geneveinfos.ch\\\/index.php\\\/author\\\/admin1380\\\/#author\",\"url\":\"https:\\\/\\\/geneveinfos.ch\\\/index.php\\\/author\\\/admin1380\\\/\",\"name\":\"Morgane RAVOUNA\",\"image\":{\"@type\":\"ImageObject\",\"@id\":\"https:\\\/\\\/geneveinfos.ch\\\/index.php\\\/2026\\\/09\\\/01\\\/une-attaque-au-couteau-a-time-square-fait-un-mort-et-une-personne-blessee\\\/#authorImage\",\"url\":\"https:\\\/\\\/secure.gravatar.com\\\/avatar\\\/bd1e2e1e7cabf66754a14e2181bc3f67cd3c2b9403841e078411545fc405115b?s=96&d=mm&r=g\",\"width\":96,\"height\":96,\"caption\":\"Morgane RAVOUNA\"}},{\"@type\":\"WebPage\",\"@id\":\"https:\\\/\\\/geneveinfos.ch\\\/index.php\\\/2026\\\/09\\\/01\\\/une-attaque-au-couteau-a-time-square-fait-un-mort-et-une-personne-blessee\\\/#webpage\",\"url\":\"https:\\\/\\\/geneveinfos.ch\\\/index.php\\\/2026\\\/09\\\/01\\\/une-attaque-au-couteau-a-time-square-fait-un-mort-et-une-personne-blessee\\\/\",\"name\":\"Une attaque au couteau \\u00e0 Time Square fait un mort et une personne bless\\u00e9e - Gen\\u00e8ve Infos\",\"description\":\"L'une des deux personnes bless\\u00e9es lundi au couteau par une femme dans le quartier touristique de Times Square \\u00e0 New York est d\\u00e9c\\u00e9d\\u00e9e des suites de ses blessures. L'assaillante, touch\\u00e9e par des tirs policiers est \\u00e9galement d\\u00e9c\\u00e9d\\u00e9e, annonce le maire.\",\"inLanguage\":\"fr-FR\",\"isPartOf\":{\"@id\":\"https:\\\/\\\/geneveinfos.ch\\\/#website\"},\"breadcrumb\":{\"@id\":\"https:\\\/\\\/geneveinfos.ch\\\/index.php\\\/2026\\\/09\\\/01\\\/une-attaque-au-couteau-a-time-square-fait-un-mort-et-une-personne-blessee\\\/#breadcrumblist\"},\"author\":{\"@id\":\"https:\\\/\\\/geneveinfos.ch\\\/index.php\\\/author\\\/admin1380\\\/#author\"},\"creator\":{\"@id\":\"https:\\\/\\\/geneveinfos.ch\\\/index.php\\\/author\\\/admin1380\\\/#author\"},\"datePublished\":\"2026-09-01T03:34:57+02:00\",\"dateModified\":\"2026-09-01T03:34:57+02:00\"},{\"@type\":\"WebSite\",\"@id\":\"https:\\\/\\\/geneveinfos.ch\\\/#website\",\"url\":\"https:\\\/\\\/geneveinfos.ch\\\/\",\"name\":\"Gen\\u00e8ve Infos\",\"description\":\"Le site d'informations de la r\\u00e9gion genevoise\",\"inLanguage\":\"fr-FR\",\"publisher\":{\"@id\":\"https:\\\/\\\/geneveinfos.ch\\\/#person\"}}]}\n\t\t<\/script>\n\t\t<!-- All in One SEO -->\n\n","aioseo_head_json":{"title":"Une attaque au couteau \u00e0 Time Square fait un mort et une personne bless\u00e9e - Gen\u00e8ve Infos","description":"L'une des deux personnes bless\u00e9es lundi au couteau par une femme dans le quartier touristique de Times Square \u00e0 New York est d\u00e9c\u00e9d\u00e9e des suites de ses blessures. L'assaillante, touch\u00e9e par des tirs policiers est \u00e9galement d\u00e9c\u00e9d\u00e9e, annonce le maire.","canonical_url":"https:\/\/geneveinfos.ch\/index.php\/2026\/09\/01\/une-attaque-au-couteau-a-time-square-fait-un-mort-et-une-personne-blessee\/","robots":"max-image-preview:large","keywords":"","webmasterTools":{"miscellaneous":""},"schema":{"@context":"https:\/\/schema.org","@graph":[{"@type":"BlogPosting","@id":"https:\/\/geneveinfos.ch\/index.php\/2026\/09\/01\/une-attaque-au-couteau-a-time-square-fait-un-mort-et-une-personne-blessee\/#blogposting","name":"Une attaque au couteau \u00e0 Time Square fait un mort et une personne bless\u00e9e - Gen\u00e8ve Infos","headline":"Une attaque au couteau \u00e0 Time Square fait un mort et une personne bless\u00e9e","author":{"@id":"https:\/\/geneveinfos.ch\/index.php\/author\/admin1380\/#author"},"publisher":{"@id":"https:\/\/geneveinfos.ch\/#person"},"image":{"@type":"ImageObject","url":"https:\/\/img.rts.ch\/articles\/2026\/image\/31bdb8fa-29343841.image?w=320&amp;h=180","@id":"https:\/\/geneveinfos.ch\/index.php\/2026\/09\/01\/une-attaque-au-couteau-a-time-square-fait-un-mort-et-une-personne-blessee\/#articleImage"},"datePublished":"2026-09-01T03:34:57+02:00","dateModified":"2026-09-01T03:34:57+02:00","inLanguage":"fr-FR","mainEntityOfPage":{"@id":"https:\/\/geneveinfos.ch\/index.php\/2026\/09\/01\/une-attaque-au-couteau-a-time-square-fait-un-mort-et-une-personne-blessee\/#webpage"},"isPartOf":{"@id":"https:\/\/geneveinfos.ch\/index.php\/2026\/09\/01\/une-attaque-au-couteau-a-time-square-fait-un-mort-et-une-personne-blessee\/#webpage"},"articleSection":"tech-innovation"},{"@type":"BreadcrumbList","@id":"https:\/\/geneveinfos.ch\/index.php\/2026\/09\/01\/une-attaque-au-couteau-a-time-square-fait-un-mort-et-une-personne-blessee\/#breadcrumblist","itemListElement":[{"@type":"ListItem","@id":"https:\/\/geneveinfos.ch#listItem","position":1,"name":"Home","item":"https:\/\/geneveinfos.ch","nextItem":{"@type":"ListItem","@id":"https:\/\/geneveinfos.ch\/index.php\/category\/tech-innovation\/#listItem","name":"tech-innovation"}},{"@type":"ListItem","@id":"https:\/\/geneveinfos.ch\/index.php\/category\/tech-innovation\/#listItem","position":2,"name":"tech-innovation","item":"https:\/\/geneveinfos.ch\/index.php\/category\/tech-innovation\/","nextItem":{"@type":"ListItem","@id":"https:\/\/geneveinfos.ch\/index.php\/2026\/09\/01\/une-attaque-au-couteau-a-time-square-fait-un-mort-et-une-personne-blessee\/#listItem","name":"Une attaque au couteau \u00e0 Time Square fait un mort et une personne bless\u00e9e"},"previousItem":{"@type":"ListItem","@id":"https:\/\/geneveinfos.ch#listItem","name":"Home"}},{"@type":"ListItem","@id":"https:\/\/geneveinfos.ch\/index.php\/2026\/09\/01\/une-attaque-au-couteau-a-time-square-fait-un-mort-et-une-personne-blessee\/#listItem","position":3,"name":"Une attaque au couteau \u00e0 Time Square fait un mort et une personne bless\u00e9e","previousItem":{"@type":"ListItem","@id":"https:\/\/geneveinfos.ch\/index.php\/category\/tech-innovation\/#listItem","name":"tech-innovation"}}]},{"@type":"Person","@id":"https:\/\/geneveinfos.ch\/#person","name":"Morgane RAVOUNA","image":{"@type":"ImageObject","@id":"https:\/\/geneveinfos.ch\/index.php\/2026\/09\/01\/une-attaque-au-couteau-a-time-square-fait-un-mort-et-une-personne-blessee\/#personImage","url":"https:\/\/secure.gravatar.com\/avatar\/bd1e2e1e7cabf66754a14e2181bc3f67cd3c2b9403841e078411545fc405115b?s=96&d=mm&r=g","width":96,"height":96,"caption":"Morgane RAVOUNA"}},{"@type":"Person","@id":"https:\/\/geneveinfos.ch\/index.php\/author\/admin1380\/#author","url":"https:\/\/geneveinfos.ch\/index.php\/author\/admin1380\/","name":"Morgane RAVOUNA","image":{"@type":"ImageObject","@id":"https:\/\/geneveinfos.ch\/index.php\/2026\/09\/01\/une-attaque-au-couteau-a-time-square-fait-un-mort-et-une-personne-blessee\/#authorImage","url":"https:\/\/secure.gravatar.com\/avatar\/bd1e2e1e7cabf66754a14e2181bc3f67cd3c2b9403841e078411545fc405115b?s=96&d=mm&r=g","width":96,"height":96,"caption":"Morgane RAVOUNA"}},{"@type":"WebPage","@id":"https:\/\/geneveinfos.ch\/index.php\/2026\/09\/01\/une-attaque-au-couteau-a-time-square-fait-un-mort-et-une-personne-blessee\/#webpage","url":"https:\/\/geneveinfos.ch\/index.php\/2026\/09\/01\/une-attaque-au-couteau-a-time-square-fait-un-mort-et-une-personne-blessee\/","name":"Une attaque au couteau \u00e0 Time Square fait un mort et une personne bless\u00e9e - Gen\u00e8ve Infos","description":"L'une des deux personnes bless\u00e9es lundi au couteau par une femme dans le quartier touristique de Times Square \u00e0 New York est d\u00e9c\u00e9d\u00e9e des suites de ses blessures. L'assaillante, touch\u00e9e par des tirs policiers est \u00e9galement d\u00e9c\u00e9d\u00e9e, annonce le maire.","inLanguage":"fr-FR","isPartOf":{"@id":"https:\/\/geneveinfos.ch\/#website"},"breadcrumb":{"@id":"https:\/\/geneveinfos.ch\/index.php\/2026\/09\/01\/une-attaque-au-couteau-a-time-square-fait-un-mort-et-une-personne-blessee\/#breadcrumblist"},"author":{"@id":"https:\/\/geneveinfos.ch\/index.php\/author\/admin1380\/#author"},"creator":{"@id":"https:\/\/geneveinfos.ch\/index.php\/author\/admin1380\/#author"},"datePublished":"2026-09-01T03:34:57+02:00","dateModified":"2026-09-01T03:34:57+02:00"},{"@type":"WebSite","@id":"https:\/\/geneveinfos.ch\/#website","url":"https:\/\/geneveinfos.ch\/","name":"Gen\u00e8ve Infos","description":"Le site d'informations de la r\u00e9gion genevoise","inLanguage":"fr-FR","publisher":{"@id":"https:\/\/geneveinfos.ch\/#person"}}]},"og:locale":"fr_FR","og:site_name":"Gen\u00e8ve Infos - Le site d'informations de la r\u00e9gion genevoise","og:type":"article","og:title":"Une attaque au couteau \u00e0 Time Square fait un mort et une personne bless\u00e9e - Gen\u00e8ve Infos","og:description":"L'une des deux personnes bless\u00e9es lundi au couteau par une femme dans le quartier touristique de Times Square \u00e0 New York est d\u00e9c\u00e9d\u00e9e des suites de ses blessures. L'assaillante, touch\u00e9e par des tirs policiers est \u00e9galement d\u00e9c\u00e9d\u00e9e, annonce le maire.","og:url":"https:\/\/geneveinfos.ch\/index.php\/2026\/09\/01\/une-attaque-au-couteau-a-time-square-fait-un-mort-et-une-personne-blessee\/","og:image":"https:\/\/geneveinfos.ch\/wp-content\/uploads\/2025\/09\/Capture-decran-2025-09-18-a-16.52.08.png","og:image:secure_url":"https:\/\/geneveinfos.ch\/wp-content\/uploads\/2025\/09\/Capture-decran-2025-09-18-a-16.52.08.png","og:image:width":513,"og:image:height":457,"article:published_time":"2026-09-01T01:34:57+00:00","article:modified_time":"2026-09-01T01:34:57+00:00","article:publisher":"https:\/\/www.facebook.com\/profile.php?id=61576016541234","twitter:card":"summary_large_image","twitter:title":"Une attaque au couteau \u00e0 Time Square fait un mort et une personne bless\u00e9e - Gen\u00e8ve Infos","twitter:description":"L'une des deux personnes bless\u00e9es lundi au couteau par une femme dans le quartier touristique de Times Square \u00e0 New York est d\u00e9c\u00e9d\u00e9e des suites de ses blessures. L'assaillante, touch\u00e9e par des tirs policiers est \u00e9galement d\u00e9c\u00e9d\u00e9e, annonce le maire.","twitter:image":"https:\/\/geneveinfos.ch\/wp-content\/uploads\/2025\/09\/Capture-decran-2025-09-18-a-16.52.08.png"},"aioseo_meta_data":{"post_id":"207071","title":null,"description":null,"keywords":null,"keyphrases":null,"primary_term":null,"canonical_url":null,"og_title":null,"og_description":null,"og_object_type":"default","og_image_type":"default","og_image_url":null,"og_image_width":null,"og_image_height":null,"og_image_custom_url":null,"og_image_custom_fields":null,"og_video":null,"og_custom_url":null,"og_article_section":null,"og_article_tags":null,"twitter_use_og":false,"twitter_card":"default","twitter_image_type":"default","twitter_image_url":null,"twitter_image_custom_url":null,"twitter_image_custom_fields":null,"twitter_title":null,"twitter_description":null,"schema":{"blockGraphs":[],"customGraphs":[],"default":{"data":{"Article":[],"Course":[],"Dataset":[],"FAQPage":[],"Movie":[],"Person":[],"Product":[],"ProductReview":[],"Car":[],"Recipe":[],"Service":[],"SoftwareApplication":[],"WebPage":[]},"graphName":"","isEnabled":true},"graphs":[]},"schema_type":"default","schema_type_options":null,"pillar_content":false,"robots_default":true,"robots_noindex":false,"robots_noarchive":false,"robots_nosnippet":false,"robots_nofollow":false,"robots_noimageindex":false,"robots_noodp":false,"robots_notranslate":false,"robots_max_snippet":null,"robots_max_videopreview":null,"robots_max_imagepreview":"large","priority":null,"frequency":null,"local_seo":null,"breadcrumb_settings":null,"limit_modified_date":false,"ai":null,"created":"2026-09-01 01:58:27","updated":"2026-09-01 01:58:27","seo_analyzer_scan_date":null,"focus_keyword":null,"additional_keywords":null,"truseo_locale":null},"aioseo_breadcrumb":"<div class=\"aioseo-breadcrumbs\"><span class=\"aioseo-breadcrumb\">\n\t\t\t<a href=\"https:\/\/geneveinfos.ch\" title=\"Home\">Home<\/a>\n\t\t<\/span><span class=\"aioseo-breadcrumb-separator\">&raquo;<\/span><span class=\"aioseo-breadcrumb\">\n\t\t\t<a href=\"https:\/\/geneveinfos.ch\/index.php\/category\/tech-innovation\/\" title=\"tech-innovation\">tech-innovation<\/a>\n\t\t<\/span><span class=\"aioseo-breadcrumb-separator\">&raquo;<\/span><span class=\"aioseo-breadcrumb\">\n\t\t\tUne attaque au couteau \u00e0 Time Square fait un mort et une personne bless\u00e9e\n\t\t<\/span><\/div>","aioseo_breadcrumb_json":[{"label":"Home","link":"https:\/\/geneveinfos.ch"},{"label":"tech-innovation","link":"https:\/\/geneveinfos.ch\/index.php\/category\/tech-innovation\/"},{"label":"Une attaque au couteau \u00e0 Time Square fait un mort et une personne bless\u00e9e","link":"https:\/\/geneveinfos.ch\/index.php\/2026\/09\/01\/une-attaque-au-couteau-a-time-square-fait-un-mort-et-une-personne-blessee\/"}],"_links":{"self":[{"href":"https:\/\/geneveinfos.ch\/index.php\/wp-json\/wp\/v2\/posts\/207071","targetHints":{"allow":["GET"]}}],"collection":[{"href":"https:\/\/geneveinfos.ch\/index.php\/wp-json\/wp\/v2\/posts"}],"about":[{"href":"https:\/\/geneveinfos.ch\/index.php\/wp-json\/wp\/v2\/types\/post"}],"author":[{"embeddable":true,"href":"https:\/\/geneveinfos.ch\/index.php\/wp-json\/wp\/v2\/users\/1"}],"replies":[{"embeddable":true,"href":"https:\/\/geneveinfos.ch\/index.php\/wp-json\/wp\/v2\/comments?post=207071"}],"version-history":[{"count":0,"href":"https:\/\/geneveinfos.ch\/index.php\/wp-json\/wp\/v2\/posts\/207071\/revisions"}],"wp:attachment":[{"href":"https:\/\/geneveinfos.ch\/index.php\/wp-json\/wp\/v2\/media?parent=207071"}],"wp:term":[{"taxonomy":"category","embeddable":true,"href":"https:\/\/geneveinfos.ch\/index.php\/wp-json\/wp\/v2\/categories?post=207071"},{"taxonomy":"post_tag","embeddable":true,"href":"https:\/\/geneveinfos.ch\/index.php\/wp-json\/wp\/v2\/tags?post=207071"}],"curies":[{"name":"wp","href":"https:\/\/api.w.org\/{rel}","templated":true}]}}