{"id":207139,"date":"2026-09-01T06:35:44","date_gmt":"2026-09-01T04:35:44","guid":{"rendered":"https:\/\/geneveinfos.ch\/index.php\/2026\/09\/01\/cest-mon-salaire-peter-ruegg-beneficiaire-de-lai-vit-avec-4026-francs-par-mois\/"},"modified":"2026-09-01T07:02:26","modified_gmt":"2026-09-01T05:02:26","slug":"cest-mon-salaire-peter-ruegg-beneficiaire-de-lai-vit-avec-4026-francs-par-mois","status":"publish","type":"post","link":"https:\/\/geneveinfos.ch\/index.php\/2026\/09\/01\/cest-mon-salaire-peter-ruegg-beneficiaire-de-lai-vit-avec-4026-francs-par-mois\/","title":{"rendered":"C\u2019est mon salaire: Peter R\u00fcegg, b\u00e9n\u00e9ficiaire de l\u2019AI, vit avec 4026\u00a0francs par mois"},"content":{"rendered":"<p>This <a href=\"https:\/\/www.tdg.ch\/ai-il-vit-avec-4026-francs-par-mois-et-investit-en-ouganda-787074084657\" target=\"_blank\">post<\/a> was originally published on <a href=\"https:\/\/partner-feeds.publishing.tamedia.ch\/rss\/tdg\/economie\" target=\"_blank\">this site<\/a>.<\/p><div>Apr&egrave;s deux op&eacute;rations &agrave; haut risque, cet ancien &eacute;ducateur social vit avec une rente AI. Son engagement humanitaire en Ouganda lui donne un sens que la maladie menace de lui enlever.<\/div>\n","protected":false},"excerpt":{"rendered":"<p>This post was originally published on this site.Apr&egrave;s deux op&eacute;rations &agrave; haut risque, cet ancien &eacute;ducateur social vit avec une rente AI. Son engagement humanitaire en Ouganda lui donne un sens que la maladie menace de lui enlever.<\/p>\n","protected":false},"author":1,"featured_media":207140,"comment_status":"open","ping_status":"open","sticky":false,"template":"","format":"standard","meta":{"_monsterinsights_skip_tracking":false,"_uf_show_specific_survey":0,"_uf_disable_surveys":false,"footnotes":""},"categories":[99],"tags":[],"class_list":["post-207139","post","type-post","status-publish","format-standard","has-post-thumbnail","hentry","category-finances-negoce"],"aioseo_notices":[],"aioseo_head":"\n\t\t<!-- All in One SEO 5.0.1.1 - aioseo.com -->\n\t<meta name=\"description\" content=\"Apr\u00e8s deux op\u00e9rations \u00e0 haut risque, cet ancien \u00e9ducateur social vit avec une rente AI. Son engagement humanitaire en Ouganda lui donne un sens que la maladie menace de lui enlever.\" \/>\n\t<meta name=\"robots\" content=\"max-image-preview:large\" \/>\n\t<meta name=\"author\" content=\"Morgane RAVOUNA\"\/>\n\t<link rel=\"canonical\" href=\"https:\/\/geneveinfos.ch\/index.php\/2026\/09\/01\/cest-mon-salaire-peter-ruegg-beneficiaire-de-lai-vit-avec-4026-francs-par-mois\/\" \/>\n\t<meta name=\"generator\" content=\"All in One SEO (AIOSEO) 5.0.1.1\" \/>\n\t\t<meta property=\"og:locale\" content=\"fr_FR\" \/>\n\t\t<meta property=\"og:site_name\" content=\"Gen\u00e8ve Infos - Le site d&#039;informations de la r\u00e9gion genevoise\" \/>\n\t\t<meta property=\"og:type\" content=\"article\" \/>\n\t\t<meta property=\"og:title\" content=\"C\u2019est mon salaire: Peter R\u00fcegg, b\u00e9n\u00e9ficiaire de l\u2019AI, vit avec 4026 francs par mois - Gen\u00e8ve Infos\" \/>\n\t\t<meta property=\"og:description\" content=\"Apr\u00e8s deux op\u00e9rations \u00e0 haut risque, cet ancien \u00e9ducateur social vit avec une rente AI. Son engagement humanitaire en Ouganda lui donne un sens que la maladie menace de lui enlever.\" \/>\n\t\t<meta property=\"og:url\" content=\"https:\/\/geneveinfos.ch\/index.php\/2026\/09\/01\/cest-mon-salaire-peter-ruegg-beneficiaire-de-lai-vit-avec-4026-francs-par-mois\/\" \/>\n\t\t<meta property=\"og:image\" content=\"https:\/\/geneveinfos.ch\/wp-content\/uploads\/2025\/09\/Capture-decran-2025-09-18-a-16.52.08.png\" \/>\n\t\t<meta property=\"og:image:secure_url\" content=\"https:\/\/geneveinfos.ch\/wp-content\/uploads\/2025\/09\/Capture-decran-2025-09-18-a-16.52.08.png\" \/>\n\t\t<meta property=\"og:image:width\" content=\"513\" \/>\n\t\t<meta property=\"og:image:height\" content=\"457\" \/>\n\t\t<meta property=\"article:published_time\" content=\"2026-09-01T04:35:44+00:00\" \/>\n\t\t<meta property=\"article:modified_time\" content=\"2026-09-01T05:02:26+00:00\" \/>\n\t\t<meta property=\"article:publisher\" content=\"https:\/\/www.facebook.com\/profile.php?id=61576016541234\" \/>\n\t\t<meta name=\"twitter:card\" content=\"summary_large_image\" \/>\n\t\t<meta name=\"twitter:title\" content=\"C\u2019est mon salaire: Peter R\u00fcegg, b\u00e9n\u00e9ficiaire de l\u2019AI, vit avec 4026 francs par mois - Gen\u00e8ve Infos\" \/>\n\t\t<meta name=\"twitter:description\" content=\"Apr\u00e8s deux op\u00e9rations \u00e0 haut risque, cet ancien \u00e9ducateur social vit avec une rente AI. Son engagement humanitaire en Ouganda lui donne un sens que la maladie menace de lui enlever.\" \/>\n\t\t<meta name=\"twitter:image\" content=\"https:\/\/geneveinfos.ch\/wp-content\/uploads\/2025\/09\/Capture-decran-2025-09-18-a-16.52.08.png\" \/>\n\t\t<script type=\"application\/ld+json\" class=\"aioseo-schema\">\n\t\t\t{\"@context\":\"https:\\\/\\\/schema.org\",\"@graph\":[{\"@type\":\"BlogPosting\",\"@id\":\"https:\\\/\\\/geneveinfos.ch\\\/index.php\\\/2026\\\/09\\\/01\\\/cest-mon-salaire-peter-ruegg-beneficiaire-de-lai-vit-avec-4026-francs-par-mois\\\/#blogposting\",\"name\":\"C\\u2019est mon salaire: Peter R\\u00fcegg, b\\u00e9n\\u00e9ficiaire de l\\u2019AI, vit avec 4026 francs par mois - Gen\\u00e8ve Infos\",\"headline\":\"C\\u2019est mon salaire: Peter R\\u00fcegg, b\\u00e9n\\u00e9ficiaire de l\\u2019AI, vit avec 4026\\u00a0francs par mois\",\"author\":{\"@id\":\"https:\\\/\\\/geneveinfos.ch\\\/index.php\\\/author\\\/admin1380\\\/#author\"},\"publisher\":{\"@id\":\"https:\\\/\\\/geneveinfos.ch\\\/#person\"},\"image\":{\"@type\":\"ImageObject\",\"url\":\"https:\\\/\\\/geneveinfos.ch\\\/wp-content\\\/uploads\\\/2026\\\/09\\\/4KZYs0bpqE_AiLcVtsqcNY.jpg\",\"width\":2048,\"height\":1365},\"datePublished\":\"2026-09-01T06:35:44+02:00\",\"dateModified\":\"2026-09-01T07:02:26+02:00\",\"inLanguage\":\"fr-FR\",\"mainEntityOfPage\":{\"@id\":\"https:\\\/\\\/geneveinfos.ch\\\/index.php\\\/2026\\\/09\\\/01\\\/cest-mon-salaire-peter-ruegg-beneficiaire-de-lai-vit-avec-4026-francs-par-mois\\\/#webpage\"},\"isPartOf\":{\"@id\":\"https:\\\/\\\/geneveinfos.ch\\\/index.php\\\/2026\\\/09\\\/01\\\/cest-mon-salaire-peter-ruegg-beneficiaire-de-lai-vit-avec-4026-francs-par-mois\\\/#webpage\"},\"articleSection\":\"finances-negoce\"},{\"@type\":\"BreadcrumbList\",\"@id\":\"https:\\\/\\\/geneveinfos.ch\\\/index.php\\\/2026\\\/09\\\/01\\\/cest-mon-salaire-peter-ruegg-beneficiaire-de-lai-vit-avec-4026-francs-par-mois\\\/#breadcrumblist\",\"itemListElement\":[{\"@type\":\"ListItem\",\"@id\":\"https:\\\/\\\/geneveinfos.ch#listItem\",\"position\":1,\"name\":\"Home\",\"item\":\"https:\\\/\\\/geneveinfos.ch\",\"nextItem\":{\"@type\":\"ListItem\",\"@id\":\"https:\\\/\\\/geneveinfos.ch\\\/index.php\\\/category\\\/finances-negoce\\\/#listItem\",\"name\":\"finances-negoce\"}},{\"@type\":\"ListItem\",\"@id\":\"https:\\\/\\\/geneveinfos.ch\\\/index.php\\\/category\\\/finances-negoce\\\/#listItem\",\"position\":2,\"name\":\"finances-negoce\",\"item\":\"https:\\\/\\\/geneveinfos.ch\\\/index.php\\\/category\\\/finances-negoce\\\/\",\"nextItem\":{\"@type\":\"ListItem\",\"@id\":\"https:\\\/\\\/geneveinfos.ch\\\/index.php\\\/2026\\\/09\\\/01\\\/cest-mon-salaire-peter-ruegg-beneficiaire-de-lai-vit-avec-4026-francs-par-mois\\\/#listItem\",\"name\":\"C\\u2019est mon salaire: Peter R\\u00fcegg, b\\u00e9n\\u00e9ficiaire de l\\u2019AI, vit avec 4026\\u00a0francs par mois\"},\"previousItem\":{\"@type\":\"ListItem\",\"@id\":\"https:\\\/\\\/geneveinfos.ch#listItem\",\"name\":\"Home\"}},{\"@type\":\"ListItem\",\"@id\":\"https:\\\/\\\/geneveinfos.ch\\\/index.php\\\/2026\\\/09\\\/01\\\/cest-mon-salaire-peter-ruegg-beneficiaire-de-lai-vit-avec-4026-francs-par-mois\\\/#listItem\",\"position\":3,\"name\":\"C\\u2019est mon salaire: Peter R\\u00fcegg, b\\u00e9n\\u00e9ficiaire de l\\u2019AI, vit avec 4026\\u00a0francs par mois\",\"previousItem\":{\"@type\":\"ListItem\",\"@id\":\"https:\\\/\\\/geneveinfos.ch\\\/index.php\\\/category\\\/finances-negoce\\\/#listItem\",\"name\":\"finances-negoce\"}}]},{\"@type\":\"Person\",\"@id\":\"https:\\\/\\\/geneveinfos.ch\\\/#person\",\"name\":\"Morgane RAVOUNA\",\"image\":{\"@type\":\"ImageObject\",\"@id\":\"https:\\\/\\\/geneveinfos.ch\\\/index.php\\\/2026\\\/09\\\/01\\\/cest-mon-salaire-peter-ruegg-beneficiaire-de-lai-vit-avec-4026-francs-par-mois\\\/#personImage\",\"url\":\"https:\\\/\\\/secure.gravatar.com\\\/avatar\\\/bd1e2e1e7cabf66754a14e2181bc3f67cd3c2b9403841e078411545fc405115b?s=96&d=mm&r=g\",\"width\":96,\"height\":96,\"caption\":\"Morgane RAVOUNA\"}},{\"@type\":\"Person\",\"@id\":\"https:\\\/\\\/geneveinfos.ch\\\/index.php\\\/author\\\/admin1380\\\/#author\",\"url\":\"https:\\\/\\\/geneveinfos.ch\\\/index.php\\\/author\\\/admin1380\\\/\",\"name\":\"Morgane RAVOUNA\",\"image\":{\"@type\":\"ImageObject\",\"@id\":\"https:\\\/\\\/geneveinfos.ch\\\/index.php\\\/2026\\\/09\\\/01\\\/cest-mon-salaire-peter-ruegg-beneficiaire-de-lai-vit-avec-4026-francs-par-mois\\\/#authorImage\",\"url\":\"https:\\\/\\\/secure.gravatar.com\\\/avatar\\\/bd1e2e1e7cabf66754a14e2181bc3f67cd3c2b9403841e078411545fc405115b?s=96&d=mm&r=g\",\"width\":96,\"height\":96,\"caption\":\"Morgane RAVOUNA\"}},{\"@type\":\"WebPage\",\"@id\":\"https:\\\/\\\/geneveinfos.ch\\\/index.php\\\/2026\\\/09\\\/01\\\/cest-mon-salaire-peter-ruegg-beneficiaire-de-lai-vit-avec-4026-francs-par-mois\\\/#webpage\",\"url\":\"https:\\\/\\\/geneveinfos.ch\\\/index.php\\\/2026\\\/09\\\/01\\\/cest-mon-salaire-peter-ruegg-beneficiaire-de-lai-vit-avec-4026-francs-par-mois\\\/\",\"name\":\"C\\u2019est mon salaire: Peter R\\u00fcegg, b\\u00e9n\\u00e9ficiaire de l\\u2019AI, vit avec 4026 francs par mois - Gen\\u00e8ve Infos\",\"description\":\"Apr\\u00e8s deux op\\u00e9rations \\u00e0 haut risque, cet ancien \\u00e9ducateur social vit avec une rente AI. Son engagement humanitaire en Ouganda lui donne un sens que la maladie menace de lui enlever.\",\"inLanguage\":\"fr-FR\",\"isPartOf\":{\"@id\":\"https:\\\/\\\/geneveinfos.ch\\\/#website\"},\"breadcrumb\":{\"@id\":\"https:\\\/\\\/geneveinfos.ch\\\/index.php\\\/2026\\\/09\\\/01\\\/cest-mon-salaire-peter-ruegg-beneficiaire-de-lai-vit-avec-4026-francs-par-mois\\\/#breadcrumblist\"},\"author\":{\"@id\":\"https:\\\/\\\/geneveinfos.ch\\\/index.php\\\/author\\\/admin1380\\\/#author\"},\"creator\":{\"@id\":\"https:\\\/\\\/geneveinfos.ch\\\/index.php\\\/author\\\/admin1380\\\/#author\"},\"image\":{\"@type\":\"ImageObject\",\"url\":\"https:\\\/\\\/geneveinfos.ch\\\/wp-content\\\/uploads\\\/2026\\\/09\\\/4KZYs0bpqE_AiLcVtsqcNY.jpg\",\"@id\":\"https:\\\/\\\/geneveinfos.ch\\\/index.php\\\/2026\\\/09\\\/01\\\/cest-mon-salaire-peter-ruegg-beneficiaire-de-lai-vit-avec-4026-francs-par-mois\\\/#mainImage\",\"width\":2048,\"height\":1365},\"primaryImageOfPage\":{\"@id\":\"https:\\\/\\\/geneveinfos.ch\\\/index.php\\\/2026\\\/09\\\/01\\\/cest-mon-salaire-peter-ruegg-beneficiaire-de-lai-vit-avec-4026-francs-par-mois\\\/#mainImage\"},\"datePublished\":\"2026-09-01T06:35:44+02:00\",\"dateModified\":\"2026-09-01T07:02:26+02:00\"},{\"@type\":\"WebSite\",\"@id\":\"https:\\\/\\\/geneveinfos.ch\\\/#website\",\"url\":\"https:\\\/\\\/geneveinfos.ch\\\/\",\"name\":\"Gen\\u00e8ve Infos\",\"description\":\"Le site d'informations de la r\\u00e9gion genevoise\",\"inLanguage\":\"fr-FR\",\"publisher\":{\"@id\":\"https:\\\/\\\/geneveinfos.ch\\\/#person\"}}]}\n\t\t<\/script>\n\t\t<!-- All in One SEO -->\n\n","aioseo_head_json":{"title":"C\u2019est mon salaire: Peter R\u00fcegg, b\u00e9n\u00e9ficiaire de l\u2019AI, vit avec 4026 francs par mois - Gen\u00e8ve Infos","description":"Apr\u00e8s deux op\u00e9rations \u00e0 haut risque, cet ancien \u00e9ducateur social vit avec une rente AI. Son engagement humanitaire en Ouganda lui donne un sens que la maladie menace de lui enlever.","canonical_url":"https:\/\/geneveinfos.ch\/index.php\/2026\/09\/01\/cest-mon-salaire-peter-ruegg-beneficiaire-de-lai-vit-avec-4026-francs-par-mois\/","robots":"max-image-preview:large","keywords":"","webmasterTools":{"miscellaneous":""},"schema":{"@context":"https:\/\/schema.org","@graph":[{"@type":"BlogPosting","@id":"https:\/\/geneveinfos.ch\/index.php\/2026\/09\/01\/cest-mon-salaire-peter-ruegg-beneficiaire-de-lai-vit-avec-4026-francs-par-mois\/#blogposting","name":"C\u2019est mon salaire: Peter R\u00fcegg, b\u00e9n\u00e9ficiaire de l\u2019AI, vit avec 4026 francs par mois - Gen\u00e8ve Infos","headline":"C\u2019est mon salaire: Peter R\u00fcegg, b\u00e9n\u00e9ficiaire de l\u2019AI, vit avec 4026\u00a0francs par mois","author":{"@id":"https:\/\/geneveinfos.ch\/index.php\/author\/admin1380\/#author"},"publisher":{"@id":"https:\/\/geneveinfos.ch\/#person"},"image":{"@type":"ImageObject","url":"https:\/\/geneveinfos.ch\/wp-content\/uploads\/2026\/09\/4KZYs0bpqE_AiLcVtsqcNY.jpg","width":2048,"height":1365},"datePublished":"2026-09-01T06:35:44+02:00","dateModified":"2026-09-01T07:02:26+02:00","inLanguage":"fr-FR","mainEntityOfPage":{"@id":"https:\/\/geneveinfos.ch\/index.php\/2026\/09\/01\/cest-mon-salaire-peter-ruegg-beneficiaire-de-lai-vit-avec-4026-francs-par-mois\/#webpage"},"isPartOf":{"@id":"https:\/\/geneveinfos.ch\/index.php\/2026\/09\/01\/cest-mon-salaire-peter-ruegg-beneficiaire-de-lai-vit-avec-4026-francs-par-mois\/#webpage"},"articleSection":"finances-negoce"},{"@type":"BreadcrumbList","@id":"https:\/\/geneveinfos.ch\/index.php\/2026\/09\/01\/cest-mon-salaire-peter-ruegg-beneficiaire-de-lai-vit-avec-4026-francs-par-mois\/#breadcrumblist","itemListElement":[{"@type":"ListItem","@id":"https:\/\/geneveinfos.ch#listItem","position":1,"name":"Home","item":"https:\/\/geneveinfos.ch","nextItem":{"@type":"ListItem","@id":"https:\/\/geneveinfos.ch\/index.php\/category\/finances-negoce\/#listItem","name":"finances-negoce"}},{"@type":"ListItem","@id":"https:\/\/geneveinfos.ch\/index.php\/category\/finances-negoce\/#listItem","position":2,"name":"finances-negoce","item":"https:\/\/geneveinfos.ch\/index.php\/category\/finances-negoce\/","nextItem":{"@type":"ListItem","@id":"https:\/\/geneveinfos.ch\/index.php\/2026\/09\/01\/cest-mon-salaire-peter-ruegg-beneficiaire-de-lai-vit-avec-4026-francs-par-mois\/#listItem","name":"C\u2019est mon salaire: Peter R\u00fcegg, b\u00e9n\u00e9ficiaire de l\u2019AI, vit avec 4026\u00a0francs par mois"},"previousItem":{"@type":"ListItem","@id":"https:\/\/geneveinfos.ch#listItem","name":"Home"}},{"@type":"ListItem","@id":"https:\/\/geneveinfos.ch\/index.php\/2026\/09\/01\/cest-mon-salaire-peter-ruegg-beneficiaire-de-lai-vit-avec-4026-francs-par-mois\/#listItem","position":3,"name":"C\u2019est mon salaire: Peter R\u00fcegg, b\u00e9n\u00e9ficiaire de l\u2019AI, vit avec 4026\u00a0francs par mois","previousItem":{"@type":"ListItem","@id":"https:\/\/geneveinfos.ch\/index.php\/category\/finances-negoce\/#listItem","name":"finances-negoce"}}]},{"@type":"Person","@id":"https:\/\/geneveinfos.ch\/#person","name":"Morgane RAVOUNA","image":{"@type":"ImageObject","@id":"https:\/\/geneveinfos.ch\/index.php\/2026\/09\/01\/cest-mon-salaire-peter-ruegg-beneficiaire-de-lai-vit-avec-4026-francs-par-mois\/#personImage","url":"https:\/\/secure.gravatar.com\/avatar\/bd1e2e1e7cabf66754a14e2181bc3f67cd3c2b9403841e078411545fc405115b?s=96&d=mm&r=g","width":96,"height":96,"caption":"Morgane RAVOUNA"}},{"@type":"Person","@id":"https:\/\/geneveinfos.ch\/index.php\/author\/admin1380\/#author","url":"https:\/\/geneveinfos.ch\/index.php\/author\/admin1380\/","name":"Morgane RAVOUNA","image":{"@type":"ImageObject","@id":"https:\/\/geneveinfos.ch\/index.php\/2026\/09\/01\/cest-mon-salaire-peter-ruegg-beneficiaire-de-lai-vit-avec-4026-francs-par-mois\/#authorImage","url":"https:\/\/secure.gravatar.com\/avatar\/bd1e2e1e7cabf66754a14e2181bc3f67cd3c2b9403841e078411545fc405115b?s=96&d=mm&r=g","width":96,"height":96,"caption":"Morgane RAVOUNA"}},{"@type":"WebPage","@id":"https:\/\/geneveinfos.ch\/index.php\/2026\/09\/01\/cest-mon-salaire-peter-ruegg-beneficiaire-de-lai-vit-avec-4026-francs-par-mois\/#webpage","url":"https:\/\/geneveinfos.ch\/index.php\/2026\/09\/01\/cest-mon-salaire-peter-ruegg-beneficiaire-de-lai-vit-avec-4026-francs-par-mois\/","name":"C\u2019est mon salaire: Peter R\u00fcegg, b\u00e9n\u00e9ficiaire de l\u2019AI, vit avec 4026 francs par mois - Gen\u00e8ve Infos","description":"Apr\u00e8s deux op\u00e9rations \u00e0 haut risque, cet ancien \u00e9ducateur social vit avec une rente AI. Son engagement humanitaire en Ouganda lui donne un sens que la maladie menace de lui enlever.","inLanguage":"fr-FR","isPartOf":{"@id":"https:\/\/geneveinfos.ch\/#website"},"breadcrumb":{"@id":"https:\/\/geneveinfos.ch\/index.php\/2026\/09\/01\/cest-mon-salaire-peter-ruegg-beneficiaire-de-lai-vit-avec-4026-francs-par-mois\/#breadcrumblist"},"author":{"@id":"https:\/\/geneveinfos.ch\/index.php\/author\/admin1380\/#author"},"creator":{"@id":"https:\/\/geneveinfos.ch\/index.php\/author\/admin1380\/#author"},"image":{"@type":"ImageObject","url":"https:\/\/geneveinfos.ch\/wp-content\/uploads\/2026\/09\/4KZYs0bpqE_AiLcVtsqcNY.jpg","@id":"https:\/\/geneveinfos.ch\/index.php\/2026\/09\/01\/cest-mon-salaire-peter-ruegg-beneficiaire-de-lai-vit-avec-4026-francs-par-mois\/#mainImage","width":2048,"height":1365},"primaryImageOfPage":{"@id":"https:\/\/geneveinfos.ch\/index.php\/2026\/09\/01\/cest-mon-salaire-peter-ruegg-beneficiaire-de-lai-vit-avec-4026-francs-par-mois\/#mainImage"},"datePublished":"2026-09-01T06:35:44+02:00","dateModified":"2026-09-01T07:02:26+02:00"},{"@type":"WebSite","@id":"https:\/\/geneveinfos.ch\/#website","url":"https:\/\/geneveinfos.ch\/","name":"Gen\u00e8ve Infos","description":"Le site d'informations de la r\u00e9gion genevoise","inLanguage":"fr-FR","publisher":{"@id":"https:\/\/geneveinfos.ch\/#person"}}]},"og:locale":"fr_FR","og:site_name":"Gen\u00e8ve Infos - Le site d'informations de la r\u00e9gion genevoise","og:type":"article","og:title":"C\u2019est mon salaire: Peter R\u00fcegg, b\u00e9n\u00e9ficiaire de l\u2019AI, vit avec 4026 francs par mois - Gen\u00e8ve Infos","og:description":"Apr\u00e8s deux op\u00e9rations \u00e0 haut risque, cet ancien \u00e9ducateur social vit avec une rente AI. Son engagement humanitaire en Ouganda lui donne un sens que la maladie menace de lui enlever.","og:url":"https:\/\/geneveinfos.ch\/index.php\/2026\/09\/01\/cest-mon-salaire-peter-ruegg-beneficiaire-de-lai-vit-avec-4026-francs-par-mois\/","og:image":"https:\/\/geneveinfos.ch\/wp-content\/uploads\/2025\/09\/Capture-decran-2025-09-18-a-16.52.08.png","og:image:secure_url":"https:\/\/geneveinfos.ch\/wp-content\/uploads\/2025\/09\/Capture-decran-2025-09-18-a-16.52.08.png","og:image:width":513,"og:image:height":457,"article:published_time":"2026-09-01T04:35:44+00:00","article:modified_time":"2026-09-01T05:02:26+00:00","article:publisher":"https:\/\/www.facebook.com\/profile.php?id=61576016541234","twitter:card":"summary_large_image","twitter:title":"C\u2019est mon salaire: Peter R\u00fcegg, b\u00e9n\u00e9ficiaire de l\u2019AI, vit avec 4026 francs par mois - Gen\u00e8ve Infos","twitter:description":"Apr\u00e8s deux op\u00e9rations \u00e0 haut risque, cet ancien \u00e9ducateur social vit avec une rente AI. Son engagement humanitaire en Ouganda lui donne un sens que la maladie menace de lui enlever.","twitter:image":"https:\/\/geneveinfos.ch\/wp-content\/uploads\/2025\/09\/Capture-decran-2025-09-18-a-16.52.08.png"},"aioseo_meta_data":{"post_id":"207139","title":null,"description":null,"keywords":null,"keyphrases":null,"primary_term":null,"canonical_url":null,"og_title":null,"og_description":null,"og_object_type":"default","og_image_type":"default","og_image_url":null,"og_image_width":null,"og_image_height":null,"og_image_custom_url":null,"og_image_custom_fields":null,"og_video":null,"og_custom_url":null,"og_article_section":null,"og_article_tags":null,"twitter_use_og":false,"twitter_card":"default","twitter_image_type":"default","twitter_image_url":null,"twitter_image_custom_url":null,"twitter_image_custom_fields":null,"twitter_title":null,"twitter_description":null,"schema":{"blockGraphs":[],"customGraphs":[],"default":{"data":{"Article":[],"Course":[],"Dataset":[],"FAQPage":[],"Movie":[],"Person":[],"Product":[],"ProductReview":[],"Car":[],"Recipe":[],"Service":[],"SoftwareApplication":[],"WebPage":[]},"graphName":"","isEnabled":true},"graphs":[]},"schema_type":"default","schema_type_options":null,"pillar_content":false,"robots_default":true,"robots_noindex":false,"robots_noarchive":false,"robots_nosnippet":false,"robots_nofollow":false,"robots_noimageindex":false,"robots_noodp":false,"robots_notranslate":false,"robots_max_snippet":null,"robots_max_videopreview":null,"robots_max_imagepreview":"large","priority":null,"frequency":null,"local_seo":null,"breadcrumb_settings":null,"limit_modified_date":false,"ai":null,"created":"2026-09-01 05:04:55","updated":"2026-09-01 05:04:55","seo_analyzer_scan_date":null,"focus_keyword":null,"additional_keywords":null,"truseo_locale":null},"aioseo_breadcrumb":"<div class=\"aioseo-breadcrumbs\"><span class=\"aioseo-breadcrumb\">\n\t\t\t<a href=\"https:\/\/geneveinfos.ch\" title=\"Home\">Home<\/a>\n\t\t<\/span><span class=\"aioseo-breadcrumb-separator\">&raquo;<\/span><span class=\"aioseo-breadcrumb\">\n\t\t\t<a href=\"https:\/\/geneveinfos.ch\/index.php\/category\/finances-negoce\/\" title=\"finances-negoce\">finances-negoce<\/a>\n\t\t<\/span><span class=\"aioseo-breadcrumb-separator\">&raquo;<\/span><span class=\"aioseo-breadcrumb\">\n\t\t\tC\u2019est mon salaire: Peter R\u00fcegg, b\u00e9n\u00e9ficiaire de l\u2019AI, vit avec 4026 francs par mois\n\t\t<\/span><\/div>","aioseo_breadcrumb_json":[{"label":"Home","link":"https:\/\/geneveinfos.ch"},{"label":"finances-negoce","link":"https:\/\/geneveinfos.ch\/index.php\/category\/finances-negoce\/"},{"label":"C\u2019est mon salaire: Peter R\u00fcegg, b\u00e9n\u00e9ficiaire de l\u2019AI, vit avec 4026\u00a0francs par mois","link":"https:\/\/geneveinfos.ch\/index.php\/2026\/09\/01\/cest-mon-salaire-peter-ruegg-beneficiaire-de-lai-vit-avec-4026-francs-par-mois\/"}],"_links":{"self":[{"href":"https:\/\/geneveinfos.ch\/index.php\/wp-json\/wp\/v2\/posts\/207139","targetHints":{"allow":["GET"]}}],"collection":[{"href":"https:\/\/geneveinfos.ch\/index.php\/wp-json\/wp\/v2\/posts"}],"about":[{"href":"https:\/\/geneveinfos.ch\/index.php\/wp-json\/wp\/v2\/types\/post"}],"author":[{"embeddable":true,"href":"https:\/\/geneveinfos.ch\/index.php\/wp-json\/wp\/v2\/users\/1"}],"replies":[{"embeddable":true,"href":"https:\/\/geneveinfos.ch\/index.php\/wp-json\/wp\/v2\/comments?post=207139"}],"version-history":[{"count":1,"href":"https:\/\/geneveinfos.ch\/index.php\/wp-json\/wp\/v2\/posts\/207139\/revisions"}],"predecessor-version":[{"id":207141,"href":"https:\/\/geneveinfos.ch\/index.php\/wp-json\/wp\/v2\/posts\/207139\/revisions\/207141"}],"wp:featuredmedia":[{"embeddable":true,"href":"https:\/\/geneveinfos.ch\/index.php\/wp-json\/wp\/v2\/media\/207140"}],"wp:attachment":[{"href":"https:\/\/geneveinfos.ch\/index.php\/wp-json\/wp\/v2\/media?parent=207139"}],"wp:term":[{"taxonomy":"category","embeddable":true,"href":"https:\/\/geneveinfos.ch\/index.php\/wp-json\/wp\/v2\/categories?post=207139"},{"taxonomy":"post_tag","embeddable":true,"href":"https:\/\/geneveinfos.ch\/index.php\/wp-json\/wp\/v2\/tags?post=207139"}],"curies":[{"name":"wp","href":"https:\/\/api.w.org\/{rel}","templated":true}]}}