{"id":208319,"date":"2026-09-02T17:31:36","date_gmt":"2026-09-02T15:31:36","guid":{"rendered":"https:\/\/geneveinfos.ch\/index.php\/2026\/09\/02\/facture-de-plus-de-30-millions-berne-confirme-le-refus-de-la-france-de-payer-pour-le-g7-a-geneve\/"},"modified":"2026-09-02T17:47:25","modified_gmt":"2026-09-02T15:47:25","slug":"facture-de-plus-de-30-millions-berne-confirme-le-refus-de-la-france-de-payer-pour-le-g7-a-geneve","status":"publish","type":"post","link":"https:\/\/geneveinfos.ch\/index.php\/2026\/09\/02\/facture-de-plus-de-30-millions-berne-confirme-le-refus-de-la-france-de-payer-pour-le-g7-a-geneve\/","title":{"rendered":"Facture de plus de 30\u00a0millions: Berne confirme le refus de la France de payer pour le G7 \u00e0 Gen\u00e8ve"},"content":{"rendered":"<p>This <a href=\"https:\/\/www.tdg.ch\/g7-la-france-refuse-de-payer-la-facture-de-securite-375636992273\" target=\"_blank\">post<\/a> was originally published on <a href=\"https:\/\/partner-feeds.publishing.tamedia.ch\/rss\/tdg\/geneve\" target=\"_blank\">this site<\/a>.<\/p><div>Gen&egrave;ve et la Conf&eacute;d&eacute;ration devront assumer les 31,6&nbsp;millions de francs pour s&eacute;curiser le bout du lac en marge du G7 qui s&rsquo;est d&eacute;roul&eacute; en juin &agrave; &Eacute;vian-les-Bains.<\/div>\n","protected":false},"excerpt":{"rendered":"<p>This post was originally published on this site.Gen&egrave;ve et la Conf&eacute;d&eacute;ration devront assumer les 31,6&nbsp;millions de francs pour s&eacute;curiser le bout du lac en marge du G7 qui s&rsquo;est d&eacute;roul&eacute; en juin &agrave; &Eacute;vian-les-Bains.<\/p>\n","protected":false},"author":1,"featured_media":208320,"comment_status":"open","ping_status":"open","sticky":false,"template":"","format":"standard","meta":{"_monsterinsights_skip_tracking":false,"_uf_show_specific_survey":0,"_uf_disable_surveys":false,"footnotes":""},"categories":[97],"tags":[],"class_list":["post-208319","post","type-post","status-publish","format-standard","has-post-thumbnail","hentry","category-international-news"],"aioseo_notices":[],"aioseo_head":"\n\t\t<!-- All in One SEO 5.0.1.1 - aioseo.com -->\n\t<meta name=\"description\" content=\"Gen\u00e8ve et la Conf\u00e9d\u00e9ration devront assumer les 31,6 millions de francs pour s\u00e9curiser le bout du lac en marge du G7 qui s\u2019est d\u00e9roul\u00e9 en juin \u00e0 \u00c9vian-les-Bains.\" \/>\n\t<meta name=\"robots\" content=\"max-image-preview:large\" \/>\n\t<meta name=\"author\" content=\"Morgane RAVOUNA\"\/>\n\t<link rel=\"canonical\" href=\"https:\/\/geneveinfos.ch\/index.php\/2026\/09\/02\/facture-de-plus-de-30-millions-berne-confirme-le-refus-de-la-france-de-payer-pour-le-g7-a-geneve\/\" \/>\n\t<meta name=\"generator\" content=\"All in One SEO (AIOSEO) 5.0.1.1\" \/>\n\t\t<meta property=\"og:locale\" content=\"fr_FR\" \/>\n\t\t<meta property=\"og:site_name\" content=\"Gen\u00e8ve Infos - Le site d&#039;informations de la r\u00e9gion genevoise\" \/>\n\t\t<meta property=\"og:type\" content=\"article\" \/>\n\t\t<meta property=\"og:title\" content=\"Facture de plus de 30 millions: Berne confirme le refus de la France de payer pour le G7 \u00e0 Gen\u00e8ve - Gen\u00e8ve Infos\" \/>\n\t\t<meta property=\"og:description\" content=\"Gen\u00e8ve et la Conf\u00e9d\u00e9ration devront assumer les 31,6 millions de francs pour s\u00e9curiser le bout du lac en marge du G7 qui s\u2019est d\u00e9roul\u00e9 en juin \u00e0 \u00c9vian-les-Bains.\" \/>\n\t\t<meta property=\"og:url\" content=\"https:\/\/geneveinfos.ch\/index.php\/2026\/09\/02\/facture-de-plus-de-30-millions-berne-confirme-le-refus-de-la-france-de-payer-pour-le-g7-a-geneve\/\" \/>\n\t\t<meta property=\"og:image\" content=\"https:\/\/geneveinfos.ch\/wp-content\/uploads\/2025\/09\/Capture-decran-2025-09-18-a-16.52.08.png\" \/>\n\t\t<meta property=\"og:image:secure_url\" content=\"https:\/\/geneveinfos.ch\/wp-content\/uploads\/2025\/09\/Capture-decran-2025-09-18-a-16.52.08.png\" \/>\n\t\t<meta property=\"og:image:width\" content=\"513\" \/>\n\t\t<meta property=\"og:image:height\" content=\"457\" \/>\n\t\t<meta property=\"article:published_time\" content=\"2026-09-02T15:31:36+00:00\" \/>\n\t\t<meta property=\"article:modified_time\" content=\"2026-09-02T15:47:25+00:00\" \/>\n\t\t<meta property=\"article:publisher\" content=\"https:\/\/www.facebook.com\/profile.php?id=61576016541234\" \/>\n\t\t<meta name=\"twitter:card\" content=\"summary_large_image\" \/>\n\t\t<meta name=\"twitter:title\" content=\"Facture de plus de 30 millions: Berne confirme le refus de la France de payer pour le G7 \u00e0 Gen\u00e8ve - Gen\u00e8ve Infos\" \/>\n\t\t<meta name=\"twitter:description\" content=\"Gen\u00e8ve et la Conf\u00e9d\u00e9ration devront assumer les 31,6 millions de francs pour s\u00e9curiser le bout du lac en marge du G7 qui s\u2019est d\u00e9roul\u00e9 en juin \u00e0 \u00c9vian-les-Bains.\" \/>\n\t\t<meta name=\"twitter:image\" content=\"https:\/\/geneveinfos.ch\/wp-content\/uploads\/2025\/09\/Capture-decran-2025-09-18-a-16.52.08.png\" \/>\n\t\t<script type=\"application\/ld+json\" class=\"aioseo-schema\">\n\t\t\t{\"@context\":\"https:\\\/\\\/schema.org\",\"@graph\":[{\"@type\":\"BlogPosting\",\"@id\":\"https:\\\/\\\/geneveinfos.ch\\\/index.php\\\/2026\\\/09\\\/02\\\/facture-de-plus-de-30-millions-berne-confirme-le-refus-de-la-france-de-payer-pour-le-g7-a-geneve\\\/#blogposting\",\"name\":\"Facture de plus de 30 millions: Berne confirme le refus de la France de payer pour le G7 \\u00e0 Gen\\u00e8ve - Gen\\u00e8ve Infos\",\"headline\":\"Facture de plus de 30\\u00a0millions: Berne confirme le refus de la France de payer pour le G7 \\u00e0 Gen\\u00e8ve\",\"author\":{\"@id\":\"https:\\\/\\\/geneveinfos.ch\\\/index.php\\\/author\\\/admin1380\\\/#author\"},\"publisher\":{\"@id\":\"https:\\\/\\\/geneveinfos.ch\\\/#person\"},\"image\":{\"@type\":\"ImageObject\",\"url\":\"https:\\\/\\\/geneveinfos.ch\\\/wp-content\\\/uploads\\\/2026\\\/09\\\/8imXKiJmKFaAdpM9izAFo6.jpg\",\"width\":2048,\"height\":1363},\"datePublished\":\"2026-09-02T17:31:36+02:00\",\"dateModified\":\"2026-09-02T17:47:25+02:00\",\"inLanguage\":\"fr-FR\",\"mainEntityOfPage\":{\"@id\":\"https:\\\/\\\/geneveinfos.ch\\\/index.php\\\/2026\\\/09\\\/02\\\/facture-de-plus-de-30-millions-berne-confirme-le-refus-de-la-france-de-payer-pour-le-g7-a-geneve\\\/#webpage\"},\"isPartOf\":{\"@id\":\"https:\\\/\\\/geneveinfos.ch\\\/index.php\\\/2026\\\/09\\\/02\\\/facture-de-plus-de-30-millions-berne-confirme-le-refus-de-la-france-de-payer-pour-le-g7-a-geneve\\\/#webpage\"},\"articleSection\":\"international\"},{\"@type\":\"BreadcrumbList\",\"@id\":\"https:\\\/\\\/geneveinfos.ch\\\/index.php\\\/2026\\\/09\\\/02\\\/facture-de-plus-de-30-millions-berne-confirme-le-refus-de-la-france-de-payer-pour-le-g7-a-geneve\\\/#breadcrumblist\",\"itemListElement\":[{\"@type\":\"ListItem\",\"@id\":\"https:\\\/\\\/geneveinfos.ch#listItem\",\"position\":1,\"name\":\"Home\",\"item\":\"https:\\\/\\\/geneveinfos.ch\",\"nextItem\":{\"@type\":\"ListItem\",\"@id\":\"https:\\\/\\\/geneveinfos.ch\\\/index.php\\\/category\\\/news\\\/#listItem\",\"name\":\"News\"}},{\"@type\":\"ListItem\",\"@id\":\"https:\\\/\\\/geneveinfos.ch\\\/index.php\\\/category\\\/news\\\/#listItem\",\"position\":2,\"name\":\"News\",\"item\":\"https:\\\/\\\/geneveinfos.ch\\\/index.php\\\/category\\\/news\\\/\",\"nextItem\":{\"@type\":\"ListItem\",\"@id\":\"https:\\\/\\\/geneveinfos.ch\\\/index.php\\\/category\\\/news\\\/international-news\\\/#listItem\",\"name\":\"international\"},\"previousItem\":{\"@type\":\"ListItem\",\"@id\":\"https:\\\/\\\/geneveinfos.ch#listItem\",\"name\":\"Home\"}},{\"@type\":\"ListItem\",\"@id\":\"https:\\\/\\\/geneveinfos.ch\\\/index.php\\\/category\\\/news\\\/international-news\\\/#listItem\",\"position\":3,\"name\":\"international\",\"item\":\"https:\\\/\\\/geneveinfos.ch\\\/index.php\\\/category\\\/news\\\/international-news\\\/\",\"nextItem\":{\"@type\":\"ListItem\",\"@id\":\"https:\\\/\\\/geneveinfos.ch\\\/index.php\\\/2026\\\/09\\\/02\\\/facture-de-plus-de-30-millions-berne-confirme-le-refus-de-la-france-de-payer-pour-le-g7-a-geneve\\\/#listItem\",\"name\":\"Facture de plus de 30\\u00a0millions: Berne confirme le refus de la France de payer pour le G7 \\u00e0 Gen\\u00e8ve\"},\"previousItem\":{\"@type\":\"ListItem\",\"@id\":\"https:\\\/\\\/geneveinfos.ch\\\/index.php\\\/category\\\/news\\\/#listItem\",\"name\":\"News\"}},{\"@type\":\"ListItem\",\"@id\":\"https:\\\/\\\/geneveinfos.ch\\\/index.php\\\/2026\\\/09\\\/02\\\/facture-de-plus-de-30-millions-berne-confirme-le-refus-de-la-france-de-payer-pour-le-g7-a-geneve\\\/#listItem\",\"position\":4,\"name\":\"Facture de plus de 30\\u00a0millions: Berne confirme le refus de la France de payer pour le G7 \\u00e0 Gen\\u00e8ve\",\"previousItem\":{\"@type\":\"ListItem\",\"@id\":\"https:\\\/\\\/geneveinfos.ch\\\/index.php\\\/category\\\/news\\\/international-news\\\/#listItem\",\"name\":\"international\"}}]},{\"@type\":\"Person\",\"@id\":\"https:\\\/\\\/geneveinfos.ch\\\/#person\",\"name\":\"Morgane RAVOUNA\",\"image\":{\"@type\":\"ImageObject\",\"@id\":\"https:\\\/\\\/geneveinfos.ch\\\/index.php\\\/2026\\\/09\\\/02\\\/facture-de-plus-de-30-millions-berne-confirme-le-refus-de-la-france-de-payer-pour-le-g7-a-geneve\\\/#personImage\",\"url\":\"https:\\\/\\\/secure.gravatar.com\\\/avatar\\\/bd1e2e1e7cabf66754a14e2181bc3f67cd3c2b9403841e078411545fc405115b?s=96&d=mm&r=g\",\"width\":96,\"height\":96,\"caption\":\"Morgane RAVOUNA\"}},{\"@type\":\"Person\",\"@id\":\"https:\\\/\\\/geneveinfos.ch\\\/index.php\\\/author\\\/admin1380\\\/#author\",\"url\":\"https:\\\/\\\/geneveinfos.ch\\\/index.php\\\/author\\\/admin1380\\\/\",\"name\":\"Morgane RAVOUNA\",\"image\":{\"@type\":\"ImageObject\",\"@id\":\"https:\\\/\\\/geneveinfos.ch\\\/index.php\\\/2026\\\/09\\\/02\\\/facture-de-plus-de-30-millions-berne-confirme-le-refus-de-la-france-de-payer-pour-le-g7-a-geneve\\\/#authorImage\",\"url\":\"https:\\\/\\\/secure.gravatar.com\\\/avatar\\\/bd1e2e1e7cabf66754a14e2181bc3f67cd3c2b9403841e078411545fc405115b?s=96&d=mm&r=g\",\"width\":96,\"height\":96,\"caption\":\"Morgane RAVOUNA\"}},{\"@type\":\"WebPage\",\"@id\":\"https:\\\/\\\/geneveinfos.ch\\\/index.php\\\/2026\\\/09\\\/02\\\/facture-de-plus-de-30-millions-berne-confirme-le-refus-de-la-france-de-payer-pour-le-g7-a-geneve\\\/#webpage\",\"url\":\"https:\\\/\\\/geneveinfos.ch\\\/index.php\\\/2026\\\/09\\\/02\\\/facture-de-plus-de-30-millions-berne-confirme-le-refus-de-la-france-de-payer-pour-le-g7-a-geneve\\\/\",\"name\":\"Facture de plus de 30 millions: Berne confirme le refus de la France de payer pour le G7 \\u00e0 Gen\\u00e8ve - Gen\\u00e8ve Infos\",\"description\":\"Gen\\u00e8ve et la Conf\\u00e9d\\u00e9ration devront assumer les 31,6 millions de francs pour s\\u00e9curiser le bout du lac en marge du G7 qui s\\u2019est d\\u00e9roul\\u00e9 en juin \\u00e0 \\u00c9vian-les-Bains.\",\"inLanguage\":\"fr-FR\",\"isPartOf\":{\"@id\":\"https:\\\/\\\/geneveinfos.ch\\\/#website\"},\"breadcrumb\":{\"@id\":\"https:\\\/\\\/geneveinfos.ch\\\/index.php\\\/2026\\\/09\\\/02\\\/facture-de-plus-de-30-millions-berne-confirme-le-refus-de-la-france-de-payer-pour-le-g7-a-geneve\\\/#breadcrumblist\"},\"author\":{\"@id\":\"https:\\\/\\\/geneveinfos.ch\\\/index.php\\\/author\\\/admin1380\\\/#author\"},\"creator\":{\"@id\":\"https:\\\/\\\/geneveinfos.ch\\\/index.php\\\/author\\\/admin1380\\\/#author\"},\"image\":{\"@type\":\"ImageObject\",\"url\":\"https:\\\/\\\/geneveinfos.ch\\\/wp-content\\\/uploads\\\/2026\\\/09\\\/8imXKiJmKFaAdpM9izAFo6.jpg\",\"@id\":\"https:\\\/\\\/geneveinfos.ch\\\/index.php\\\/2026\\\/09\\\/02\\\/facture-de-plus-de-30-millions-berne-confirme-le-refus-de-la-france-de-payer-pour-le-g7-a-geneve\\\/#mainImage\",\"width\":2048,\"height\":1363},\"primaryImageOfPage\":{\"@id\":\"https:\\\/\\\/geneveinfos.ch\\\/index.php\\\/2026\\\/09\\\/02\\\/facture-de-plus-de-30-millions-berne-confirme-le-refus-de-la-france-de-payer-pour-le-g7-a-geneve\\\/#mainImage\"},\"datePublished\":\"2026-09-02T17:31:36+02:00\",\"dateModified\":\"2026-09-02T17:47:25+02:00\"},{\"@type\":\"WebSite\",\"@id\":\"https:\\\/\\\/geneveinfos.ch\\\/#website\",\"url\":\"https:\\\/\\\/geneveinfos.ch\\\/\",\"name\":\"Gen\\u00e8ve Infos\",\"description\":\"Le site d'informations de la r\\u00e9gion genevoise\",\"inLanguage\":\"fr-FR\",\"publisher\":{\"@id\":\"https:\\\/\\\/geneveinfos.ch\\\/#person\"}}]}\n\t\t<\/script>\n\t\t<!-- All in One SEO -->\n\n","aioseo_head_json":{"title":"Facture de plus de 30 millions: Berne confirme le refus de la France de payer pour le G7 \u00e0 Gen\u00e8ve - Gen\u00e8ve Infos","description":"Gen\u00e8ve et la Conf\u00e9d\u00e9ration devront assumer les 31,6 millions de francs pour s\u00e9curiser le bout du lac en marge du G7 qui s\u2019est d\u00e9roul\u00e9 en juin \u00e0 \u00c9vian-les-Bains.","canonical_url":"https:\/\/geneveinfos.ch\/index.php\/2026\/09\/02\/facture-de-plus-de-30-millions-berne-confirme-le-refus-de-la-france-de-payer-pour-le-g7-a-geneve\/","robots":"max-image-preview:large","keywords":"","webmasterTools":{"miscellaneous":""},"schema":{"@context":"https:\/\/schema.org","@graph":[{"@type":"BlogPosting","@id":"https:\/\/geneveinfos.ch\/index.php\/2026\/09\/02\/facture-de-plus-de-30-millions-berne-confirme-le-refus-de-la-france-de-payer-pour-le-g7-a-geneve\/#blogposting","name":"Facture de plus de 30 millions: Berne confirme le refus de la France de payer pour le G7 \u00e0 Gen\u00e8ve - Gen\u00e8ve Infos","headline":"Facture de plus de 30\u00a0millions: Berne confirme le refus de la France de payer pour le G7 \u00e0 Gen\u00e8ve","author":{"@id":"https:\/\/geneveinfos.ch\/index.php\/author\/admin1380\/#author"},"publisher":{"@id":"https:\/\/geneveinfos.ch\/#person"},"image":{"@type":"ImageObject","url":"https:\/\/geneveinfos.ch\/wp-content\/uploads\/2026\/09\/8imXKiJmKFaAdpM9izAFo6.jpg","width":2048,"height":1363},"datePublished":"2026-09-02T17:31:36+02:00","dateModified":"2026-09-02T17:47:25+02:00","inLanguage":"fr-FR","mainEntityOfPage":{"@id":"https:\/\/geneveinfos.ch\/index.php\/2026\/09\/02\/facture-de-plus-de-30-millions-berne-confirme-le-refus-de-la-france-de-payer-pour-le-g7-a-geneve\/#webpage"},"isPartOf":{"@id":"https:\/\/geneveinfos.ch\/index.php\/2026\/09\/02\/facture-de-plus-de-30-millions-berne-confirme-le-refus-de-la-france-de-payer-pour-le-g7-a-geneve\/#webpage"},"articleSection":"international"},{"@type":"BreadcrumbList","@id":"https:\/\/geneveinfos.ch\/index.php\/2026\/09\/02\/facture-de-plus-de-30-millions-berne-confirme-le-refus-de-la-france-de-payer-pour-le-g7-a-geneve\/#breadcrumblist","itemListElement":[{"@type":"ListItem","@id":"https:\/\/geneveinfos.ch#listItem","position":1,"name":"Home","item":"https:\/\/geneveinfos.ch","nextItem":{"@type":"ListItem","@id":"https:\/\/geneveinfos.ch\/index.php\/category\/news\/#listItem","name":"News"}},{"@type":"ListItem","@id":"https:\/\/geneveinfos.ch\/index.php\/category\/news\/#listItem","position":2,"name":"News","item":"https:\/\/geneveinfos.ch\/index.php\/category\/news\/","nextItem":{"@type":"ListItem","@id":"https:\/\/geneveinfos.ch\/index.php\/category\/news\/international-news\/#listItem","name":"international"},"previousItem":{"@type":"ListItem","@id":"https:\/\/geneveinfos.ch#listItem","name":"Home"}},{"@type":"ListItem","@id":"https:\/\/geneveinfos.ch\/index.php\/category\/news\/international-news\/#listItem","position":3,"name":"international","item":"https:\/\/geneveinfos.ch\/index.php\/category\/news\/international-news\/","nextItem":{"@type":"ListItem","@id":"https:\/\/geneveinfos.ch\/index.php\/2026\/09\/02\/facture-de-plus-de-30-millions-berne-confirme-le-refus-de-la-france-de-payer-pour-le-g7-a-geneve\/#listItem","name":"Facture de plus de 30\u00a0millions: Berne confirme le refus de la France de payer pour le G7 \u00e0 Gen\u00e8ve"},"previousItem":{"@type":"ListItem","@id":"https:\/\/geneveinfos.ch\/index.php\/category\/news\/#listItem","name":"News"}},{"@type":"ListItem","@id":"https:\/\/geneveinfos.ch\/index.php\/2026\/09\/02\/facture-de-plus-de-30-millions-berne-confirme-le-refus-de-la-france-de-payer-pour-le-g7-a-geneve\/#listItem","position":4,"name":"Facture de plus de 30\u00a0millions: Berne confirme le refus de la France de payer pour le G7 \u00e0 Gen\u00e8ve","previousItem":{"@type":"ListItem","@id":"https:\/\/geneveinfos.ch\/index.php\/category\/news\/international-news\/#listItem","name":"international"}}]},{"@type":"Person","@id":"https:\/\/geneveinfos.ch\/#person","name":"Morgane RAVOUNA","image":{"@type":"ImageObject","@id":"https:\/\/geneveinfos.ch\/index.php\/2026\/09\/02\/facture-de-plus-de-30-millions-berne-confirme-le-refus-de-la-france-de-payer-pour-le-g7-a-geneve\/#personImage","url":"https:\/\/secure.gravatar.com\/avatar\/bd1e2e1e7cabf66754a14e2181bc3f67cd3c2b9403841e078411545fc405115b?s=96&d=mm&r=g","width":96,"height":96,"caption":"Morgane RAVOUNA"}},{"@type":"Person","@id":"https:\/\/geneveinfos.ch\/index.php\/author\/admin1380\/#author","url":"https:\/\/geneveinfos.ch\/index.php\/author\/admin1380\/","name":"Morgane RAVOUNA","image":{"@type":"ImageObject","@id":"https:\/\/geneveinfos.ch\/index.php\/2026\/09\/02\/facture-de-plus-de-30-millions-berne-confirme-le-refus-de-la-france-de-payer-pour-le-g7-a-geneve\/#authorImage","url":"https:\/\/secure.gravatar.com\/avatar\/bd1e2e1e7cabf66754a14e2181bc3f67cd3c2b9403841e078411545fc405115b?s=96&d=mm&r=g","width":96,"height":96,"caption":"Morgane RAVOUNA"}},{"@type":"WebPage","@id":"https:\/\/geneveinfos.ch\/index.php\/2026\/09\/02\/facture-de-plus-de-30-millions-berne-confirme-le-refus-de-la-france-de-payer-pour-le-g7-a-geneve\/#webpage","url":"https:\/\/geneveinfos.ch\/index.php\/2026\/09\/02\/facture-de-plus-de-30-millions-berne-confirme-le-refus-de-la-france-de-payer-pour-le-g7-a-geneve\/","name":"Facture de plus de 30 millions: Berne confirme le refus de la France de payer pour le G7 \u00e0 Gen\u00e8ve - Gen\u00e8ve Infos","description":"Gen\u00e8ve et la Conf\u00e9d\u00e9ration devront assumer les 31,6 millions de francs pour s\u00e9curiser le bout du lac en marge du G7 qui s\u2019est d\u00e9roul\u00e9 en juin \u00e0 \u00c9vian-les-Bains.","inLanguage":"fr-FR","isPartOf":{"@id":"https:\/\/geneveinfos.ch\/#website"},"breadcrumb":{"@id":"https:\/\/geneveinfos.ch\/index.php\/2026\/09\/02\/facture-de-plus-de-30-millions-berne-confirme-le-refus-de-la-france-de-payer-pour-le-g7-a-geneve\/#breadcrumblist"},"author":{"@id":"https:\/\/geneveinfos.ch\/index.php\/author\/admin1380\/#author"},"creator":{"@id":"https:\/\/geneveinfos.ch\/index.php\/author\/admin1380\/#author"},"image":{"@type":"ImageObject","url":"https:\/\/geneveinfos.ch\/wp-content\/uploads\/2026\/09\/8imXKiJmKFaAdpM9izAFo6.jpg","@id":"https:\/\/geneveinfos.ch\/index.php\/2026\/09\/02\/facture-de-plus-de-30-millions-berne-confirme-le-refus-de-la-france-de-payer-pour-le-g7-a-geneve\/#mainImage","width":2048,"height":1363},"primaryImageOfPage":{"@id":"https:\/\/geneveinfos.ch\/index.php\/2026\/09\/02\/facture-de-plus-de-30-millions-berne-confirme-le-refus-de-la-france-de-payer-pour-le-g7-a-geneve\/#mainImage"},"datePublished":"2026-09-02T17:31:36+02:00","dateModified":"2026-09-02T17:47:25+02:00"},{"@type":"WebSite","@id":"https:\/\/geneveinfos.ch\/#website","url":"https:\/\/geneveinfos.ch\/","name":"Gen\u00e8ve Infos","description":"Le site d'informations de la r\u00e9gion genevoise","inLanguage":"fr-FR","publisher":{"@id":"https:\/\/geneveinfos.ch\/#person"}}]},"og:locale":"fr_FR","og:site_name":"Gen\u00e8ve Infos - Le site d'informations de la r\u00e9gion genevoise","og:type":"article","og:title":"Facture de plus de 30 millions: Berne confirme le refus de la France de payer pour le G7 \u00e0 Gen\u00e8ve - Gen\u00e8ve Infos","og:description":"Gen\u00e8ve et la Conf\u00e9d\u00e9ration devront assumer les 31,6 millions de francs pour s\u00e9curiser le bout du lac en marge du G7 qui s\u2019est d\u00e9roul\u00e9 en juin \u00e0 \u00c9vian-les-Bains.","og:url":"https:\/\/geneveinfos.ch\/index.php\/2026\/09\/02\/facture-de-plus-de-30-millions-berne-confirme-le-refus-de-la-france-de-payer-pour-le-g7-a-geneve\/","og:image":"https:\/\/geneveinfos.ch\/wp-content\/uploads\/2025\/09\/Capture-decran-2025-09-18-a-16.52.08.png","og:image:secure_url":"https:\/\/geneveinfos.ch\/wp-content\/uploads\/2025\/09\/Capture-decran-2025-09-18-a-16.52.08.png","og:image:width":513,"og:image:height":457,"article:published_time":"2026-09-02T15:31:36+00:00","article:modified_time":"2026-09-02T15:47:25+00:00","article:publisher":"https:\/\/www.facebook.com\/profile.php?id=61576016541234","twitter:card":"summary_large_image","twitter:title":"Facture de plus de 30 millions: Berne confirme le refus de la France de payer pour le G7 \u00e0 Gen\u00e8ve - Gen\u00e8ve Infos","twitter:description":"Gen\u00e8ve et la Conf\u00e9d\u00e9ration devront assumer les 31,6 millions de francs pour s\u00e9curiser le bout du lac en marge du G7 qui s\u2019est d\u00e9roul\u00e9 en juin \u00e0 \u00c9vian-les-Bains.","twitter:image":"https:\/\/geneveinfos.ch\/wp-content\/uploads\/2025\/09\/Capture-decran-2025-09-18-a-16.52.08.png"},"aioseo_meta_data":{"post_id":"208319","title":null,"description":null,"keywords":null,"keyphrases":null,"primary_term":null,"canonical_url":null,"og_title":null,"og_description":null,"og_object_type":"default","og_image_type":"default","og_image_url":null,"og_image_width":null,"og_image_height":null,"og_image_custom_url":null,"og_image_custom_fields":null,"og_video":null,"og_custom_url":null,"og_article_section":null,"og_article_tags":null,"twitter_use_og":false,"twitter_card":"default","twitter_image_type":"default","twitter_image_url":null,"twitter_image_custom_url":null,"twitter_image_custom_fields":null,"twitter_title":null,"twitter_description":null,"schema":{"blockGraphs":[],"customGraphs":[],"default":{"data":{"Article":[],"Course":[],"Dataset":[],"FAQPage":[],"Movie":[],"Person":[],"Product":[],"ProductReview":[],"Car":[],"Recipe":[],"Service":[],"SoftwareApplication":[],"WebPage":[]},"graphName":"","isEnabled":true},"graphs":[]},"schema_type":"default","schema_type_options":null,"pillar_content":false,"robots_default":true,"robots_noindex":false,"robots_noarchive":false,"robots_nosnippet":false,"robots_nofollow":false,"robots_noimageindex":false,"robots_noodp":false,"robots_notranslate":false,"robots_max_snippet":null,"robots_max_videopreview":null,"robots_max_imagepreview":"large","priority":null,"frequency":null,"local_seo":null,"breadcrumb_settings":null,"limit_modified_date":false,"ai":null,"created":"2026-09-02 15:49:42","updated":"2026-09-02 15:49:42","seo_analyzer_scan_date":null,"focus_keyword":null,"additional_keywords":null,"truseo_locale":null},"aioseo_breadcrumb":"<div class=\"aioseo-breadcrumbs\"><span class=\"aioseo-breadcrumb\">\n\t\t\t<a href=\"https:\/\/geneveinfos.ch\" title=\"Home\">Home<\/a>\n\t\t<\/span><span class=\"aioseo-breadcrumb-separator\">&raquo;<\/span><span class=\"aioseo-breadcrumb\">\n\t\t\t<a href=\"https:\/\/geneveinfos.ch\/index.php\/category\/news\/\" title=\"News\">News<\/a>\n\t\t<\/span><span class=\"aioseo-breadcrumb-separator\">&raquo;<\/span><span class=\"aioseo-breadcrumb\">\n\t\t\t<a href=\"https:\/\/geneveinfos.ch\/index.php\/category\/news\/international-news\/\" title=\"international\">international<\/a>\n\t\t<\/span><span class=\"aioseo-breadcrumb-separator\">&raquo;<\/span><span class=\"aioseo-breadcrumb\">\n\t\t\tFacture de plus de 30 millions: Berne confirme le refus de la France de payer pour le G7 \u00e0 Gen\u00e8ve\n\t\t<\/span><\/div>","aioseo_breadcrumb_json":[{"label":"Home","link":"https:\/\/geneveinfos.ch"},{"label":"News","link":"https:\/\/geneveinfos.ch\/index.php\/category\/news\/"},{"label":"international","link":"https:\/\/geneveinfos.ch\/index.php\/category\/news\/international-news\/"},{"label":"Facture de plus de 30\u00a0millions: Berne confirme le refus de la France de payer pour le G7 \u00e0 Gen\u00e8ve","link":"https:\/\/geneveinfos.ch\/index.php\/2026\/09\/02\/facture-de-plus-de-30-millions-berne-confirme-le-refus-de-la-france-de-payer-pour-le-g7-a-geneve\/"}],"_links":{"self":[{"href":"https:\/\/geneveinfos.ch\/index.php\/wp-json\/wp\/v2\/posts\/208319","targetHints":{"allow":["GET"]}}],"collection":[{"href":"https:\/\/geneveinfos.ch\/index.php\/wp-json\/wp\/v2\/posts"}],"about":[{"href":"https:\/\/geneveinfos.ch\/index.php\/wp-json\/wp\/v2\/types\/post"}],"author":[{"embeddable":true,"href":"https:\/\/geneveinfos.ch\/index.php\/wp-json\/wp\/v2\/users\/1"}],"replies":[{"embeddable":true,"href":"https:\/\/geneveinfos.ch\/index.php\/wp-json\/wp\/v2\/comments?post=208319"}],"version-history":[{"count":1,"href":"https:\/\/geneveinfos.ch\/index.php\/wp-json\/wp\/v2\/posts\/208319\/revisions"}],"predecessor-version":[{"id":208321,"href":"https:\/\/geneveinfos.ch\/index.php\/wp-json\/wp\/v2\/posts\/208319\/revisions\/208321"}],"wp:featuredmedia":[{"embeddable":true,"href":"https:\/\/geneveinfos.ch\/index.php\/wp-json\/wp\/v2\/media\/208320"}],"wp:attachment":[{"href":"https:\/\/geneveinfos.ch\/index.php\/wp-json\/wp\/v2\/media?parent=208319"}],"wp:term":[{"taxonomy":"category","embeddable":true,"href":"https:\/\/geneveinfos.ch\/index.php\/wp-json\/wp\/v2\/categories?post=208319"},{"taxonomy":"post_tag","embeddable":true,"href":"https:\/\/geneveinfos.ch\/index.php\/wp-json\/wp\/v2\/tags?post=208319"}],"curies":[{"name":"wp","href":"https:\/\/api.w.org\/{rel}","templated":true}]}}