{"id":208349,"date":"2026-09-02T18:31:01","date_gmt":"2026-09-02T16:31:01","guid":{"rendered":"https:\/\/geneveinfos.ch\/index.php\/2026\/09\/02\/infomaniak-en-bourse-le-maitre-genevois-du-cloud-vaut-200-millions-de-francs\/"},"modified":"2026-09-02T18:50:02","modified_gmt":"2026-09-02T16:50:02","slug":"infomaniak-en-bourse-le-maitre-genevois-du-cloud-vaut-200-millions-de-francs","status":"publish","type":"post","link":"https:\/\/geneveinfos.ch\/index.php\/2026\/09\/02\/infomaniak-en-bourse-le-maitre-genevois-du-cloud-vaut-200-millions-de-francs\/","title":{"rendered":"Infomaniak en Bourse: Le ma\u00eetre genevois du \u00abcloud\u00bb vaut 200\u00a0millions de francs"},"content":{"rendered":"<p>This <a href=\"https:\/\/www.tdg.ch\/infomaniak-le-pionnier-romand-du-cloud-valorise-200-millions-705594473848\" target=\"_blank\">post<\/a> was originally published on <a href=\"https:\/\/partner-feeds.publishing.tamedia.ch\/rss\/tdg\/economie\" target=\"_blank\">this site<\/a>.<\/p><div>L&rsquo;entreprise Infomaniak ouvra son capital au public le 28&nbsp;septembre, afin de financer ses data centers. Un montage le prot&egrave;ge d&rsquo;un rachat hostile.<\/div>\n","protected":false},"excerpt":{"rendered":"<p>This post was originally published on this site.L&rsquo;entreprise Infomaniak ouvra son capital au public le 28&nbsp;septembre, afin de financer ses data centers. Un montage le prot&egrave;ge d&rsquo;un rachat hostile.<\/p>\n","protected":false},"author":1,"featured_media":208350,"comment_status":"open","ping_status":"open","sticky":false,"template":"","format":"standard","meta":{"_monsterinsights_skip_tracking":false,"_uf_show_specific_survey":0,"_uf_disable_surveys":false,"footnotes":""},"categories":[99],"tags":[],"class_list":["post-208349","post","type-post","status-publish","format-standard","has-post-thumbnail","hentry","category-finances-negoce"],"aioseo_notices":[],"aioseo_head":"\n\t\t<!-- All in One SEO 5.0.1.1 - aioseo.com -->\n\t<meta name=\"description\" content=\"L\u2019entreprise Infomaniak ouvra son capital au public le 28 septembre, afin de financer ses data centers. Un montage le prot\u00e8ge d\u2019un rachat hostile.\" \/>\n\t<meta name=\"robots\" content=\"max-image-preview:large\" \/>\n\t<meta name=\"author\" content=\"Morgane RAVOUNA\"\/>\n\t<link rel=\"canonical\" href=\"https:\/\/geneveinfos.ch\/index.php\/2026\/09\/02\/infomaniak-en-bourse-le-maitre-genevois-du-cloud-vaut-200-millions-de-francs\/\" \/>\n\t<meta name=\"generator\" content=\"All in One SEO (AIOSEO) 5.0.1.1\" \/>\n\t\t<meta property=\"og:locale\" content=\"fr_FR\" \/>\n\t\t<meta property=\"og:site_name\" content=\"Gen\u00e8ve Infos - Le site d&#039;informations de la r\u00e9gion genevoise\" \/>\n\t\t<meta property=\"og:type\" content=\"article\" \/>\n\t\t<meta property=\"og:title\" content=\"Infomaniak en Bourse: Le ma\u00eetre genevois du \u00abcloud\u00bb vaut 200 millions de francs - Gen\u00e8ve Infos\" \/>\n\t\t<meta property=\"og:description\" content=\"L\u2019entreprise Infomaniak ouvra son capital au public le 28 septembre, afin de financer ses data centers. Un montage le prot\u00e8ge d\u2019un rachat hostile.\" \/>\n\t\t<meta property=\"og:url\" content=\"https:\/\/geneveinfos.ch\/index.php\/2026\/09\/02\/infomaniak-en-bourse-le-maitre-genevois-du-cloud-vaut-200-millions-de-francs\/\" \/>\n\t\t<meta property=\"og:image\" content=\"https:\/\/geneveinfos.ch\/wp-content\/uploads\/2025\/09\/Capture-decran-2025-09-18-a-16.52.08.png\" \/>\n\t\t<meta property=\"og:image:secure_url\" content=\"https:\/\/geneveinfos.ch\/wp-content\/uploads\/2025\/09\/Capture-decran-2025-09-18-a-16.52.08.png\" \/>\n\t\t<meta property=\"og:image:width\" content=\"513\" \/>\n\t\t<meta property=\"og:image:height\" content=\"457\" \/>\n\t\t<meta property=\"article:published_time\" content=\"2026-09-02T16:31:01+00:00\" \/>\n\t\t<meta property=\"article:modified_time\" content=\"2026-09-02T16:50:02+00:00\" \/>\n\t\t<meta property=\"article:publisher\" content=\"https:\/\/www.facebook.com\/profile.php?id=61576016541234\" \/>\n\t\t<meta name=\"twitter:card\" content=\"summary_large_image\" \/>\n\t\t<meta name=\"twitter:title\" content=\"Infomaniak en Bourse: Le ma\u00eetre genevois du \u00abcloud\u00bb vaut 200 millions de francs - Gen\u00e8ve Infos\" \/>\n\t\t<meta name=\"twitter:description\" content=\"L\u2019entreprise Infomaniak ouvra son capital au public le 28 septembre, afin de financer ses data centers. Un montage le prot\u00e8ge d\u2019un rachat hostile.\" \/>\n\t\t<meta name=\"twitter:image\" content=\"https:\/\/geneveinfos.ch\/wp-content\/uploads\/2025\/09\/Capture-decran-2025-09-18-a-16.52.08.png\" \/>\n\t\t<script type=\"application\/ld+json\" class=\"aioseo-schema\">\n\t\t\t{\"@context\":\"https:\\\/\\\/schema.org\",\"@graph\":[{\"@type\":\"BlogPosting\",\"@id\":\"https:\\\/\\\/geneveinfos.ch\\\/index.php\\\/2026\\\/09\\\/02\\\/infomaniak-en-bourse-le-maitre-genevois-du-cloud-vaut-200-millions-de-francs\\\/#blogposting\",\"name\":\"Infomaniak en Bourse: Le ma\\u00eetre genevois du \\u00abcloud\\u00bb vaut 200 millions de francs - Gen\\u00e8ve Infos\",\"headline\":\"Infomaniak en Bourse: Le ma\\u00eetre genevois du \\u00abcloud\\u00bb vaut 200\\u00a0millions de francs\",\"author\":{\"@id\":\"https:\\\/\\\/geneveinfos.ch\\\/index.php\\\/author\\\/admin1380\\\/#author\"},\"publisher\":{\"@id\":\"https:\\\/\\\/geneveinfos.ch\\\/#person\"},\"image\":{\"@type\":\"ImageObject\",\"url\":\"https:\\\/\\\/geneveinfos.ch\\\/wp-content\\\/uploads\\\/2026\\\/09\\\/0DJ6S03_4WwAcmodhRNsD1.jpg\",\"width\":2048,\"height\":1365},\"datePublished\":\"2026-09-02T18:31:01+02:00\",\"dateModified\":\"2026-09-02T18:50:02+02:00\",\"inLanguage\":\"fr-FR\",\"mainEntityOfPage\":{\"@id\":\"https:\\\/\\\/geneveinfos.ch\\\/index.php\\\/2026\\\/09\\\/02\\\/infomaniak-en-bourse-le-maitre-genevois-du-cloud-vaut-200-millions-de-francs\\\/#webpage\"},\"isPartOf\":{\"@id\":\"https:\\\/\\\/geneveinfos.ch\\\/index.php\\\/2026\\\/09\\\/02\\\/infomaniak-en-bourse-le-maitre-genevois-du-cloud-vaut-200-millions-de-francs\\\/#webpage\"},\"articleSection\":\"finances-negoce\"},{\"@type\":\"BreadcrumbList\",\"@id\":\"https:\\\/\\\/geneveinfos.ch\\\/index.php\\\/2026\\\/09\\\/02\\\/infomaniak-en-bourse-le-maitre-genevois-du-cloud-vaut-200-millions-de-francs\\\/#breadcrumblist\",\"itemListElement\":[{\"@type\":\"ListItem\",\"@id\":\"https:\\\/\\\/geneveinfos.ch#listItem\",\"position\":1,\"name\":\"Home\",\"item\":\"https:\\\/\\\/geneveinfos.ch\",\"nextItem\":{\"@type\":\"ListItem\",\"@id\":\"https:\\\/\\\/geneveinfos.ch\\\/index.php\\\/category\\\/finances-negoce\\\/#listItem\",\"name\":\"finances-negoce\"}},{\"@type\":\"ListItem\",\"@id\":\"https:\\\/\\\/geneveinfos.ch\\\/index.php\\\/category\\\/finances-negoce\\\/#listItem\",\"position\":2,\"name\":\"finances-negoce\",\"item\":\"https:\\\/\\\/geneveinfos.ch\\\/index.php\\\/category\\\/finances-negoce\\\/\",\"nextItem\":{\"@type\":\"ListItem\",\"@id\":\"https:\\\/\\\/geneveinfos.ch\\\/index.php\\\/2026\\\/09\\\/02\\\/infomaniak-en-bourse-le-maitre-genevois-du-cloud-vaut-200-millions-de-francs\\\/#listItem\",\"name\":\"Infomaniak en Bourse: Le ma\\u00eetre genevois du \\u00abcloud\\u00bb vaut 200\\u00a0millions de francs\"},\"previousItem\":{\"@type\":\"ListItem\",\"@id\":\"https:\\\/\\\/geneveinfos.ch#listItem\",\"name\":\"Home\"}},{\"@type\":\"ListItem\",\"@id\":\"https:\\\/\\\/geneveinfos.ch\\\/index.php\\\/2026\\\/09\\\/02\\\/infomaniak-en-bourse-le-maitre-genevois-du-cloud-vaut-200-millions-de-francs\\\/#listItem\",\"position\":3,\"name\":\"Infomaniak en Bourse: Le ma\\u00eetre genevois du \\u00abcloud\\u00bb vaut 200\\u00a0millions de francs\",\"previousItem\":{\"@type\":\"ListItem\",\"@id\":\"https:\\\/\\\/geneveinfos.ch\\\/index.php\\\/category\\\/finances-negoce\\\/#listItem\",\"name\":\"finances-negoce\"}}]},{\"@type\":\"Person\",\"@id\":\"https:\\\/\\\/geneveinfos.ch\\\/#person\",\"name\":\"Morgane RAVOUNA\",\"image\":{\"@type\":\"ImageObject\",\"@id\":\"https:\\\/\\\/geneveinfos.ch\\\/index.php\\\/2026\\\/09\\\/02\\\/infomaniak-en-bourse-le-maitre-genevois-du-cloud-vaut-200-millions-de-francs\\\/#personImage\",\"url\":\"https:\\\/\\\/secure.gravatar.com\\\/avatar\\\/bd1e2e1e7cabf66754a14e2181bc3f67cd3c2b9403841e078411545fc405115b?s=96&d=mm&r=g\",\"width\":96,\"height\":96,\"caption\":\"Morgane RAVOUNA\"}},{\"@type\":\"Person\",\"@id\":\"https:\\\/\\\/geneveinfos.ch\\\/index.php\\\/author\\\/admin1380\\\/#author\",\"url\":\"https:\\\/\\\/geneveinfos.ch\\\/index.php\\\/author\\\/admin1380\\\/\",\"name\":\"Morgane RAVOUNA\",\"image\":{\"@type\":\"ImageObject\",\"@id\":\"https:\\\/\\\/geneveinfos.ch\\\/index.php\\\/2026\\\/09\\\/02\\\/infomaniak-en-bourse-le-maitre-genevois-du-cloud-vaut-200-millions-de-francs\\\/#authorImage\",\"url\":\"https:\\\/\\\/secure.gravatar.com\\\/avatar\\\/bd1e2e1e7cabf66754a14e2181bc3f67cd3c2b9403841e078411545fc405115b?s=96&d=mm&r=g\",\"width\":96,\"height\":96,\"caption\":\"Morgane RAVOUNA\"}},{\"@type\":\"WebPage\",\"@id\":\"https:\\\/\\\/geneveinfos.ch\\\/index.php\\\/2026\\\/09\\\/02\\\/infomaniak-en-bourse-le-maitre-genevois-du-cloud-vaut-200-millions-de-francs\\\/#webpage\",\"url\":\"https:\\\/\\\/geneveinfos.ch\\\/index.php\\\/2026\\\/09\\\/02\\\/infomaniak-en-bourse-le-maitre-genevois-du-cloud-vaut-200-millions-de-francs\\\/\",\"name\":\"Infomaniak en Bourse: Le ma\\u00eetre genevois du \\u00abcloud\\u00bb vaut 200 millions de francs - Gen\\u00e8ve Infos\",\"description\":\"L\\u2019entreprise Infomaniak ouvra son capital au public le 28 septembre, afin de financer ses data centers. Un montage le prot\\u00e8ge d\\u2019un rachat hostile.\",\"inLanguage\":\"fr-FR\",\"isPartOf\":{\"@id\":\"https:\\\/\\\/geneveinfos.ch\\\/#website\"},\"breadcrumb\":{\"@id\":\"https:\\\/\\\/geneveinfos.ch\\\/index.php\\\/2026\\\/09\\\/02\\\/infomaniak-en-bourse-le-maitre-genevois-du-cloud-vaut-200-millions-de-francs\\\/#breadcrumblist\"},\"author\":{\"@id\":\"https:\\\/\\\/geneveinfos.ch\\\/index.php\\\/author\\\/admin1380\\\/#author\"},\"creator\":{\"@id\":\"https:\\\/\\\/geneveinfos.ch\\\/index.php\\\/author\\\/admin1380\\\/#author\"},\"image\":{\"@type\":\"ImageObject\",\"url\":\"https:\\\/\\\/geneveinfos.ch\\\/wp-content\\\/uploads\\\/2026\\\/09\\\/0DJ6S03_4WwAcmodhRNsD1.jpg\",\"@id\":\"https:\\\/\\\/geneveinfos.ch\\\/index.php\\\/2026\\\/09\\\/02\\\/infomaniak-en-bourse-le-maitre-genevois-du-cloud-vaut-200-millions-de-francs\\\/#mainImage\",\"width\":2048,\"height\":1365},\"primaryImageOfPage\":{\"@id\":\"https:\\\/\\\/geneveinfos.ch\\\/index.php\\\/2026\\\/09\\\/02\\\/infomaniak-en-bourse-le-maitre-genevois-du-cloud-vaut-200-millions-de-francs\\\/#mainImage\"},\"datePublished\":\"2026-09-02T18:31:01+02:00\",\"dateModified\":\"2026-09-02T18:50:02+02:00\"},{\"@type\":\"WebSite\",\"@id\":\"https:\\\/\\\/geneveinfos.ch\\\/#website\",\"url\":\"https:\\\/\\\/geneveinfos.ch\\\/\",\"name\":\"Gen\\u00e8ve Infos\",\"description\":\"Le site d'informations de la r\\u00e9gion genevoise\",\"inLanguage\":\"fr-FR\",\"publisher\":{\"@id\":\"https:\\\/\\\/geneveinfos.ch\\\/#person\"}}]}\n\t\t<\/script>\n\t\t<!-- All in One SEO -->\n\n","aioseo_head_json":{"title":"Infomaniak en Bourse: Le ma\u00eetre genevois du \u00abcloud\u00bb vaut 200 millions de francs - Gen\u00e8ve Infos","description":"L\u2019entreprise Infomaniak ouvra son capital au public le 28 septembre, afin de financer ses data centers. Un montage le prot\u00e8ge d\u2019un rachat hostile.","canonical_url":"https:\/\/geneveinfos.ch\/index.php\/2026\/09\/02\/infomaniak-en-bourse-le-maitre-genevois-du-cloud-vaut-200-millions-de-francs\/","robots":"max-image-preview:large","keywords":"","webmasterTools":{"miscellaneous":""},"schema":{"@context":"https:\/\/schema.org","@graph":[{"@type":"BlogPosting","@id":"https:\/\/geneveinfos.ch\/index.php\/2026\/09\/02\/infomaniak-en-bourse-le-maitre-genevois-du-cloud-vaut-200-millions-de-francs\/#blogposting","name":"Infomaniak en Bourse: Le ma\u00eetre genevois du \u00abcloud\u00bb vaut 200 millions de francs - Gen\u00e8ve Infos","headline":"Infomaniak en Bourse: Le ma\u00eetre genevois du \u00abcloud\u00bb vaut 200\u00a0millions de francs","author":{"@id":"https:\/\/geneveinfos.ch\/index.php\/author\/admin1380\/#author"},"publisher":{"@id":"https:\/\/geneveinfos.ch\/#person"},"image":{"@type":"ImageObject","url":"https:\/\/geneveinfos.ch\/wp-content\/uploads\/2026\/09\/0DJ6S03_4WwAcmodhRNsD1.jpg","width":2048,"height":1365},"datePublished":"2026-09-02T18:31:01+02:00","dateModified":"2026-09-02T18:50:02+02:00","inLanguage":"fr-FR","mainEntityOfPage":{"@id":"https:\/\/geneveinfos.ch\/index.php\/2026\/09\/02\/infomaniak-en-bourse-le-maitre-genevois-du-cloud-vaut-200-millions-de-francs\/#webpage"},"isPartOf":{"@id":"https:\/\/geneveinfos.ch\/index.php\/2026\/09\/02\/infomaniak-en-bourse-le-maitre-genevois-du-cloud-vaut-200-millions-de-francs\/#webpage"},"articleSection":"finances-negoce"},{"@type":"BreadcrumbList","@id":"https:\/\/geneveinfos.ch\/index.php\/2026\/09\/02\/infomaniak-en-bourse-le-maitre-genevois-du-cloud-vaut-200-millions-de-francs\/#breadcrumblist","itemListElement":[{"@type":"ListItem","@id":"https:\/\/geneveinfos.ch#listItem","position":1,"name":"Home","item":"https:\/\/geneveinfos.ch","nextItem":{"@type":"ListItem","@id":"https:\/\/geneveinfos.ch\/index.php\/category\/finances-negoce\/#listItem","name":"finances-negoce"}},{"@type":"ListItem","@id":"https:\/\/geneveinfos.ch\/index.php\/category\/finances-negoce\/#listItem","position":2,"name":"finances-negoce","item":"https:\/\/geneveinfos.ch\/index.php\/category\/finances-negoce\/","nextItem":{"@type":"ListItem","@id":"https:\/\/geneveinfos.ch\/index.php\/2026\/09\/02\/infomaniak-en-bourse-le-maitre-genevois-du-cloud-vaut-200-millions-de-francs\/#listItem","name":"Infomaniak en Bourse: Le ma\u00eetre genevois du \u00abcloud\u00bb vaut 200\u00a0millions de francs"},"previousItem":{"@type":"ListItem","@id":"https:\/\/geneveinfos.ch#listItem","name":"Home"}},{"@type":"ListItem","@id":"https:\/\/geneveinfos.ch\/index.php\/2026\/09\/02\/infomaniak-en-bourse-le-maitre-genevois-du-cloud-vaut-200-millions-de-francs\/#listItem","position":3,"name":"Infomaniak en Bourse: Le ma\u00eetre genevois du \u00abcloud\u00bb vaut 200\u00a0millions de francs","previousItem":{"@type":"ListItem","@id":"https:\/\/geneveinfos.ch\/index.php\/category\/finances-negoce\/#listItem","name":"finances-negoce"}}]},{"@type":"Person","@id":"https:\/\/geneveinfos.ch\/#person","name":"Morgane RAVOUNA","image":{"@type":"ImageObject","@id":"https:\/\/geneveinfos.ch\/index.php\/2026\/09\/02\/infomaniak-en-bourse-le-maitre-genevois-du-cloud-vaut-200-millions-de-francs\/#personImage","url":"https:\/\/secure.gravatar.com\/avatar\/bd1e2e1e7cabf66754a14e2181bc3f67cd3c2b9403841e078411545fc405115b?s=96&d=mm&r=g","width":96,"height":96,"caption":"Morgane RAVOUNA"}},{"@type":"Person","@id":"https:\/\/geneveinfos.ch\/index.php\/author\/admin1380\/#author","url":"https:\/\/geneveinfos.ch\/index.php\/author\/admin1380\/","name":"Morgane RAVOUNA","image":{"@type":"ImageObject","@id":"https:\/\/geneveinfos.ch\/index.php\/2026\/09\/02\/infomaniak-en-bourse-le-maitre-genevois-du-cloud-vaut-200-millions-de-francs\/#authorImage","url":"https:\/\/secure.gravatar.com\/avatar\/bd1e2e1e7cabf66754a14e2181bc3f67cd3c2b9403841e078411545fc405115b?s=96&d=mm&r=g","width":96,"height":96,"caption":"Morgane RAVOUNA"}},{"@type":"WebPage","@id":"https:\/\/geneveinfos.ch\/index.php\/2026\/09\/02\/infomaniak-en-bourse-le-maitre-genevois-du-cloud-vaut-200-millions-de-francs\/#webpage","url":"https:\/\/geneveinfos.ch\/index.php\/2026\/09\/02\/infomaniak-en-bourse-le-maitre-genevois-du-cloud-vaut-200-millions-de-francs\/","name":"Infomaniak en Bourse: Le ma\u00eetre genevois du \u00abcloud\u00bb vaut 200 millions de francs - Gen\u00e8ve Infos","description":"L\u2019entreprise Infomaniak ouvra son capital au public le 28 septembre, afin de financer ses data centers. Un montage le prot\u00e8ge d\u2019un rachat hostile.","inLanguage":"fr-FR","isPartOf":{"@id":"https:\/\/geneveinfos.ch\/#website"},"breadcrumb":{"@id":"https:\/\/geneveinfos.ch\/index.php\/2026\/09\/02\/infomaniak-en-bourse-le-maitre-genevois-du-cloud-vaut-200-millions-de-francs\/#breadcrumblist"},"author":{"@id":"https:\/\/geneveinfos.ch\/index.php\/author\/admin1380\/#author"},"creator":{"@id":"https:\/\/geneveinfos.ch\/index.php\/author\/admin1380\/#author"},"image":{"@type":"ImageObject","url":"https:\/\/geneveinfos.ch\/wp-content\/uploads\/2026\/09\/0DJ6S03_4WwAcmodhRNsD1.jpg","@id":"https:\/\/geneveinfos.ch\/index.php\/2026\/09\/02\/infomaniak-en-bourse-le-maitre-genevois-du-cloud-vaut-200-millions-de-francs\/#mainImage","width":2048,"height":1365},"primaryImageOfPage":{"@id":"https:\/\/geneveinfos.ch\/index.php\/2026\/09\/02\/infomaniak-en-bourse-le-maitre-genevois-du-cloud-vaut-200-millions-de-francs\/#mainImage"},"datePublished":"2026-09-02T18:31:01+02:00","dateModified":"2026-09-02T18:50:02+02:00"},{"@type":"WebSite","@id":"https:\/\/geneveinfos.ch\/#website","url":"https:\/\/geneveinfos.ch\/","name":"Gen\u00e8ve Infos","description":"Le site d'informations de la r\u00e9gion genevoise","inLanguage":"fr-FR","publisher":{"@id":"https:\/\/geneveinfos.ch\/#person"}}]},"og:locale":"fr_FR","og:site_name":"Gen\u00e8ve Infos - Le site d'informations de la r\u00e9gion genevoise","og:type":"article","og:title":"Infomaniak en Bourse: Le ma\u00eetre genevois du \u00abcloud\u00bb vaut 200 millions de francs - Gen\u00e8ve Infos","og:description":"L\u2019entreprise Infomaniak ouvra son capital au public le 28 septembre, afin de financer ses data centers. Un montage le prot\u00e8ge d\u2019un rachat hostile.","og:url":"https:\/\/geneveinfos.ch\/index.php\/2026\/09\/02\/infomaniak-en-bourse-le-maitre-genevois-du-cloud-vaut-200-millions-de-francs\/","og:image":"https:\/\/geneveinfos.ch\/wp-content\/uploads\/2025\/09\/Capture-decran-2025-09-18-a-16.52.08.png","og:image:secure_url":"https:\/\/geneveinfos.ch\/wp-content\/uploads\/2025\/09\/Capture-decran-2025-09-18-a-16.52.08.png","og:image:width":513,"og:image:height":457,"article:published_time":"2026-09-02T16:31:01+00:00","article:modified_time":"2026-09-02T16:50:02+00:00","article:publisher":"https:\/\/www.facebook.com\/profile.php?id=61576016541234","twitter:card":"summary_large_image","twitter:title":"Infomaniak en Bourse: Le ma\u00eetre genevois du \u00abcloud\u00bb vaut 200 millions de francs - Gen\u00e8ve Infos","twitter:description":"L\u2019entreprise Infomaniak ouvra son capital au public le 28 septembre, afin de financer ses data centers. Un montage le prot\u00e8ge d\u2019un rachat hostile.","twitter:image":"https:\/\/geneveinfos.ch\/wp-content\/uploads\/2025\/09\/Capture-decran-2025-09-18-a-16.52.08.png"},"aioseo_meta_data":{"post_id":"208349","title":null,"description":null,"keywords":null,"keyphrases":null,"primary_term":null,"canonical_url":null,"og_title":null,"og_description":null,"og_object_type":"default","og_image_type":"default","og_image_url":null,"og_image_width":null,"og_image_height":null,"og_image_custom_url":null,"og_image_custom_fields":null,"og_video":null,"og_custom_url":null,"og_article_section":null,"og_article_tags":null,"twitter_use_og":false,"twitter_card":"default","twitter_image_type":"default","twitter_image_url":null,"twitter_image_custom_url":null,"twitter_image_custom_fields":null,"twitter_title":null,"twitter_description":null,"schema":{"blockGraphs":[],"customGraphs":[],"default":{"data":{"Article":[],"Course":[],"Dataset":[],"FAQPage":[],"Movie":[],"Person":[],"Product":[],"ProductReview":[],"Car":[],"Recipe":[],"Service":[],"SoftwareApplication":[],"WebPage":[]},"graphName":"","isEnabled":true},"graphs":[]},"schema_type":"default","schema_type_options":null,"pillar_content":false,"robots_default":true,"robots_noindex":false,"robots_noarchive":false,"robots_nosnippet":false,"robots_nofollow":false,"robots_noimageindex":false,"robots_noodp":false,"robots_notranslate":false,"robots_max_snippet":null,"robots_max_videopreview":null,"robots_max_imagepreview":"large","priority":null,"frequency":null,"local_seo":null,"breadcrumb_settings":null,"limit_modified_date":false,"ai":null,"created":"2026-09-02 17:53:09","updated":"2026-09-02 17:53:09","seo_analyzer_scan_date":null,"focus_keyword":null,"additional_keywords":null,"truseo_locale":null},"aioseo_breadcrumb":"<div class=\"aioseo-breadcrumbs\"><span class=\"aioseo-breadcrumb\">\n\t\t\t<a href=\"https:\/\/geneveinfos.ch\" title=\"Home\">Home<\/a>\n\t\t<\/span><span class=\"aioseo-breadcrumb-separator\">&raquo;<\/span><span class=\"aioseo-breadcrumb\">\n\t\t\t<a href=\"https:\/\/geneveinfos.ch\/index.php\/category\/finances-negoce\/\" title=\"finances-negoce\">finances-negoce<\/a>\n\t\t<\/span><span class=\"aioseo-breadcrumb-separator\">&raquo;<\/span><span class=\"aioseo-breadcrumb\">\n\t\t\tInfomaniak en Bourse: Le ma\u00eetre genevois du \u00abcloud\u00bb vaut 200 millions de francs\n\t\t<\/span><\/div>","aioseo_breadcrumb_json":[{"label":"Home","link":"https:\/\/geneveinfos.ch"},{"label":"finances-negoce","link":"https:\/\/geneveinfos.ch\/index.php\/category\/finances-negoce\/"},{"label":"Infomaniak en Bourse: Le ma\u00eetre genevois du \u00abcloud\u00bb vaut 200\u00a0millions de francs","link":"https:\/\/geneveinfos.ch\/index.php\/2026\/09\/02\/infomaniak-en-bourse-le-maitre-genevois-du-cloud-vaut-200-millions-de-francs\/"}],"_links":{"self":[{"href":"https:\/\/geneveinfos.ch\/index.php\/wp-json\/wp\/v2\/posts\/208349","targetHints":{"allow":["GET"]}}],"collection":[{"href":"https:\/\/geneveinfos.ch\/index.php\/wp-json\/wp\/v2\/posts"}],"about":[{"href":"https:\/\/geneveinfos.ch\/index.php\/wp-json\/wp\/v2\/types\/post"}],"author":[{"embeddable":true,"href":"https:\/\/geneveinfos.ch\/index.php\/wp-json\/wp\/v2\/users\/1"}],"replies":[{"embeddable":true,"href":"https:\/\/geneveinfos.ch\/index.php\/wp-json\/wp\/v2\/comments?post=208349"}],"version-history":[{"count":1,"href":"https:\/\/geneveinfos.ch\/index.php\/wp-json\/wp\/v2\/posts\/208349\/revisions"}],"predecessor-version":[{"id":208351,"href":"https:\/\/geneveinfos.ch\/index.php\/wp-json\/wp\/v2\/posts\/208349\/revisions\/208351"}],"wp:featuredmedia":[{"embeddable":true,"href":"https:\/\/geneveinfos.ch\/index.php\/wp-json\/wp\/v2\/media\/208350"}],"wp:attachment":[{"href":"https:\/\/geneveinfos.ch\/index.php\/wp-json\/wp\/v2\/media?parent=208349"}],"wp:term":[{"taxonomy":"category","embeddable":true,"href":"https:\/\/geneveinfos.ch\/index.php\/wp-json\/wp\/v2\/categories?post=208349"},{"taxonomy":"post_tag","embeddable":true,"href":"https:\/\/geneveinfos.ch\/index.php\/wp-json\/wp\/v2\/tags?post=208349"}],"curies":[{"name":"wp","href":"https:\/\/api.w.org\/{rel}","templated":true}]}}