{"id":208389,"date":"2026-09-02T18:06:09","date_gmt":"2026-09-02T16:06:09","guid":{"rendered":"https:\/\/geneveinfos.ch\/index.php\/2026\/09\/02\/politique-genevoise-le-conseil-detat-veut-abroger-la-loi-sur-le-50-km-h-mais-loperation-sannonce-delicate-2\/"},"modified":"2026-09-02T19:51:43","modified_gmt":"2026-09-02T17:51:43","slug":"politique-genevoise-le-conseil-detat-veut-abroger-la-loi-sur-le-50-km-h-mais-loperation-sannonce-delicate-2","status":"publish","type":"post","link":"https:\/\/geneveinfos.ch\/index.php\/2026\/09\/02\/politique-genevoise-le-conseil-detat-veut-abroger-la-loi-sur-le-50-km-h-mais-loperation-sannonce-delicate-2\/","title":{"rendered":"Politique genevoise: Le Conseil d\u2019\u00c9tat veut abroger la loi sur le 50\u00a0km\/h, mais l\u2019op\u00e9ration s\u2019annonce d\u00e9licate"},"content":{"rendered":"<p>This <a href=\"https:\/\/www.tdg.ch\/50-km-h-geneve-veut-abroger-sa-loi-devenue-superflue-585274525193\" target=\"_blank\">post<\/a> was originally published on <a href=\"https:\/\/partner-feeds.publishing.tamedia.ch\/rss\/tdg\/geneve\" target=\"_blank\">this site<\/a>.<\/p><div>Pierre Maudet juge la loi cantonale devenue inutile apr&egrave;s le tour de vis f&eacute;d&eacute;ral. Au Grand Conseil, son abrogation ne para&icirc;t toutefois pas acquise.<\/div>\n","protected":false},"excerpt":{"rendered":"<p>This post was originally published on this site.Pierre Maudet juge la loi cantonale devenue inutile apr&egrave;s le tour de vis f&eacute;d&eacute;ral. Au Grand Conseil, son abrogation ne para&icirc;t toutefois pas acquise.<\/p>\n","protected":false},"author":1,"featured_media":208359,"comment_status":"open","ping_status":"open","sticky":false,"template":"","format":"standard","meta":{"_monsterinsights_skip_tracking":false,"_uf_show_specific_survey":0,"_uf_disable_surveys":false,"footnotes":""},"categories":[97],"tags":[],"class_list":["post-208389","post","type-post","status-publish","format-standard","has-post-thumbnail","hentry","category-international-news"],"aioseo_notices":[],"aioseo_head":"\n\t\t<!-- All in One SEO 5.0.1.1 - aioseo.com -->\n\t<meta name=\"description\" content=\"Pierre Maudet juge la loi cantonale devenue inutile apr\u00e8s le tour de vis f\u00e9d\u00e9ral. Au Grand Conseil, son abrogation ne para\u00eet toutefois pas acquise.\" \/>\n\t<meta name=\"robots\" content=\"max-image-preview:large\" \/>\n\t<meta name=\"author\" content=\"Morgane RAVOUNA\"\/>\n\t<link rel=\"canonical\" href=\"https:\/\/geneveinfos.ch\/index.php\/2026\/09\/02\/politique-genevoise-le-conseil-detat-veut-abroger-la-loi-sur-le-50-km-h-mais-loperation-sannonce-delicate-2\/\" \/>\n\t<meta name=\"generator\" content=\"All in One SEO (AIOSEO) 5.0.1.1\" \/>\n\t\t<meta property=\"og:locale\" content=\"fr_FR\" \/>\n\t\t<meta property=\"og:site_name\" content=\"Gen\u00e8ve Infos - Le site d&#039;informations de la r\u00e9gion genevoise\" \/>\n\t\t<meta property=\"og:type\" content=\"article\" \/>\n\t\t<meta property=\"og:title\" content=\"Politique genevoise: Le Conseil d\u2019\u00c9tat veut abroger la loi sur le 50 km\/h, mais l\u2019op\u00e9ration s\u2019annonce d\u00e9licate - Gen\u00e8ve Infos\" \/>\n\t\t<meta property=\"og:description\" content=\"Pierre Maudet juge la loi cantonale devenue inutile apr\u00e8s le tour de vis f\u00e9d\u00e9ral. Au Grand Conseil, son abrogation ne para\u00eet toutefois pas acquise.\" \/>\n\t\t<meta property=\"og:url\" content=\"https:\/\/geneveinfos.ch\/index.php\/2026\/09\/02\/politique-genevoise-le-conseil-detat-veut-abroger-la-loi-sur-le-50-km-h-mais-loperation-sannonce-delicate-2\/\" \/>\n\t\t<meta property=\"og:image\" content=\"https:\/\/geneveinfos.ch\/wp-content\/uploads\/2025\/09\/Capture-decran-2025-09-18-a-16.52.08.png\" \/>\n\t\t<meta property=\"og:image:secure_url\" content=\"https:\/\/geneveinfos.ch\/wp-content\/uploads\/2025\/09\/Capture-decran-2025-09-18-a-16.52.08.png\" \/>\n\t\t<meta property=\"og:image:width\" content=\"513\" \/>\n\t\t<meta property=\"og:image:height\" content=\"457\" \/>\n\t\t<meta property=\"article:published_time\" content=\"2026-09-02T16:06:09+00:00\" \/>\n\t\t<meta property=\"article:modified_time\" content=\"2026-09-02T17:51:43+00:00\" \/>\n\t\t<meta property=\"article:publisher\" content=\"https:\/\/www.facebook.com\/profile.php?id=61576016541234\" \/>\n\t\t<meta name=\"twitter:card\" content=\"summary_large_image\" \/>\n\t\t<meta name=\"twitter:title\" content=\"Politique genevoise: Le Conseil d\u2019\u00c9tat veut abroger la loi sur le 50 km\/h, mais l\u2019op\u00e9ration s\u2019annonce d\u00e9licate - Gen\u00e8ve Infos\" \/>\n\t\t<meta name=\"twitter:description\" content=\"Pierre Maudet juge la loi cantonale devenue inutile apr\u00e8s le tour de vis f\u00e9d\u00e9ral. Au Grand Conseil, son abrogation ne para\u00eet toutefois pas acquise.\" \/>\n\t\t<meta name=\"twitter:image\" content=\"https:\/\/geneveinfos.ch\/wp-content\/uploads\/2025\/09\/Capture-decran-2025-09-18-a-16.52.08.png\" \/>\n\t\t<script type=\"application\/ld+json\" class=\"aioseo-schema\">\n\t\t\t{\"@context\":\"https:\\\/\\\/schema.org\",\"@graph\":[{\"@type\":\"BlogPosting\",\"@id\":\"https:\\\/\\\/geneveinfos.ch\\\/index.php\\\/2026\\\/09\\\/02\\\/politique-genevoise-le-conseil-detat-veut-abroger-la-loi-sur-le-50-km-h-mais-loperation-sannonce-delicate-2\\\/#blogposting\",\"name\":\"Politique genevoise: Le Conseil d\\u2019\\u00c9tat veut abroger la loi sur le 50 km\\\/h, mais l\\u2019op\\u00e9ration s\\u2019annonce d\\u00e9licate - Gen\\u00e8ve Infos\",\"headline\":\"Politique genevoise: Le Conseil d\\u2019\\u00c9tat veut abroger la loi sur le 50\\u00a0km\\\/h, mais l\\u2019op\\u00e9ration s\\u2019annonce d\\u00e9licate\",\"author\":{\"@id\":\"https:\\\/\\\/geneveinfos.ch\\\/index.php\\\/author\\\/admin1380\\\/#author\"},\"publisher\":{\"@id\":\"https:\\\/\\\/geneveinfos.ch\\\/#person\"},\"image\":{\"@type\":\"ImageObject\",\"url\":\"https:\\\/\\\/geneveinfos.ch\\\/wp-content\\\/uploads\\\/2026\\\/09\\\/7sg6RdJHK4JATdrhm-DOr8.jpg\",\"width\":2048,\"height\":1366},\"datePublished\":\"2026-09-02T18:06:09+02:00\",\"dateModified\":\"2026-09-02T19:51:43+02:00\",\"inLanguage\":\"fr-FR\",\"mainEntityOfPage\":{\"@id\":\"https:\\\/\\\/geneveinfos.ch\\\/index.php\\\/2026\\\/09\\\/02\\\/politique-genevoise-le-conseil-detat-veut-abroger-la-loi-sur-le-50-km-h-mais-loperation-sannonce-delicate-2\\\/#webpage\"},\"isPartOf\":{\"@id\":\"https:\\\/\\\/geneveinfos.ch\\\/index.php\\\/2026\\\/09\\\/02\\\/politique-genevoise-le-conseil-detat-veut-abroger-la-loi-sur-le-50-km-h-mais-loperation-sannonce-delicate-2\\\/#webpage\"},\"articleSection\":\"international\"},{\"@type\":\"BreadcrumbList\",\"@id\":\"https:\\\/\\\/geneveinfos.ch\\\/index.php\\\/2026\\\/09\\\/02\\\/politique-genevoise-le-conseil-detat-veut-abroger-la-loi-sur-le-50-km-h-mais-loperation-sannonce-delicate-2\\\/#breadcrumblist\",\"itemListElement\":[{\"@type\":\"ListItem\",\"@id\":\"https:\\\/\\\/geneveinfos.ch#listItem\",\"position\":1,\"name\":\"Home\",\"item\":\"https:\\\/\\\/geneveinfos.ch\",\"nextItem\":{\"@type\":\"ListItem\",\"@id\":\"https:\\\/\\\/geneveinfos.ch\\\/index.php\\\/category\\\/news\\\/#listItem\",\"name\":\"News\"}},{\"@type\":\"ListItem\",\"@id\":\"https:\\\/\\\/geneveinfos.ch\\\/index.php\\\/category\\\/news\\\/#listItem\",\"position\":2,\"name\":\"News\",\"item\":\"https:\\\/\\\/geneveinfos.ch\\\/index.php\\\/category\\\/news\\\/\",\"nextItem\":{\"@type\":\"ListItem\",\"@id\":\"https:\\\/\\\/geneveinfos.ch\\\/index.php\\\/category\\\/news\\\/international-news\\\/#listItem\",\"name\":\"international\"},\"previousItem\":{\"@type\":\"ListItem\",\"@id\":\"https:\\\/\\\/geneveinfos.ch#listItem\",\"name\":\"Home\"}},{\"@type\":\"ListItem\",\"@id\":\"https:\\\/\\\/geneveinfos.ch\\\/index.php\\\/category\\\/news\\\/international-news\\\/#listItem\",\"position\":3,\"name\":\"international\",\"item\":\"https:\\\/\\\/geneveinfos.ch\\\/index.php\\\/category\\\/news\\\/international-news\\\/\",\"nextItem\":{\"@type\":\"ListItem\",\"@id\":\"https:\\\/\\\/geneveinfos.ch\\\/index.php\\\/2026\\\/09\\\/02\\\/politique-genevoise-le-conseil-detat-veut-abroger-la-loi-sur-le-50-km-h-mais-loperation-sannonce-delicate-2\\\/#listItem\",\"name\":\"Politique genevoise: Le Conseil d\\u2019\\u00c9tat veut abroger la loi sur le 50\\u00a0km\\\/h, mais l\\u2019op\\u00e9ration s\\u2019annonce d\\u00e9licate\"},\"previousItem\":{\"@type\":\"ListItem\",\"@id\":\"https:\\\/\\\/geneveinfos.ch\\\/index.php\\\/category\\\/news\\\/#listItem\",\"name\":\"News\"}},{\"@type\":\"ListItem\",\"@id\":\"https:\\\/\\\/geneveinfos.ch\\\/index.php\\\/2026\\\/09\\\/02\\\/politique-genevoise-le-conseil-detat-veut-abroger-la-loi-sur-le-50-km-h-mais-loperation-sannonce-delicate-2\\\/#listItem\",\"position\":4,\"name\":\"Politique genevoise: Le Conseil d\\u2019\\u00c9tat veut abroger la loi sur le 50\\u00a0km\\\/h, mais l\\u2019op\\u00e9ration s\\u2019annonce d\\u00e9licate\",\"previousItem\":{\"@type\":\"ListItem\",\"@id\":\"https:\\\/\\\/geneveinfos.ch\\\/index.php\\\/category\\\/news\\\/international-news\\\/#listItem\",\"name\":\"international\"}}]},{\"@type\":\"Person\",\"@id\":\"https:\\\/\\\/geneveinfos.ch\\\/#person\",\"name\":\"Morgane RAVOUNA\",\"image\":{\"@type\":\"ImageObject\",\"@id\":\"https:\\\/\\\/geneveinfos.ch\\\/index.php\\\/2026\\\/09\\\/02\\\/politique-genevoise-le-conseil-detat-veut-abroger-la-loi-sur-le-50-km-h-mais-loperation-sannonce-delicate-2\\\/#personImage\",\"url\":\"https:\\\/\\\/secure.gravatar.com\\\/avatar\\\/bd1e2e1e7cabf66754a14e2181bc3f67cd3c2b9403841e078411545fc405115b?s=96&d=mm&r=g\",\"width\":96,\"height\":96,\"caption\":\"Morgane RAVOUNA\"}},{\"@type\":\"Person\",\"@id\":\"https:\\\/\\\/geneveinfos.ch\\\/index.php\\\/author\\\/admin1380\\\/#author\",\"url\":\"https:\\\/\\\/geneveinfos.ch\\\/index.php\\\/author\\\/admin1380\\\/\",\"name\":\"Morgane RAVOUNA\",\"image\":{\"@type\":\"ImageObject\",\"@id\":\"https:\\\/\\\/geneveinfos.ch\\\/index.php\\\/2026\\\/09\\\/02\\\/politique-genevoise-le-conseil-detat-veut-abroger-la-loi-sur-le-50-km-h-mais-loperation-sannonce-delicate-2\\\/#authorImage\",\"url\":\"https:\\\/\\\/secure.gravatar.com\\\/avatar\\\/bd1e2e1e7cabf66754a14e2181bc3f67cd3c2b9403841e078411545fc405115b?s=96&d=mm&r=g\",\"width\":96,\"height\":96,\"caption\":\"Morgane RAVOUNA\"}},{\"@type\":\"WebPage\",\"@id\":\"https:\\\/\\\/geneveinfos.ch\\\/index.php\\\/2026\\\/09\\\/02\\\/politique-genevoise-le-conseil-detat-veut-abroger-la-loi-sur-le-50-km-h-mais-loperation-sannonce-delicate-2\\\/#webpage\",\"url\":\"https:\\\/\\\/geneveinfos.ch\\\/index.php\\\/2026\\\/09\\\/02\\\/politique-genevoise-le-conseil-detat-veut-abroger-la-loi-sur-le-50-km-h-mais-loperation-sannonce-delicate-2\\\/\",\"name\":\"Politique genevoise: Le Conseil d\\u2019\\u00c9tat veut abroger la loi sur le 50 km\\\/h, mais l\\u2019op\\u00e9ration s\\u2019annonce d\\u00e9licate - Gen\\u00e8ve Infos\",\"description\":\"Pierre Maudet juge la loi cantonale devenue inutile apr\\u00e8s le tour de vis f\\u00e9d\\u00e9ral. Au Grand Conseil, son abrogation ne para\\u00eet toutefois pas acquise.\",\"inLanguage\":\"fr-FR\",\"isPartOf\":{\"@id\":\"https:\\\/\\\/geneveinfos.ch\\\/#website\"},\"breadcrumb\":{\"@id\":\"https:\\\/\\\/geneveinfos.ch\\\/index.php\\\/2026\\\/09\\\/02\\\/politique-genevoise-le-conseil-detat-veut-abroger-la-loi-sur-le-50-km-h-mais-loperation-sannonce-delicate-2\\\/#breadcrumblist\"},\"author\":{\"@id\":\"https:\\\/\\\/geneveinfos.ch\\\/index.php\\\/author\\\/admin1380\\\/#author\"},\"creator\":{\"@id\":\"https:\\\/\\\/geneveinfos.ch\\\/index.php\\\/author\\\/admin1380\\\/#author\"},\"image\":{\"@type\":\"ImageObject\",\"url\":\"https:\\\/\\\/geneveinfos.ch\\\/wp-content\\\/uploads\\\/2026\\\/09\\\/7sg6RdJHK4JATdrhm-DOr8.jpg\",\"@id\":\"https:\\\/\\\/geneveinfos.ch\\\/index.php\\\/2026\\\/09\\\/02\\\/politique-genevoise-le-conseil-detat-veut-abroger-la-loi-sur-le-50-km-h-mais-loperation-sannonce-delicate-2\\\/#mainImage\",\"width\":2048,\"height\":1366},\"primaryImageOfPage\":{\"@id\":\"https:\\\/\\\/geneveinfos.ch\\\/index.php\\\/2026\\\/09\\\/02\\\/politique-genevoise-le-conseil-detat-veut-abroger-la-loi-sur-le-50-km-h-mais-loperation-sannonce-delicate-2\\\/#mainImage\"},\"datePublished\":\"2026-09-02T18:06:09+02:00\",\"dateModified\":\"2026-09-02T19:51:43+02:00\"},{\"@type\":\"WebSite\",\"@id\":\"https:\\\/\\\/geneveinfos.ch\\\/#website\",\"url\":\"https:\\\/\\\/geneveinfos.ch\\\/\",\"name\":\"Gen\\u00e8ve Infos\",\"description\":\"Le site d'informations de la r\\u00e9gion genevoise\",\"inLanguage\":\"fr-FR\",\"publisher\":{\"@id\":\"https:\\\/\\\/geneveinfos.ch\\\/#person\"}}]}\n\t\t<\/script>\n\t\t<!-- All in One SEO -->\n\n","aioseo_head_json":{"title":"Politique genevoise: Le Conseil d\u2019\u00c9tat veut abroger la loi sur le 50 km\/h, mais l\u2019op\u00e9ration s\u2019annonce d\u00e9licate - Gen\u00e8ve Infos","description":"Pierre Maudet juge la loi cantonale devenue inutile apr\u00e8s le tour de vis f\u00e9d\u00e9ral. Au Grand Conseil, son abrogation ne para\u00eet toutefois pas acquise.","canonical_url":"https:\/\/geneveinfos.ch\/index.php\/2026\/09\/02\/politique-genevoise-le-conseil-detat-veut-abroger-la-loi-sur-le-50-km-h-mais-loperation-sannonce-delicate-2\/","robots":"max-image-preview:large","keywords":"","webmasterTools":{"miscellaneous":""},"schema":{"@context":"https:\/\/schema.org","@graph":[{"@type":"BlogPosting","@id":"https:\/\/geneveinfos.ch\/index.php\/2026\/09\/02\/politique-genevoise-le-conseil-detat-veut-abroger-la-loi-sur-le-50-km-h-mais-loperation-sannonce-delicate-2\/#blogposting","name":"Politique genevoise: Le Conseil d\u2019\u00c9tat veut abroger la loi sur le 50 km\/h, mais l\u2019op\u00e9ration s\u2019annonce d\u00e9licate - Gen\u00e8ve Infos","headline":"Politique genevoise: Le Conseil d\u2019\u00c9tat veut abroger la loi sur le 50\u00a0km\/h, mais l\u2019op\u00e9ration s\u2019annonce d\u00e9licate","author":{"@id":"https:\/\/geneveinfos.ch\/index.php\/author\/admin1380\/#author"},"publisher":{"@id":"https:\/\/geneveinfos.ch\/#person"},"image":{"@type":"ImageObject","url":"https:\/\/geneveinfos.ch\/wp-content\/uploads\/2026\/09\/7sg6RdJHK4JATdrhm-DOr8.jpg","width":2048,"height":1366},"datePublished":"2026-09-02T18:06:09+02:00","dateModified":"2026-09-02T19:51:43+02:00","inLanguage":"fr-FR","mainEntityOfPage":{"@id":"https:\/\/geneveinfos.ch\/index.php\/2026\/09\/02\/politique-genevoise-le-conseil-detat-veut-abroger-la-loi-sur-le-50-km-h-mais-loperation-sannonce-delicate-2\/#webpage"},"isPartOf":{"@id":"https:\/\/geneveinfos.ch\/index.php\/2026\/09\/02\/politique-genevoise-le-conseil-detat-veut-abroger-la-loi-sur-le-50-km-h-mais-loperation-sannonce-delicate-2\/#webpage"},"articleSection":"international"},{"@type":"BreadcrumbList","@id":"https:\/\/geneveinfos.ch\/index.php\/2026\/09\/02\/politique-genevoise-le-conseil-detat-veut-abroger-la-loi-sur-le-50-km-h-mais-loperation-sannonce-delicate-2\/#breadcrumblist","itemListElement":[{"@type":"ListItem","@id":"https:\/\/geneveinfos.ch#listItem","position":1,"name":"Home","item":"https:\/\/geneveinfos.ch","nextItem":{"@type":"ListItem","@id":"https:\/\/geneveinfos.ch\/index.php\/category\/news\/#listItem","name":"News"}},{"@type":"ListItem","@id":"https:\/\/geneveinfos.ch\/index.php\/category\/news\/#listItem","position":2,"name":"News","item":"https:\/\/geneveinfos.ch\/index.php\/category\/news\/","nextItem":{"@type":"ListItem","@id":"https:\/\/geneveinfos.ch\/index.php\/category\/news\/international-news\/#listItem","name":"international"},"previousItem":{"@type":"ListItem","@id":"https:\/\/geneveinfos.ch#listItem","name":"Home"}},{"@type":"ListItem","@id":"https:\/\/geneveinfos.ch\/index.php\/category\/news\/international-news\/#listItem","position":3,"name":"international","item":"https:\/\/geneveinfos.ch\/index.php\/category\/news\/international-news\/","nextItem":{"@type":"ListItem","@id":"https:\/\/geneveinfos.ch\/index.php\/2026\/09\/02\/politique-genevoise-le-conseil-detat-veut-abroger-la-loi-sur-le-50-km-h-mais-loperation-sannonce-delicate-2\/#listItem","name":"Politique genevoise: Le Conseil d\u2019\u00c9tat veut abroger la loi sur le 50\u00a0km\/h, mais l\u2019op\u00e9ration s\u2019annonce d\u00e9licate"},"previousItem":{"@type":"ListItem","@id":"https:\/\/geneveinfos.ch\/index.php\/category\/news\/#listItem","name":"News"}},{"@type":"ListItem","@id":"https:\/\/geneveinfos.ch\/index.php\/2026\/09\/02\/politique-genevoise-le-conseil-detat-veut-abroger-la-loi-sur-le-50-km-h-mais-loperation-sannonce-delicate-2\/#listItem","position":4,"name":"Politique genevoise: Le Conseil d\u2019\u00c9tat veut abroger la loi sur le 50\u00a0km\/h, mais l\u2019op\u00e9ration s\u2019annonce d\u00e9licate","previousItem":{"@type":"ListItem","@id":"https:\/\/geneveinfos.ch\/index.php\/category\/news\/international-news\/#listItem","name":"international"}}]},{"@type":"Person","@id":"https:\/\/geneveinfos.ch\/#person","name":"Morgane RAVOUNA","image":{"@type":"ImageObject","@id":"https:\/\/geneveinfos.ch\/index.php\/2026\/09\/02\/politique-genevoise-le-conseil-detat-veut-abroger-la-loi-sur-le-50-km-h-mais-loperation-sannonce-delicate-2\/#personImage","url":"https:\/\/secure.gravatar.com\/avatar\/bd1e2e1e7cabf66754a14e2181bc3f67cd3c2b9403841e078411545fc405115b?s=96&d=mm&r=g","width":96,"height":96,"caption":"Morgane RAVOUNA"}},{"@type":"Person","@id":"https:\/\/geneveinfos.ch\/index.php\/author\/admin1380\/#author","url":"https:\/\/geneveinfos.ch\/index.php\/author\/admin1380\/","name":"Morgane RAVOUNA","image":{"@type":"ImageObject","@id":"https:\/\/geneveinfos.ch\/index.php\/2026\/09\/02\/politique-genevoise-le-conseil-detat-veut-abroger-la-loi-sur-le-50-km-h-mais-loperation-sannonce-delicate-2\/#authorImage","url":"https:\/\/secure.gravatar.com\/avatar\/bd1e2e1e7cabf66754a14e2181bc3f67cd3c2b9403841e078411545fc405115b?s=96&d=mm&r=g","width":96,"height":96,"caption":"Morgane RAVOUNA"}},{"@type":"WebPage","@id":"https:\/\/geneveinfos.ch\/index.php\/2026\/09\/02\/politique-genevoise-le-conseil-detat-veut-abroger-la-loi-sur-le-50-km-h-mais-loperation-sannonce-delicate-2\/#webpage","url":"https:\/\/geneveinfos.ch\/index.php\/2026\/09\/02\/politique-genevoise-le-conseil-detat-veut-abroger-la-loi-sur-le-50-km-h-mais-loperation-sannonce-delicate-2\/","name":"Politique genevoise: Le Conseil d\u2019\u00c9tat veut abroger la loi sur le 50 km\/h, mais l\u2019op\u00e9ration s\u2019annonce d\u00e9licate - Gen\u00e8ve Infos","description":"Pierre Maudet juge la loi cantonale devenue inutile apr\u00e8s le tour de vis f\u00e9d\u00e9ral. Au Grand Conseil, son abrogation ne para\u00eet toutefois pas acquise.","inLanguage":"fr-FR","isPartOf":{"@id":"https:\/\/geneveinfos.ch\/#website"},"breadcrumb":{"@id":"https:\/\/geneveinfos.ch\/index.php\/2026\/09\/02\/politique-genevoise-le-conseil-detat-veut-abroger-la-loi-sur-le-50-km-h-mais-loperation-sannonce-delicate-2\/#breadcrumblist"},"author":{"@id":"https:\/\/geneveinfos.ch\/index.php\/author\/admin1380\/#author"},"creator":{"@id":"https:\/\/geneveinfos.ch\/index.php\/author\/admin1380\/#author"},"image":{"@type":"ImageObject","url":"https:\/\/geneveinfos.ch\/wp-content\/uploads\/2026\/09\/7sg6RdJHK4JATdrhm-DOr8.jpg","@id":"https:\/\/geneveinfos.ch\/index.php\/2026\/09\/02\/politique-genevoise-le-conseil-detat-veut-abroger-la-loi-sur-le-50-km-h-mais-loperation-sannonce-delicate-2\/#mainImage","width":2048,"height":1366},"primaryImageOfPage":{"@id":"https:\/\/geneveinfos.ch\/index.php\/2026\/09\/02\/politique-genevoise-le-conseil-detat-veut-abroger-la-loi-sur-le-50-km-h-mais-loperation-sannonce-delicate-2\/#mainImage"},"datePublished":"2026-09-02T18:06:09+02:00","dateModified":"2026-09-02T19:51:43+02:00"},{"@type":"WebSite","@id":"https:\/\/geneveinfos.ch\/#website","url":"https:\/\/geneveinfos.ch\/","name":"Gen\u00e8ve Infos","description":"Le site d'informations de la r\u00e9gion genevoise","inLanguage":"fr-FR","publisher":{"@id":"https:\/\/geneveinfos.ch\/#person"}}]},"og:locale":"fr_FR","og:site_name":"Gen\u00e8ve Infos - Le site d'informations de la r\u00e9gion genevoise","og:type":"article","og:title":"Politique genevoise: Le Conseil d\u2019\u00c9tat veut abroger la loi sur le 50 km\/h, mais l\u2019op\u00e9ration s\u2019annonce d\u00e9licate - Gen\u00e8ve Infos","og:description":"Pierre Maudet juge la loi cantonale devenue inutile apr\u00e8s le tour de vis f\u00e9d\u00e9ral. Au Grand Conseil, son abrogation ne para\u00eet toutefois pas acquise.","og:url":"https:\/\/geneveinfos.ch\/index.php\/2026\/09\/02\/politique-genevoise-le-conseil-detat-veut-abroger-la-loi-sur-le-50-km-h-mais-loperation-sannonce-delicate-2\/","og:image":"https:\/\/geneveinfos.ch\/wp-content\/uploads\/2025\/09\/Capture-decran-2025-09-18-a-16.52.08.png","og:image:secure_url":"https:\/\/geneveinfos.ch\/wp-content\/uploads\/2025\/09\/Capture-decran-2025-09-18-a-16.52.08.png","og:image:width":513,"og:image:height":457,"article:published_time":"2026-09-02T16:06:09+00:00","article:modified_time":"2026-09-02T17:51:43+00:00","article:publisher":"https:\/\/www.facebook.com\/profile.php?id=61576016541234","twitter:card":"summary_large_image","twitter:title":"Politique genevoise: Le Conseil d\u2019\u00c9tat veut abroger la loi sur le 50 km\/h, mais l\u2019op\u00e9ration s\u2019annonce d\u00e9licate - Gen\u00e8ve Infos","twitter:description":"Pierre Maudet juge la loi cantonale devenue inutile apr\u00e8s le tour de vis f\u00e9d\u00e9ral. Au Grand Conseil, son abrogation ne para\u00eet toutefois pas acquise.","twitter:image":"https:\/\/geneveinfos.ch\/wp-content\/uploads\/2025\/09\/Capture-decran-2025-09-18-a-16.52.08.png"},"aioseo_meta_data":{"post_id":"208389","title":null,"description":null,"keywords":null,"keyphrases":null,"primary_term":null,"canonical_url":null,"og_title":null,"og_description":null,"og_object_type":"default","og_image_type":"default","og_image_url":null,"og_image_width":null,"og_image_height":null,"og_image_custom_url":null,"og_image_custom_fields":null,"og_video":null,"og_custom_url":null,"og_article_section":null,"og_article_tags":null,"twitter_use_og":false,"twitter_card":"default","twitter_image_type":"default","twitter_image_url":null,"twitter_image_custom_url":null,"twitter_image_custom_fields":null,"twitter_title":null,"twitter_description":null,"schema":{"blockGraphs":[],"customGraphs":[],"default":{"data":{"Article":[],"Course":[],"Dataset":[],"FAQPage":[],"Movie":[],"Person":[],"Product":[],"ProductReview":[],"Car":[],"Recipe":[],"Service":[],"SoftwareApplication":[],"WebPage":[]},"graphName":"","isEnabled":true},"graphs":[]},"schema_type":"default","schema_type_options":null,"pillar_content":false,"robots_default":true,"robots_noindex":false,"robots_noarchive":false,"robots_nosnippet":false,"robots_nofollow":false,"robots_noimageindex":false,"robots_noodp":false,"robots_notranslate":false,"robots_max_snippet":null,"robots_max_videopreview":null,"robots_max_imagepreview":"large","priority":null,"frequency":null,"local_seo":null,"breadcrumb_settings":null,"limit_modified_date":false,"ai":null,"created":"2026-09-02 17:53:09","updated":"2026-09-02 17:53:09","seo_analyzer_scan_date":null,"focus_keyword":null,"additional_keywords":null,"truseo_locale":null},"aioseo_breadcrumb":"<div class=\"aioseo-breadcrumbs\"><span class=\"aioseo-breadcrumb\">\n\t\t\t<a href=\"https:\/\/geneveinfos.ch\" title=\"Home\">Home<\/a>\n\t\t<\/span><span class=\"aioseo-breadcrumb-separator\">&raquo;<\/span><span class=\"aioseo-breadcrumb\">\n\t\t\t<a href=\"https:\/\/geneveinfos.ch\/index.php\/category\/news\/\" title=\"News\">News<\/a>\n\t\t<\/span><span class=\"aioseo-breadcrumb-separator\">&raquo;<\/span><span class=\"aioseo-breadcrumb\">\n\t\t\t<a href=\"https:\/\/geneveinfos.ch\/index.php\/category\/news\/international-news\/\" title=\"international\">international<\/a>\n\t\t<\/span><span class=\"aioseo-breadcrumb-separator\">&raquo;<\/span><span class=\"aioseo-breadcrumb\">\n\t\t\tPolitique genevoise: Le Conseil d\u2019\u00c9tat veut abroger la loi sur le 50 km\/h, mais l\u2019op\u00e9ration s\u2019annonce d\u00e9licate\n\t\t<\/span><\/div>","aioseo_breadcrumb_json":[{"label":"Home","link":"https:\/\/geneveinfos.ch"},{"label":"News","link":"https:\/\/geneveinfos.ch\/index.php\/category\/news\/"},{"label":"international","link":"https:\/\/geneveinfos.ch\/index.php\/category\/news\/international-news\/"},{"label":"Politique genevoise: Le Conseil d\u2019\u00c9tat veut abroger la loi sur le 50\u00a0km\/h, mais l\u2019op\u00e9ration s\u2019annonce d\u00e9licate","link":"https:\/\/geneveinfos.ch\/index.php\/2026\/09\/02\/politique-genevoise-le-conseil-detat-veut-abroger-la-loi-sur-le-50-km-h-mais-loperation-sannonce-delicate-2\/"}],"_links":{"self":[{"href":"https:\/\/geneveinfos.ch\/index.php\/wp-json\/wp\/v2\/posts\/208389","targetHints":{"allow":["GET"]}}],"collection":[{"href":"https:\/\/geneveinfos.ch\/index.php\/wp-json\/wp\/v2\/posts"}],"about":[{"href":"https:\/\/geneveinfos.ch\/index.php\/wp-json\/wp\/v2\/types\/post"}],"author":[{"embeddable":true,"href":"https:\/\/geneveinfos.ch\/index.php\/wp-json\/wp\/v2\/users\/1"}],"replies":[{"embeddable":true,"href":"https:\/\/geneveinfos.ch\/index.php\/wp-json\/wp\/v2\/comments?post=208389"}],"version-history":[{"count":1,"href":"https:\/\/geneveinfos.ch\/index.php\/wp-json\/wp\/v2\/posts\/208389\/revisions"}],"predecessor-version":[{"id":208390,"href":"https:\/\/geneveinfos.ch\/index.php\/wp-json\/wp\/v2\/posts\/208389\/revisions\/208390"}],"wp:featuredmedia":[{"embeddable":true,"href":"https:\/\/geneveinfos.ch\/index.php\/wp-json\/wp\/v2\/media\/208359"}],"wp:attachment":[{"href":"https:\/\/geneveinfos.ch\/index.php\/wp-json\/wp\/v2\/media?parent=208389"}],"wp:term":[{"taxonomy":"category","embeddable":true,"href":"https:\/\/geneveinfos.ch\/index.php\/wp-json\/wp\/v2\/categories?post=208389"},{"taxonomy":"post_tag","embeddable":true,"href":"https:\/\/geneveinfos.ch\/index.php\/wp-json\/wp\/v2\/tags?post=208389"}],"curies":[{"name":"wp","href":"https:\/\/api.w.org\/{rel}","templated":true}]}}