{"id":208473,"date":"2026-09-02T21:29:57","date_gmt":"2026-09-02T19:29:57","guid":{"rendered":"https:\/\/geneveinfos.ch\/index.php\/2026\/09\/02\/vaud-veut-accelerer-la-transformation-numerique-de-son-administration-dici-2030\/"},"modified":"2026-09-02T21:29:57","modified_gmt":"2026-09-02T19:29:57","slug":"vaud-veut-accelerer-la-transformation-numerique-de-son-administration-dici-2030","status":"publish","type":"post","link":"https:\/\/geneveinfos.ch\/index.php\/2026\/09\/02\/vaud-veut-accelerer-la-transformation-numerique-de-son-administration-dici-2030\/","title":{"rendered":"Vaud veut acc\u00e9l\u00e9rer la transformation num\u00e9rique de son administration d&rsquo;ici 2030"},"content":{"rendered":"<p>This <a href=\"https:\/\/www.rts.ch\/info\/regions\/vaud\/2026\/article\/vaud-le-canton-veut-doubler-ses-demarches-en-ligne-d-ici-2030-29345754.html?rts_source=rss_t\" target=\"_blank\">post<\/a> was originally published on <a href=\"https:\/\/www.rts.ch\/info\/toute-info\/?format=rss\/news\" target=\"_blank\">this site<\/a>.<\/p><div>\n<div><a href=\"https:\/\/www.rts.ch\/info\/regions\/vaud\/2026\/article\/vaud-le-canton-veut-doubler-ses-demarches-en-ligne-d-ici-2030-29345754.html?rts_source=rss_t\"><img decoding=\"async\" src=\"https:\/\/img.rts.ch\/articles\/2018\/image\/gpvp1z-25997148.image?w=320&amp;h=180\"><\/a>Vaud a pr&eacute;sent&eacute; mercredi sa strat&eacute;gie de transformation num&eacute;rique de l&rsquo;administration cantonale. Elle vise notamment &agrave; simplifier les d&eacute;marches en ligne de la population, des entreprises et des communes, ainsi qu&rsquo;&agrave; renforcer l&rsquo;efficience de l&rsquo;Etat. Objectif concret: doubler les d&eacute;marches administratives sur son portail &agrave; l&rsquo;horizon 2030.<\/div>\n<\/div>\n","protected":false},"excerpt":{"rendered":"<p>This post was originally published on this site. Vaud a pr&eacute;sent&eacute; mercredi sa strat&eacute;gie de transformation num&eacute;rique de l&rsquo;administration cantonale. Elle vise notamment &agrave; simplifier les d&eacute;marches en ligne de la population, des entreprises et des communes, ainsi qu&rsquo;&agrave; renforcer l&rsquo;efficience de l&rsquo;Etat. Objectif concret: doubler les d&eacute;marches administratives sur son portail &agrave; l&rsquo;horizon 2030.<\/p>\n","protected":false},"author":1,"featured_media":0,"comment_status":"open","ping_status":"open","sticky":false,"template":"","format":"standard","meta":{"_monsterinsights_skip_tracking":false,"_uf_show_specific_survey":0,"_uf_disable_surveys":false,"footnotes":""},"categories":[100],"tags":[],"class_list":["post-208473","post","type-post","status-publish","format-standard","hentry","category-tech-innovation"],"aioseo_notices":[],"aioseo_head":"\n\t\t<!-- All in One SEO 5.0.1.1 - aioseo.com -->\n\t<meta name=\"description\" content=\"Vaud a pr\u00e9sent\u00e9 mercredi sa strat\u00e9gie de transformation num\u00e9rique de l&#039;administration cantonale. Elle vise notamment \u00e0 simplifier les d\u00e9marches en ligne de la population, des entreprises et des communes, ainsi qu&#039;\u00e0 renforcer l&#039;efficience de l&#039;Etat. Objectif concret: doubler les d\u00e9marches administratives sur son portail \u00e0 l&#039;horizon 2030.\" \/>\n\t<meta name=\"robots\" content=\"max-image-preview:large\" \/>\n\t<meta name=\"author\" content=\"Morgane RAVOUNA\"\/>\n\t<link rel=\"canonical\" href=\"https:\/\/geneveinfos.ch\/index.php\/2026\/09\/02\/vaud-veut-accelerer-la-transformation-numerique-de-son-administration-dici-2030\/\" \/>\n\t<meta name=\"generator\" content=\"All in One SEO (AIOSEO) 5.0.1.1\" \/>\n\t\t<meta property=\"og:locale\" content=\"fr_FR\" \/>\n\t\t<meta property=\"og:site_name\" content=\"Gen\u00e8ve Infos - Le site d&#039;informations de la r\u00e9gion genevoise\" \/>\n\t\t<meta property=\"og:type\" content=\"article\" \/>\n\t\t<meta property=\"og:title\" content=\"Vaud veut acc\u00e9l\u00e9rer la transformation num\u00e9rique de son administration d\u2019ici 2030 - Gen\u00e8ve Infos\" \/>\n\t\t<meta property=\"og:description\" content=\"Vaud a pr\u00e9sent\u00e9 mercredi sa strat\u00e9gie de transformation num\u00e9rique de l&#039;administration cantonale. Elle vise notamment \u00e0 simplifier les d\u00e9marches en ligne de la population, des entreprises et des communes, ainsi qu&#039;\u00e0 renforcer l&#039;efficience de l&#039;Etat. Objectif concret: doubler les d\u00e9marches administratives sur son portail \u00e0 l&#039;horizon 2030.\" \/>\n\t\t<meta property=\"og:url\" content=\"https:\/\/geneveinfos.ch\/index.php\/2026\/09\/02\/vaud-veut-accelerer-la-transformation-numerique-de-son-administration-dici-2030\/\" \/>\n\t\t<meta property=\"og:image\" content=\"https:\/\/geneveinfos.ch\/wp-content\/uploads\/2025\/09\/Capture-decran-2025-09-18-a-16.52.08.png\" \/>\n\t\t<meta property=\"og:image:secure_url\" content=\"https:\/\/geneveinfos.ch\/wp-content\/uploads\/2025\/09\/Capture-decran-2025-09-18-a-16.52.08.png\" \/>\n\t\t<meta property=\"og:image:width\" content=\"513\" \/>\n\t\t<meta property=\"og:image:height\" content=\"457\" \/>\n\t\t<meta property=\"article:published_time\" content=\"2026-09-02T19:29:57+00:00\" \/>\n\t\t<meta property=\"article:modified_time\" content=\"2026-09-02T19:29:57+00:00\" \/>\n\t\t<meta property=\"article:publisher\" content=\"https:\/\/www.facebook.com\/profile.php?id=61576016541234\" \/>\n\t\t<meta name=\"twitter:card\" content=\"summary_large_image\" \/>\n\t\t<meta name=\"twitter:title\" content=\"Vaud veut acc\u00e9l\u00e9rer la transformation num\u00e9rique de son administration d\u2019ici 2030 - Gen\u00e8ve Infos\" \/>\n\t\t<meta name=\"twitter:description\" content=\"Vaud a pr\u00e9sent\u00e9 mercredi sa strat\u00e9gie de transformation num\u00e9rique de l&#039;administration cantonale. Elle vise notamment \u00e0 simplifier les d\u00e9marches en ligne de la population, des entreprises et des communes, ainsi qu&#039;\u00e0 renforcer l&#039;efficience de l&#039;Etat. Objectif concret: doubler les d\u00e9marches administratives sur son portail \u00e0 l&#039;horizon 2030.\" \/>\n\t\t<meta name=\"twitter:image\" content=\"https:\/\/geneveinfos.ch\/wp-content\/uploads\/2025\/09\/Capture-decran-2025-09-18-a-16.52.08.png\" \/>\n\t\t<script type=\"application\/ld+json\" class=\"aioseo-schema\">\n\t\t\t{\"@context\":\"https:\\\/\\\/schema.org\",\"@graph\":[{\"@type\":\"BlogPosting\",\"@id\":\"https:\\\/\\\/geneveinfos.ch\\\/index.php\\\/2026\\\/09\\\/02\\\/vaud-veut-accelerer-la-transformation-numerique-de-son-administration-dici-2030\\\/#blogposting\",\"name\":\"Vaud veut acc\\u00e9l\\u00e9rer la transformation num\\u00e9rique de son administration d\\u2019ici 2030 - Gen\\u00e8ve Infos\",\"headline\":\"Vaud veut acc\\u00e9l\\u00e9rer la transformation num\\u00e9rique de son administration d&rsquo;ici 2030\",\"author\":{\"@id\":\"https:\\\/\\\/geneveinfos.ch\\\/index.php\\\/author\\\/admin1380\\\/#author\"},\"publisher\":{\"@id\":\"https:\\\/\\\/geneveinfos.ch\\\/#person\"},\"image\":{\"@type\":\"ImageObject\",\"url\":\"https:\\\/\\\/img.rts.ch\\\/articles\\\/2018\\\/image\\\/gpvp1z-25997148.image?w=320&amp;h=180\",\"@id\":\"https:\\\/\\\/geneveinfos.ch\\\/index.php\\\/2026\\\/09\\\/02\\\/vaud-veut-accelerer-la-transformation-numerique-de-son-administration-dici-2030\\\/#articleImage\"},\"datePublished\":\"2026-09-02T21:29:57+02:00\",\"dateModified\":\"2026-09-02T21:29:57+02:00\",\"inLanguage\":\"fr-FR\",\"mainEntityOfPage\":{\"@id\":\"https:\\\/\\\/geneveinfos.ch\\\/index.php\\\/2026\\\/09\\\/02\\\/vaud-veut-accelerer-la-transformation-numerique-de-son-administration-dici-2030\\\/#webpage\"},\"isPartOf\":{\"@id\":\"https:\\\/\\\/geneveinfos.ch\\\/index.php\\\/2026\\\/09\\\/02\\\/vaud-veut-accelerer-la-transformation-numerique-de-son-administration-dici-2030\\\/#webpage\"},\"articleSection\":\"tech-innovation\"},{\"@type\":\"BreadcrumbList\",\"@id\":\"https:\\\/\\\/geneveinfos.ch\\\/index.php\\\/2026\\\/09\\\/02\\\/vaud-veut-accelerer-la-transformation-numerique-de-son-administration-dici-2030\\\/#breadcrumblist\",\"itemListElement\":[{\"@type\":\"ListItem\",\"@id\":\"https:\\\/\\\/geneveinfos.ch#listItem\",\"position\":1,\"name\":\"Home\",\"item\":\"https:\\\/\\\/geneveinfos.ch\",\"nextItem\":{\"@type\":\"ListItem\",\"@id\":\"https:\\\/\\\/geneveinfos.ch\\\/index.php\\\/category\\\/tech-innovation\\\/#listItem\",\"name\":\"tech-innovation\"}},{\"@type\":\"ListItem\",\"@id\":\"https:\\\/\\\/geneveinfos.ch\\\/index.php\\\/category\\\/tech-innovation\\\/#listItem\",\"position\":2,\"name\":\"tech-innovation\",\"item\":\"https:\\\/\\\/geneveinfos.ch\\\/index.php\\\/category\\\/tech-innovation\\\/\",\"nextItem\":{\"@type\":\"ListItem\",\"@id\":\"https:\\\/\\\/geneveinfos.ch\\\/index.php\\\/2026\\\/09\\\/02\\\/vaud-veut-accelerer-la-transformation-numerique-de-son-administration-dici-2030\\\/#listItem\",\"name\":\"Vaud veut acc\\u00e9l\\u00e9rer la transformation num\\u00e9rique de son administration d&rsquo;ici 2030\"},\"previousItem\":{\"@type\":\"ListItem\",\"@id\":\"https:\\\/\\\/geneveinfos.ch#listItem\",\"name\":\"Home\"}},{\"@type\":\"ListItem\",\"@id\":\"https:\\\/\\\/geneveinfos.ch\\\/index.php\\\/2026\\\/09\\\/02\\\/vaud-veut-accelerer-la-transformation-numerique-de-son-administration-dici-2030\\\/#listItem\",\"position\":3,\"name\":\"Vaud veut acc\\u00e9l\\u00e9rer la transformation num\\u00e9rique de son administration d&rsquo;ici 2030\",\"previousItem\":{\"@type\":\"ListItem\",\"@id\":\"https:\\\/\\\/geneveinfos.ch\\\/index.php\\\/category\\\/tech-innovation\\\/#listItem\",\"name\":\"tech-innovation\"}}]},{\"@type\":\"Person\",\"@id\":\"https:\\\/\\\/geneveinfos.ch\\\/#person\",\"name\":\"Morgane RAVOUNA\",\"image\":{\"@type\":\"ImageObject\",\"@id\":\"https:\\\/\\\/geneveinfos.ch\\\/index.php\\\/2026\\\/09\\\/02\\\/vaud-veut-accelerer-la-transformation-numerique-de-son-administration-dici-2030\\\/#personImage\",\"url\":\"https:\\\/\\\/secure.gravatar.com\\\/avatar\\\/bd1e2e1e7cabf66754a14e2181bc3f67cd3c2b9403841e078411545fc405115b?s=96&d=mm&r=g\",\"width\":96,\"height\":96,\"caption\":\"Morgane RAVOUNA\"}},{\"@type\":\"Person\",\"@id\":\"https:\\\/\\\/geneveinfos.ch\\\/index.php\\\/author\\\/admin1380\\\/#author\",\"url\":\"https:\\\/\\\/geneveinfos.ch\\\/index.php\\\/author\\\/admin1380\\\/\",\"name\":\"Morgane RAVOUNA\",\"image\":{\"@type\":\"ImageObject\",\"@id\":\"https:\\\/\\\/geneveinfos.ch\\\/index.php\\\/2026\\\/09\\\/02\\\/vaud-veut-accelerer-la-transformation-numerique-de-son-administration-dici-2030\\\/#authorImage\",\"url\":\"https:\\\/\\\/secure.gravatar.com\\\/avatar\\\/bd1e2e1e7cabf66754a14e2181bc3f67cd3c2b9403841e078411545fc405115b?s=96&d=mm&r=g\",\"width\":96,\"height\":96,\"caption\":\"Morgane RAVOUNA\"}},{\"@type\":\"WebPage\",\"@id\":\"https:\\\/\\\/geneveinfos.ch\\\/index.php\\\/2026\\\/09\\\/02\\\/vaud-veut-accelerer-la-transformation-numerique-de-son-administration-dici-2030\\\/#webpage\",\"url\":\"https:\\\/\\\/geneveinfos.ch\\\/index.php\\\/2026\\\/09\\\/02\\\/vaud-veut-accelerer-la-transformation-numerique-de-son-administration-dici-2030\\\/\",\"name\":\"Vaud veut acc\\u00e9l\\u00e9rer la transformation num\\u00e9rique de son administration d\\u2019ici 2030 - Gen\\u00e8ve Infos\",\"description\":\"Vaud a pr\\u00e9sent\\u00e9 mercredi sa strat\\u00e9gie de transformation num\\u00e9rique de l'administration cantonale. Elle vise notamment \\u00e0 simplifier les d\\u00e9marches en ligne de la population, des entreprises et des communes, ainsi qu'\\u00e0 renforcer l'efficience de l'Etat. Objectif concret: doubler les d\\u00e9marches administratives sur son portail \\u00e0 l'horizon 2030.\",\"inLanguage\":\"fr-FR\",\"isPartOf\":{\"@id\":\"https:\\\/\\\/geneveinfos.ch\\\/#website\"},\"breadcrumb\":{\"@id\":\"https:\\\/\\\/geneveinfos.ch\\\/index.php\\\/2026\\\/09\\\/02\\\/vaud-veut-accelerer-la-transformation-numerique-de-son-administration-dici-2030\\\/#breadcrumblist\"},\"author\":{\"@id\":\"https:\\\/\\\/geneveinfos.ch\\\/index.php\\\/author\\\/admin1380\\\/#author\"},\"creator\":{\"@id\":\"https:\\\/\\\/geneveinfos.ch\\\/index.php\\\/author\\\/admin1380\\\/#author\"},\"datePublished\":\"2026-09-02T21:29:57+02:00\",\"dateModified\":\"2026-09-02T21:29:57+02:00\"},{\"@type\":\"WebSite\",\"@id\":\"https:\\\/\\\/geneveinfos.ch\\\/#website\",\"url\":\"https:\\\/\\\/geneveinfos.ch\\\/\",\"name\":\"Gen\\u00e8ve Infos\",\"description\":\"Le site d'informations de la r\\u00e9gion genevoise\",\"inLanguage\":\"fr-FR\",\"publisher\":{\"@id\":\"https:\\\/\\\/geneveinfos.ch\\\/#person\"}}]}\n\t\t<\/script>\n\t\t<!-- All in One SEO -->\n\n","aioseo_head_json":{"title":"Vaud veut acc\u00e9l\u00e9rer la transformation num\u00e9rique de son administration d\u2019ici 2030 - Gen\u00e8ve Infos","description":"Vaud a pr\u00e9sent\u00e9 mercredi sa strat\u00e9gie de transformation num\u00e9rique de l'administration cantonale. Elle vise notamment \u00e0 simplifier les d\u00e9marches en ligne de la population, des entreprises et des communes, ainsi qu'\u00e0 renforcer l'efficience de l'Etat. Objectif concret: doubler les d\u00e9marches administratives sur son portail \u00e0 l'horizon 2030.","canonical_url":"https:\/\/geneveinfos.ch\/index.php\/2026\/09\/02\/vaud-veut-accelerer-la-transformation-numerique-de-son-administration-dici-2030\/","robots":"max-image-preview:large","keywords":"","webmasterTools":{"miscellaneous":""},"schema":{"@context":"https:\/\/schema.org","@graph":[{"@type":"BlogPosting","@id":"https:\/\/geneveinfos.ch\/index.php\/2026\/09\/02\/vaud-veut-accelerer-la-transformation-numerique-de-son-administration-dici-2030\/#blogposting","name":"Vaud veut acc\u00e9l\u00e9rer la transformation num\u00e9rique de son administration d\u2019ici 2030 - Gen\u00e8ve Infos","headline":"Vaud veut acc\u00e9l\u00e9rer la transformation num\u00e9rique de son administration d&rsquo;ici 2030","author":{"@id":"https:\/\/geneveinfos.ch\/index.php\/author\/admin1380\/#author"},"publisher":{"@id":"https:\/\/geneveinfos.ch\/#person"},"image":{"@type":"ImageObject","url":"https:\/\/img.rts.ch\/articles\/2018\/image\/gpvp1z-25997148.image?w=320&amp;h=180","@id":"https:\/\/geneveinfos.ch\/index.php\/2026\/09\/02\/vaud-veut-accelerer-la-transformation-numerique-de-son-administration-dici-2030\/#articleImage"},"datePublished":"2026-09-02T21:29:57+02:00","dateModified":"2026-09-02T21:29:57+02:00","inLanguage":"fr-FR","mainEntityOfPage":{"@id":"https:\/\/geneveinfos.ch\/index.php\/2026\/09\/02\/vaud-veut-accelerer-la-transformation-numerique-de-son-administration-dici-2030\/#webpage"},"isPartOf":{"@id":"https:\/\/geneveinfos.ch\/index.php\/2026\/09\/02\/vaud-veut-accelerer-la-transformation-numerique-de-son-administration-dici-2030\/#webpage"},"articleSection":"tech-innovation"},{"@type":"BreadcrumbList","@id":"https:\/\/geneveinfos.ch\/index.php\/2026\/09\/02\/vaud-veut-accelerer-la-transformation-numerique-de-son-administration-dici-2030\/#breadcrumblist","itemListElement":[{"@type":"ListItem","@id":"https:\/\/geneveinfos.ch#listItem","position":1,"name":"Home","item":"https:\/\/geneveinfos.ch","nextItem":{"@type":"ListItem","@id":"https:\/\/geneveinfos.ch\/index.php\/category\/tech-innovation\/#listItem","name":"tech-innovation"}},{"@type":"ListItem","@id":"https:\/\/geneveinfos.ch\/index.php\/category\/tech-innovation\/#listItem","position":2,"name":"tech-innovation","item":"https:\/\/geneveinfos.ch\/index.php\/category\/tech-innovation\/","nextItem":{"@type":"ListItem","@id":"https:\/\/geneveinfos.ch\/index.php\/2026\/09\/02\/vaud-veut-accelerer-la-transformation-numerique-de-son-administration-dici-2030\/#listItem","name":"Vaud veut acc\u00e9l\u00e9rer la transformation num\u00e9rique de son administration d&rsquo;ici 2030"},"previousItem":{"@type":"ListItem","@id":"https:\/\/geneveinfos.ch#listItem","name":"Home"}},{"@type":"ListItem","@id":"https:\/\/geneveinfos.ch\/index.php\/2026\/09\/02\/vaud-veut-accelerer-la-transformation-numerique-de-son-administration-dici-2030\/#listItem","position":3,"name":"Vaud veut acc\u00e9l\u00e9rer la transformation num\u00e9rique de son administration d&rsquo;ici 2030","previousItem":{"@type":"ListItem","@id":"https:\/\/geneveinfos.ch\/index.php\/category\/tech-innovation\/#listItem","name":"tech-innovation"}}]},{"@type":"Person","@id":"https:\/\/geneveinfos.ch\/#person","name":"Morgane RAVOUNA","image":{"@type":"ImageObject","@id":"https:\/\/geneveinfos.ch\/index.php\/2026\/09\/02\/vaud-veut-accelerer-la-transformation-numerique-de-son-administration-dici-2030\/#personImage","url":"https:\/\/secure.gravatar.com\/avatar\/bd1e2e1e7cabf66754a14e2181bc3f67cd3c2b9403841e078411545fc405115b?s=96&d=mm&r=g","width":96,"height":96,"caption":"Morgane RAVOUNA"}},{"@type":"Person","@id":"https:\/\/geneveinfos.ch\/index.php\/author\/admin1380\/#author","url":"https:\/\/geneveinfos.ch\/index.php\/author\/admin1380\/","name":"Morgane RAVOUNA","image":{"@type":"ImageObject","@id":"https:\/\/geneveinfos.ch\/index.php\/2026\/09\/02\/vaud-veut-accelerer-la-transformation-numerique-de-son-administration-dici-2030\/#authorImage","url":"https:\/\/secure.gravatar.com\/avatar\/bd1e2e1e7cabf66754a14e2181bc3f67cd3c2b9403841e078411545fc405115b?s=96&d=mm&r=g","width":96,"height":96,"caption":"Morgane RAVOUNA"}},{"@type":"WebPage","@id":"https:\/\/geneveinfos.ch\/index.php\/2026\/09\/02\/vaud-veut-accelerer-la-transformation-numerique-de-son-administration-dici-2030\/#webpage","url":"https:\/\/geneveinfos.ch\/index.php\/2026\/09\/02\/vaud-veut-accelerer-la-transformation-numerique-de-son-administration-dici-2030\/","name":"Vaud veut acc\u00e9l\u00e9rer la transformation num\u00e9rique de son administration d\u2019ici 2030 - Gen\u00e8ve Infos","description":"Vaud a pr\u00e9sent\u00e9 mercredi sa strat\u00e9gie de transformation num\u00e9rique de l'administration cantonale. Elle vise notamment \u00e0 simplifier les d\u00e9marches en ligne de la population, des entreprises et des communes, ainsi qu'\u00e0 renforcer l'efficience de l'Etat. Objectif concret: doubler les d\u00e9marches administratives sur son portail \u00e0 l'horizon 2030.","inLanguage":"fr-FR","isPartOf":{"@id":"https:\/\/geneveinfos.ch\/#website"},"breadcrumb":{"@id":"https:\/\/geneveinfos.ch\/index.php\/2026\/09\/02\/vaud-veut-accelerer-la-transformation-numerique-de-son-administration-dici-2030\/#breadcrumblist"},"author":{"@id":"https:\/\/geneveinfos.ch\/index.php\/author\/admin1380\/#author"},"creator":{"@id":"https:\/\/geneveinfos.ch\/index.php\/author\/admin1380\/#author"},"datePublished":"2026-09-02T21:29:57+02:00","dateModified":"2026-09-02T21:29:57+02:00"},{"@type":"WebSite","@id":"https:\/\/geneveinfos.ch\/#website","url":"https:\/\/geneveinfos.ch\/","name":"Gen\u00e8ve Infos","description":"Le site d'informations de la r\u00e9gion genevoise","inLanguage":"fr-FR","publisher":{"@id":"https:\/\/geneveinfos.ch\/#person"}}]},"og:locale":"fr_FR","og:site_name":"Gen\u00e8ve Infos - Le site d'informations de la r\u00e9gion genevoise","og:type":"article","og:title":"Vaud veut acc\u00e9l\u00e9rer la transformation num\u00e9rique de son administration d\u2019ici 2030 - Gen\u00e8ve Infos","og:description":"Vaud a pr\u00e9sent\u00e9 mercredi sa strat\u00e9gie de transformation num\u00e9rique de l'administration cantonale. Elle vise notamment \u00e0 simplifier les d\u00e9marches en ligne de la population, des entreprises et des communes, ainsi qu'\u00e0 renforcer l'efficience de l'Etat. Objectif concret: doubler les d\u00e9marches administratives sur son portail \u00e0 l'horizon 2030.","og:url":"https:\/\/geneveinfos.ch\/index.php\/2026\/09\/02\/vaud-veut-accelerer-la-transformation-numerique-de-son-administration-dici-2030\/","og:image":"https:\/\/geneveinfos.ch\/wp-content\/uploads\/2025\/09\/Capture-decran-2025-09-18-a-16.52.08.png","og:image:secure_url":"https:\/\/geneveinfos.ch\/wp-content\/uploads\/2025\/09\/Capture-decran-2025-09-18-a-16.52.08.png","og:image:width":513,"og:image:height":457,"article:published_time":"2026-09-02T19:29:57+00:00","article:modified_time":"2026-09-02T19:29:57+00:00","article:publisher":"https:\/\/www.facebook.com\/profile.php?id=61576016541234","twitter:card":"summary_large_image","twitter:title":"Vaud veut acc\u00e9l\u00e9rer la transformation num\u00e9rique de son administration d\u2019ici 2030 - Gen\u00e8ve Infos","twitter:description":"Vaud a pr\u00e9sent\u00e9 mercredi sa strat\u00e9gie de transformation num\u00e9rique de l'administration cantonale. Elle vise notamment \u00e0 simplifier les d\u00e9marches en ligne de la population, des entreprises et des communes, ainsi qu'\u00e0 renforcer l'efficience de l'Etat. Objectif concret: doubler les d\u00e9marches administratives sur son portail \u00e0 l'horizon 2030.","twitter:image":"https:\/\/geneveinfos.ch\/wp-content\/uploads\/2025\/09\/Capture-decran-2025-09-18-a-16.52.08.png"},"aioseo_meta_data":{"post_id":"208473","title":null,"description":null,"keywords":null,"keyphrases":null,"primary_term":null,"canonical_url":null,"og_title":null,"og_description":null,"og_object_type":"default","og_image_type":"default","og_image_url":null,"og_image_width":null,"og_image_height":null,"og_image_custom_url":null,"og_image_custom_fields":null,"og_video":null,"og_custom_url":null,"og_article_section":null,"og_article_tags":null,"twitter_use_og":false,"twitter_card":"default","twitter_image_type":"default","twitter_image_url":null,"twitter_image_custom_url":null,"twitter_image_custom_fields":null,"twitter_title":null,"twitter_description":null,"schema":{"blockGraphs":[],"customGraphs":[],"default":{"data":{"Article":[],"Course":[],"Dataset":[],"FAQPage":[],"Movie":[],"Person":[],"Product":[],"ProductReview":[],"Car":[],"Recipe":[],"Service":[],"SoftwareApplication":[],"WebPage":[]},"graphName":"","isEnabled":true},"graphs":[]},"schema_type":"default","schema_type_options":null,"pillar_content":false,"robots_default":true,"robots_noindex":false,"robots_noarchive":false,"robots_nosnippet":false,"robots_nofollow":false,"robots_noimageindex":false,"robots_noodp":false,"robots_notranslate":false,"robots_max_snippet":null,"robots_max_videopreview":null,"robots_max_imagepreview":"large","priority":null,"frequency":null,"local_seo":null,"breadcrumb_settings":null,"limit_modified_date":false,"ai":null,"created":"2026-09-02 19:54:09","updated":"2026-09-02 19:54:09","seo_analyzer_scan_date":null,"focus_keyword":null,"additional_keywords":null,"truseo_locale":null},"aioseo_breadcrumb":"<div class=\"aioseo-breadcrumbs\"><span class=\"aioseo-breadcrumb\">\n\t\t\t<a href=\"https:\/\/geneveinfos.ch\" title=\"Home\">Home<\/a>\n\t\t<\/span><span class=\"aioseo-breadcrumb-separator\">&raquo;<\/span><span class=\"aioseo-breadcrumb\">\n\t\t\t<a href=\"https:\/\/geneveinfos.ch\/index.php\/category\/tech-innovation\/\" title=\"tech-innovation\">tech-innovation<\/a>\n\t\t<\/span><span class=\"aioseo-breadcrumb-separator\">&raquo;<\/span><span class=\"aioseo-breadcrumb\">\n\t\t\tVaud veut acc\u00e9l\u00e9rer la transformation num\u00e9rique de son administration d\u2019ici 2030\n\t\t<\/span><\/div>","aioseo_breadcrumb_json":[{"label":"Home","link":"https:\/\/geneveinfos.ch"},{"label":"tech-innovation","link":"https:\/\/geneveinfos.ch\/index.php\/category\/tech-innovation\/"},{"label":"Vaud veut acc\u00e9l\u00e9rer la transformation num\u00e9rique de son administration d&rsquo;ici 2030","link":"https:\/\/geneveinfos.ch\/index.php\/2026\/09\/02\/vaud-veut-accelerer-la-transformation-numerique-de-son-administration-dici-2030\/"}],"_links":{"self":[{"href":"https:\/\/geneveinfos.ch\/index.php\/wp-json\/wp\/v2\/posts\/208473","targetHints":{"allow":["GET"]}}],"collection":[{"href":"https:\/\/geneveinfos.ch\/index.php\/wp-json\/wp\/v2\/posts"}],"about":[{"href":"https:\/\/geneveinfos.ch\/index.php\/wp-json\/wp\/v2\/types\/post"}],"author":[{"embeddable":true,"href":"https:\/\/geneveinfos.ch\/index.php\/wp-json\/wp\/v2\/users\/1"}],"replies":[{"embeddable":true,"href":"https:\/\/geneveinfos.ch\/index.php\/wp-json\/wp\/v2\/comments?post=208473"}],"version-history":[{"count":0,"href":"https:\/\/geneveinfos.ch\/index.php\/wp-json\/wp\/v2\/posts\/208473\/revisions"}],"wp:attachment":[{"href":"https:\/\/geneveinfos.ch\/index.php\/wp-json\/wp\/v2\/media?parent=208473"}],"wp:term":[{"taxonomy":"category","embeddable":true,"href":"https:\/\/geneveinfos.ch\/index.php\/wp-json\/wp\/v2\/categories?post=208473"},{"taxonomy":"post_tag","embeddable":true,"href":"https:\/\/geneveinfos.ch\/index.php\/wp-json\/wp\/v2\/tags?post=208473"}],"curies":[{"name":"wp","href":"https:\/\/api.w.org\/{rel}","templated":true}]}}