{"id":208502,"date":"2026-09-02T21:51:31","date_gmt":"2026-09-02T19:51:31","guid":{"rendered":"https:\/\/geneveinfos.ch\/index.php\/2026\/09\/02\/le-tireur-presume-de-la-tuerie-daarau-vivait-discretement-dans-le-village-jurassien-de-montsevelier\/"},"modified":"2026-09-02T21:51:31","modified_gmt":"2026-09-02T19:51:31","slug":"le-tireur-presume-de-la-tuerie-daarau-vivait-discretement-dans-le-village-jurassien-de-montsevelier","status":"publish","type":"post","link":"https:\/\/geneveinfos.ch\/index.php\/2026\/09\/02\/le-tireur-presume-de-la-tuerie-daarau-vivait-discretement-dans-le-village-jurassien-de-montsevelier\/","title":{"rendered":"Le tireur pr\u00e9sum\u00e9 de la tuerie d&rsquo;Aarau vivait discr\u00e8tement dans le village jurassien de Montsevelier"},"content":{"rendered":"<p>This <a href=\"https:\/\/www.rts.ch\/info\/regions\/jura\/2026\/article\/tuerie-d-aarau-le-suspect-vivait-a-montsevelier-dans-le-jura-29345965.html?rts_source=rss_t\" target=\"_blank\">post<\/a> was originally published on <a href=\"https:\/\/www.rts.ch\/info\/toute-info\/?format=rss\/news\" target=\"_blank\">this site<\/a>.<\/p><div>\n<div><a href=\"https:\/\/www.rts.ch\/info\/regions\/jura\/2026\/article\/tuerie-d-aarau-le-suspect-vivait-a-montsevelier-dans-le-jura-29345965.html?rts_source=rss_t\"><img decoding=\"async\" src=\"https:\/\/img.rts.ch\/articles\/2026\/image\/7c237c31-29345985.image?w=320&amp;h=180\"><\/a>Le tireur pr&eacute;sum&eacute; de la fusillade &agrave; Aarau, qui a fait un mort et six bless&eacute;s, vivait dans le petit village de Montsevelier, &agrave; l&rsquo;est de Del&eacute;mont, r&eacute;v&egrave;le mercredi la RTS. Deux t&eacute;moins rencontr&eacute;s sur place d&eacute;crivent le suspect comme une personne tr&egrave;s discr&egrave;te, peu int&eacute;gr&eacute;e dans le village.<\/div>\n<\/div>\n","protected":false},"excerpt":{"rendered":"<p>This post was originally published on this site. Le tireur pr&eacute;sum&eacute; de la fusillade &agrave; Aarau, qui a fait un mort et six bless&eacute;s, vivait dans le petit village de Montsevelier, &agrave; l&rsquo;est de Del&eacute;mont, r&eacute;v&egrave;le mercredi la RTS. Deux t&eacute;moins rencontr&eacute;s sur place d&eacute;crivent le suspect comme une personne tr&egrave;s discr&egrave;te, peu int&eacute;gr&eacute;e dans [&hellip;]<\/p>\n","protected":false},"author":1,"featured_media":0,"comment_status":"open","ping_status":"open","sticky":false,"template":"","format":"standard","meta":{"_monsterinsights_skip_tracking":false,"_uf_show_specific_survey":0,"_uf_disable_surveys":false,"footnotes":""},"categories":[100],"tags":[],"class_list":["post-208502","post","type-post","status-publish","format-standard","hentry","category-tech-innovation"],"aioseo_notices":[],"aioseo_head":"\n\t\t<!-- All in One SEO 5.0.1.1 - aioseo.com -->\n\t<meta name=\"description\" content=\"Le tireur pr\u00e9sum\u00e9 de la fusillade \u00e0 Aarau, qui a fait un mort et six bless\u00e9s, vivait dans le petit village de Montsevelier, \u00e0 l\u2019est de Del\u00e9mont, r\u00e9v\u00e8le mercredi la RTS. Deux t\u00e9moins rencontr\u00e9s sur place d\u00e9crivent le suspect comme une personne tr\u00e8s discr\u00e8te, peu int\u00e9gr\u00e9e dans le village.\" \/>\n\t<meta name=\"robots\" content=\"max-image-preview:large\" \/>\n\t<meta name=\"author\" content=\"Morgane RAVOUNA\"\/>\n\t<link rel=\"canonical\" href=\"https:\/\/geneveinfos.ch\/index.php\/2026\/09\/02\/le-tireur-presume-de-la-tuerie-daarau-vivait-discretement-dans-le-village-jurassien-de-montsevelier\/\" \/>\n\t<meta name=\"generator\" content=\"All in One SEO (AIOSEO) 5.0.1.1\" \/>\n\t\t<meta property=\"og:locale\" content=\"fr_FR\" \/>\n\t\t<meta property=\"og:site_name\" content=\"Gen\u00e8ve Infos - Le site d&#039;informations de la r\u00e9gion genevoise\" \/>\n\t\t<meta property=\"og:type\" content=\"article\" \/>\n\t\t<meta property=\"og:title\" content=\"Le tireur pr\u00e9sum\u00e9 de la tuerie d\u2019Aarau vivait discr\u00e8tement dans le village jurassien de Montsevelier - Gen\u00e8ve Infos\" \/>\n\t\t<meta property=\"og:description\" content=\"Le tireur pr\u00e9sum\u00e9 de la fusillade \u00e0 Aarau, qui a fait un mort et six bless\u00e9s, vivait dans le petit village de Montsevelier, \u00e0 l\u2019est de Del\u00e9mont, r\u00e9v\u00e8le mercredi la RTS. Deux t\u00e9moins rencontr\u00e9s sur place d\u00e9crivent le suspect comme une personne tr\u00e8s discr\u00e8te, peu int\u00e9gr\u00e9e dans le village.\" \/>\n\t\t<meta property=\"og:url\" content=\"https:\/\/geneveinfos.ch\/index.php\/2026\/09\/02\/le-tireur-presume-de-la-tuerie-daarau-vivait-discretement-dans-le-village-jurassien-de-montsevelier\/\" \/>\n\t\t<meta property=\"og:image\" content=\"https:\/\/geneveinfos.ch\/wp-content\/uploads\/2025\/09\/Capture-decran-2025-09-18-a-16.52.08.png\" \/>\n\t\t<meta property=\"og:image:secure_url\" content=\"https:\/\/geneveinfos.ch\/wp-content\/uploads\/2025\/09\/Capture-decran-2025-09-18-a-16.52.08.png\" \/>\n\t\t<meta property=\"og:image:width\" content=\"513\" \/>\n\t\t<meta property=\"og:image:height\" content=\"457\" \/>\n\t\t<meta property=\"article:published_time\" content=\"2026-09-02T19:51:31+00:00\" \/>\n\t\t<meta property=\"article:modified_time\" content=\"2026-09-02T19:51:31+00:00\" \/>\n\t\t<meta property=\"article:publisher\" content=\"https:\/\/www.facebook.com\/profile.php?id=61576016541234\" \/>\n\t\t<meta name=\"twitter:card\" content=\"summary_large_image\" \/>\n\t\t<meta name=\"twitter:title\" content=\"Le tireur pr\u00e9sum\u00e9 de la tuerie d\u2019Aarau vivait discr\u00e8tement dans le village jurassien de Montsevelier - Gen\u00e8ve Infos\" \/>\n\t\t<meta name=\"twitter:description\" content=\"Le tireur pr\u00e9sum\u00e9 de la fusillade \u00e0 Aarau, qui a fait un mort et six bless\u00e9s, vivait dans le petit village de Montsevelier, \u00e0 l\u2019est de Del\u00e9mont, r\u00e9v\u00e8le mercredi la RTS. Deux t\u00e9moins rencontr\u00e9s sur place d\u00e9crivent le suspect comme une personne tr\u00e8s discr\u00e8te, peu int\u00e9gr\u00e9e dans le village.\" \/>\n\t\t<meta name=\"twitter:image\" content=\"https:\/\/geneveinfos.ch\/wp-content\/uploads\/2025\/09\/Capture-decran-2025-09-18-a-16.52.08.png\" \/>\n\t\t<script type=\"application\/ld+json\" class=\"aioseo-schema\">\n\t\t\t{\"@context\":\"https:\\\/\\\/schema.org\",\"@graph\":[{\"@type\":\"BlogPosting\",\"@id\":\"https:\\\/\\\/geneveinfos.ch\\\/index.php\\\/2026\\\/09\\\/02\\\/le-tireur-presume-de-la-tuerie-daarau-vivait-discretement-dans-le-village-jurassien-de-montsevelier\\\/#blogposting\",\"name\":\"Le tireur pr\\u00e9sum\\u00e9 de la tuerie d\\u2019Aarau vivait discr\\u00e8tement dans le village jurassien de Montsevelier - Gen\\u00e8ve Infos\",\"headline\":\"Le tireur pr\\u00e9sum\\u00e9 de la tuerie d&rsquo;Aarau vivait discr\\u00e8tement dans le village jurassien de Montsevelier\",\"author\":{\"@id\":\"https:\\\/\\\/geneveinfos.ch\\\/index.php\\\/author\\\/admin1380\\\/#author\"},\"publisher\":{\"@id\":\"https:\\\/\\\/geneveinfos.ch\\\/#person\"},\"image\":{\"@type\":\"ImageObject\",\"url\":\"https:\\\/\\\/img.rts.ch\\\/articles\\\/2026\\\/image\\\/7c237c31-29345985.image?w=320&amp;h=180\",\"@id\":\"https:\\\/\\\/geneveinfos.ch\\\/index.php\\\/2026\\\/09\\\/02\\\/le-tireur-presume-de-la-tuerie-daarau-vivait-discretement-dans-le-village-jurassien-de-montsevelier\\\/#articleImage\"},\"datePublished\":\"2026-09-02T21:51:31+02:00\",\"dateModified\":\"2026-09-02T21:51:31+02:00\",\"inLanguage\":\"fr-FR\",\"mainEntityOfPage\":{\"@id\":\"https:\\\/\\\/geneveinfos.ch\\\/index.php\\\/2026\\\/09\\\/02\\\/le-tireur-presume-de-la-tuerie-daarau-vivait-discretement-dans-le-village-jurassien-de-montsevelier\\\/#webpage\"},\"isPartOf\":{\"@id\":\"https:\\\/\\\/geneveinfos.ch\\\/index.php\\\/2026\\\/09\\\/02\\\/le-tireur-presume-de-la-tuerie-daarau-vivait-discretement-dans-le-village-jurassien-de-montsevelier\\\/#webpage\"},\"articleSection\":\"tech-innovation\"},{\"@type\":\"BreadcrumbList\",\"@id\":\"https:\\\/\\\/geneveinfos.ch\\\/index.php\\\/2026\\\/09\\\/02\\\/le-tireur-presume-de-la-tuerie-daarau-vivait-discretement-dans-le-village-jurassien-de-montsevelier\\\/#breadcrumblist\",\"itemListElement\":[{\"@type\":\"ListItem\",\"@id\":\"https:\\\/\\\/geneveinfos.ch#listItem\",\"position\":1,\"name\":\"Home\",\"item\":\"https:\\\/\\\/geneveinfos.ch\",\"nextItem\":{\"@type\":\"ListItem\",\"@id\":\"https:\\\/\\\/geneveinfos.ch\\\/index.php\\\/category\\\/tech-innovation\\\/#listItem\",\"name\":\"tech-innovation\"}},{\"@type\":\"ListItem\",\"@id\":\"https:\\\/\\\/geneveinfos.ch\\\/index.php\\\/category\\\/tech-innovation\\\/#listItem\",\"position\":2,\"name\":\"tech-innovation\",\"item\":\"https:\\\/\\\/geneveinfos.ch\\\/index.php\\\/category\\\/tech-innovation\\\/\",\"nextItem\":{\"@type\":\"ListItem\",\"@id\":\"https:\\\/\\\/geneveinfos.ch\\\/index.php\\\/2026\\\/09\\\/02\\\/le-tireur-presume-de-la-tuerie-daarau-vivait-discretement-dans-le-village-jurassien-de-montsevelier\\\/#listItem\",\"name\":\"Le tireur pr\\u00e9sum\\u00e9 de la tuerie d&rsquo;Aarau vivait discr\\u00e8tement dans le village jurassien de Montsevelier\"},\"previousItem\":{\"@type\":\"ListItem\",\"@id\":\"https:\\\/\\\/geneveinfos.ch#listItem\",\"name\":\"Home\"}},{\"@type\":\"ListItem\",\"@id\":\"https:\\\/\\\/geneveinfos.ch\\\/index.php\\\/2026\\\/09\\\/02\\\/le-tireur-presume-de-la-tuerie-daarau-vivait-discretement-dans-le-village-jurassien-de-montsevelier\\\/#listItem\",\"position\":3,\"name\":\"Le tireur pr\\u00e9sum\\u00e9 de la tuerie d&rsquo;Aarau vivait discr\\u00e8tement dans le village jurassien de Montsevelier\",\"previousItem\":{\"@type\":\"ListItem\",\"@id\":\"https:\\\/\\\/geneveinfos.ch\\\/index.php\\\/category\\\/tech-innovation\\\/#listItem\",\"name\":\"tech-innovation\"}}]},{\"@type\":\"Person\",\"@id\":\"https:\\\/\\\/geneveinfos.ch\\\/#person\",\"name\":\"Morgane RAVOUNA\",\"image\":{\"@type\":\"ImageObject\",\"@id\":\"https:\\\/\\\/geneveinfos.ch\\\/index.php\\\/2026\\\/09\\\/02\\\/le-tireur-presume-de-la-tuerie-daarau-vivait-discretement-dans-le-village-jurassien-de-montsevelier\\\/#personImage\",\"url\":\"https:\\\/\\\/secure.gravatar.com\\\/avatar\\\/bd1e2e1e7cabf66754a14e2181bc3f67cd3c2b9403841e078411545fc405115b?s=96&d=mm&r=g\",\"width\":96,\"height\":96,\"caption\":\"Morgane RAVOUNA\"}},{\"@type\":\"Person\",\"@id\":\"https:\\\/\\\/geneveinfos.ch\\\/index.php\\\/author\\\/admin1380\\\/#author\",\"url\":\"https:\\\/\\\/geneveinfos.ch\\\/index.php\\\/author\\\/admin1380\\\/\",\"name\":\"Morgane RAVOUNA\",\"image\":{\"@type\":\"ImageObject\",\"@id\":\"https:\\\/\\\/geneveinfos.ch\\\/index.php\\\/2026\\\/09\\\/02\\\/le-tireur-presume-de-la-tuerie-daarau-vivait-discretement-dans-le-village-jurassien-de-montsevelier\\\/#authorImage\",\"url\":\"https:\\\/\\\/secure.gravatar.com\\\/avatar\\\/bd1e2e1e7cabf66754a14e2181bc3f67cd3c2b9403841e078411545fc405115b?s=96&d=mm&r=g\",\"width\":96,\"height\":96,\"caption\":\"Morgane RAVOUNA\"}},{\"@type\":\"WebPage\",\"@id\":\"https:\\\/\\\/geneveinfos.ch\\\/index.php\\\/2026\\\/09\\\/02\\\/le-tireur-presume-de-la-tuerie-daarau-vivait-discretement-dans-le-village-jurassien-de-montsevelier\\\/#webpage\",\"url\":\"https:\\\/\\\/geneveinfos.ch\\\/index.php\\\/2026\\\/09\\\/02\\\/le-tireur-presume-de-la-tuerie-daarau-vivait-discretement-dans-le-village-jurassien-de-montsevelier\\\/\",\"name\":\"Le tireur pr\\u00e9sum\\u00e9 de la tuerie d\\u2019Aarau vivait discr\\u00e8tement dans le village jurassien de Montsevelier - Gen\\u00e8ve Infos\",\"description\":\"Le tireur pr\\u00e9sum\\u00e9 de la fusillade \\u00e0 Aarau, qui a fait un mort et six bless\\u00e9s, vivait dans le petit village de Montsevelier, \\u00e0 l\\u2019est de Del\\u00e9mont, r\\u00e9v\\u00e8le mercredi la RTS. Deux t\\u00e9moins rencontr\\u00e9s sur place d\\u00e9crivent le suspect comme une personne tr\\u00e8s discr\\u00e8te, peu int\\u00e9gr\\u00e9e dans le village.\",\"inLanguage\":\"fr-FR\",\"isPartOf\":{\"@id\":\"https:\\\/\\\/geneveinfos.ch\\\/#website\"},\"breadcrumb\":{\"@id\":\"https:\\\/\\\/geneveinfos.ch\\\/index.php\\\/2026\\\/09\\\/02\\\/le-tireur-presume-de-la-tuerie-daarau-vivait-discretement-dans-le-village-jurassien-de-montsevelier\\\/#breadcrumblist\"},\"author\":{\"@id\":\"https:\\\/\\\/geneveinfos.ch\\\/index.php\\\/author\\\/admin1380\\\/#author\"},\"creator\":{\"@id\":\"https:\\\/\\\/geneveinfos.ch\\\/index.php\\\/author\\\/admin1380\\\/#author\"},\"datePublished\":\"2026-09-02T21:51:31+02:00\",\"dateModified\":\"2026-09-02T21:51:31+02:00\"},{\"@type\":\"WebSite\",\"@id\":\"https:\\\/\\\/geneveinfos.ch\\\/#website\",\"url\":\"https:\\\/\\\/geneveinfos.ch\\\/\",\"name\":\"Gen\\u00e8ve Infos\",\"description\":\"Le site d'informations de la r\\u00e9gion genevoise\",\"inLanguage\":\"fr-FR\",\"publisher\":{\"@id\":\"https:\\\/\\\/geneveinfos.ch\\\/#person\"}}]}\n\t\t<\/script>\n\t\t<!-- All in One SEO -->\n\n","aioseo_head_json":{"title":"Le tireur pr\u00e9sum\u00e9 de la tuerie d\u2019Aarau vivait discr\u00e8tement dans le village jurassien de Montsevelier - Gen\u00e8ve Infos","description":"Le tireur pr\u00e9sum\u00e9 de la fusillade \u00e0 Aarau, qui a fait un mort et six bless\u00e9s, vivait dans le petit village de Montsevelier, \u00e0 l\u2019est de Del\u00e9mont, r\u00e9v\u00e8le mercredi la RTS. Deux t\u00e9moins rencontr\u00e9s sur place d\u00e9crivent le suspect comme une personne tr\u00e8s discr\u00e8te, peu int\u00e9gr\u00e9e dans le village.","canonical_url":"https:\/\/geneveinfos.ch\/index.php\/2026\/09\/02\/le-tireur-presume-de-la-tuerie-daarau-vivait-discretement-dans-le-village-jurassien-de-montsevelier\/","robots":"max-image-preview:large","keywords":"","webmasterTools":{"miscellaneous":""},"schema":{"@context":"https:\/\/schema.org","@graph":[{"@type":"BlogPosting","@id":"https:\/\/geneveinfos.ch\/index.php\/2026\/09\/02\/le-tireur-presume-de-la-tuerie-daarau-vivait-discretement-dans-le-village-jurassien-de-montsevelier\/#blogposting","name":"Le tireur pr\u00e9sum\u00e9 de la tuerie d\u2019Aarau vivait discr\u00e8tement dans le village jurassien de Montsevelier - Gen\u00e8ve Infos","headline":"Le tireur pr\u00e9sum\u00e9 de la tuerie d&rsquo;Aarau vivait discr\u00e8tement dans le village jurassien de Montsevelier","author":{"@id":"https:\/\/geneveinfos.ch\/index.php\/author\/admin1380\/#author"},"publisher":{"@id":"https:\/\/geneveinfos.ch\/#person"},"image":{"@type":"ImageObject","url":"https:\/\/img.rts.ch\/articles\/2026\/image\/7c237c31-29345985.image?w=320&amp;h=180","@id":"https:\/\/geneveinfos.ch\/index.php\/2026\/09\/02\/le-tireur-presume-de-la-tuerie-daarau-vivait-discretement-dans-le-village-jurassien-de-montsevelier\/#articleImage"},"datePublished":"2026-09-02T21:51:31+02:00","dateModified":"2026-09-02T21:51:31+02:00","inLanguage":"fr-FR","mainEntityOfPage":{"@id":"https:\/\/geneveinfos.ch\/index.php\/2026\/09\/02\/le-tireur-presume-de-la-tuerie-daarau-vivait-discretement-dans-le-village-jurassien-de-montsevelier\/#webpage"},"isPartOf":{"@id":"https:\/\/geneveinfos.ch\/index.php\/2026\/09\/02\/le-tireur-presume-de-la-tuerie-daarau-vivait-discretement-dans-le-village-jurassien-de-montsevelier\/#webpage"},"articleSection":"tech-innovation"},{"@type":"BreadcrumbList","@id":"https:\/\/geneveinfos.ch\/index.php\/2026\/09\/02\/le-tireur-presume-de-la-tuerie-daarau-vivait-discretement-dans-le-village-jurassien-de-montsevelier\/#breadcrumblist","itemListElement":[{"@type":"ListItem","@id":"https:\/\/geneveinfos.ch#listItem","position":1,"name":"Home","item":"https:\/\/geneveinfos.ch","nextItem":{"@type":"ListItem","@id":"https:\/\/geneveinfos.ch\/index.php\/category\/tech-innovation\/#listItem","name":"tech-innovation"}},{"@type":"ListItem","@id":"https:\/\/geneveinfos.ch\/index.php\/category\/tech-innovation\/#listItem","position":2,"name":"tech-innovation","item":"https:\/\/geneveinfos.ch\/index.php\/category\/tech-innovation\/","nextItem":{"@type":"ListItem","@id":"https:\/\/geneveinfos.ch\/index.php\/2026\/09\/02\/le-tireur-presume-de-la-tuerie-daarau-vivait-discretement-dans-le-village-jurassien-de-montsevelier\/#listItem","name":"Le tireur pr\u00e9sum\u00e9 de la tuerie d&rsquo;Aarau vivait discr\u00e8tement dans le village jurassien de Montsevelier"},"previousItem":{"@type":"ListItem","@id":"https:\/\/geneveinfos.ch#listItem","name":"Home"}},{"@type":"ListItem","@id":"https:\/\/geneveinfos.ch\/index.php\/2026\/09\/02\/le-tireur-presume-de-la-tuerie-daarau-vivait-discretement-dans-le-village-jurassien-de-montsevelier\/#listItem","position":3,"name":"Le tireur pr\u00e9sum\u00e9 de la tuerie d&rsquo;Aarau vivait discr\u00e8tement dans le village jurassien de Montsevelier","previousItem":{"@type":"ListItem","@id":"https:\/\/geneveinfos.ch\/index.php\/category\/tech-innovation\/#listItem","name":"tech-innovation"}}]},{"@type":"Person","@id":"https:\/\/geneveinfos.ch\/#person","name":"Morgane RAVOUNA","image":{"@type":"ImageObject","@id":"https:\/\/geneveinfos.ch\/index.php\/2026\/09\/02\/le-tireur-presume-de-la-tuerie-daarau-vivait-discretement-dans-le-village-jurassien-de-montsevelier\/#personImage","url":"https:\/\/secure.gravatar.com\/avatar\/bd1e2e1e7cabf66754a14e2181bc3f67cd3c2b9403841e078411545fc405115b?s=96&d=mm&r=g","width":96,"height":96,"caption":"Morgane RAVOUNA"}},{"@type":"Person","@id":"https:\/\/geneveinfos.ch\/index.php\/author\/admin1380\/#author","url":"https:\/\/geneveinfos.ch\/index.php\/author\/admin1380\/","name":"Morgane RAVOUNA","image":{"@type":"ImageObject","@id":"https:\/\/geneveinfos.ch\/index.php\/2026\/09\/02\/le-tireur-presume-de-la-tuerie-daarau-vivait-discretement-dans-le-village-jurassien-de-montsevelier\/#authorImage","url":"https:\/\/secure.gravatar.com\/avatar\/bd1e2e1e7cabf66754a14e2181bc3f67cd3c2b9403841e078411545fc405115b?s=96&d=mm&r=g","width":96,"height":96,"caption":"Morgane RAVOUNA"}},{"@type":"WebPage","@id":"https:\/\/geneveinfos.ch\/index.php\/2026\/09\/02\/le-tireur-presume-de-la-tuerie-daarau-vivait-discretement-dans-le-village-jurassien-de-montsevelier\/#webpage","url":"https:\/\/geneveinfos.ch\/index.php\/2026\/09\/02\/le-tireur-presume-de-la-tuerie-daarau-vivait-discretement-dans-le-village-jurassien-de-montsevelier\/","name":"Le tireur pr\u00e9sum\u00e9 de la tuerie d\u2019Aarau vivait discr\u00e8tement dans le village jurassien de Montsevelier - Gen\u00e8ve Infos","description":"Le tireur pr\u00e9sum\u00e9 de la fusillade \u00e0 Aarau, qui a fait un mort et six bless\u00e9s, vivait dans le petit village de Montsevelier, \u00e0 l\u2019est de Del\u00e9mont, r\u00e9v\u00e8le mercredi la RTS. Deux t\u00e9moins rencontr\u00e9s sur place d\u00e9crivent le suspect comme une personne tr\u00e8s discr\u00e8te, peu int\u00e9gr\u00e9e dans le village.","inLanguage":"fr-FR","isPartOf":{"@id":"https:\/\/geneveinfos.ch\/#website"},"breadcrumb":{"@id":"https:\/\/geneveinfos.ch\/index.php\/2026\/09\/02\/le-tireur-presume-de-la-tuerie-daarau-vivait-discretement-dans-le-village-jurassien-de-montsevelier\/#breadcrumblist"},"author":{"@id":"https:\/\/geneveinfos.ch\/index.php\/author\/admin1380\/#author"},"creator":{"@id":"https:\/\/geneveinfos.ch\/index.php\/author\/admin1380\/#author"},"datePublished":"2026-09-02T21:51:31+02:00","dateModified":"2026-09-02T21:51:31+02:00"},{"@type":"WebSite","@id":"https:\/\/geneveinfos.ch\/#website","url":"https:\/\/geneveinfos.ch\/","name":"Gen\u00e8ve Infos","description":"Le site d'informations de la r\u00e9gion genevoise","inLanguage":"fr-FR","publisher":{"@id":"https:\/\/geneveinfos.ch\/#person"}}]},"og:locale":"fr_FR","og:site_name":"Gen\u00e8ve Infos - Le site d'informations de la r\u00e9gion genevoise","og:type":"article","og:title":"Le tireur pr\u00e9sum\u00e9 de la tuerie d\u2019Aarau vivait discr\u00e8tement dans le village jurassien de Montsevelier - Gen\u00e8ve Infos","og:description":"Le tireur pr\u00e9sum\u00e9 de la fusillade \u00e0 Aarau, qui a fait un mort et six bless\u00e9s, vivait dans le petit village de Montsevelier, \u00e0 l\u2019est de Del\u00e9mont, r\u00e9v\u00e8le mercredi la RTS. Deux t\u00e9moins rencontr\u00e9s sur place d\u00e9crivent le suspect comme une personne tr\u00e8s discr\u00e8te, peu int\u00e9gr\u00e9e dans le village.","og:url":"https:\/\/geneveinfos.ch\/index.php\/2026\/09\/02\/le-tireur-presume-de-la-tuerie-daarau-vivait-discretement-dans-le-village-jurassien-de-montsevelier\/","og:image":"https:\/\/geneveinfos.ch\/wp-content\/uploads\/2025\/09\/Capture-decran-2025-09-18-a-16.52.08.png","og:image:secure_url":"https:\/\/geneveinfos.ch\/wp-content\/uploads\/2025\/09\/Capture-decran-2025-09-18-a-16.52.08.png","og:image:width":513,"og:image:height":457,"article:published_time":"2026-09-02T19:51:31+00:00","article:modified_time":"2026-09-02T19:51:31+00:00","article:publisher":"https:\/\/www.facebook.com\/profile.php?id=61576016541234","twitter:card":"summary_large_image","twitter:title":"Le tireur pr\u00e9sum\u00e9 de la tuerie d\u2019Aarau vivait discr\u00e8tement dans le village jurassien de Montsevelier - Gen\u00e8ve Infos","twitter:description":"Le tireur pr\u00e9sum\u00e9 de la fusillade \u00e0 Aarau, qui a fait un mort et six bless\u00e9s, vivait dans le petit village de Montsevelier, \u00e0 l\u2019est de Del\u00e9mont, r\u00e9v\u00e8le mercredi la RTS. Deux t\u00e9moins rencontr\u00e9s sur place d\u00e9crivent le suspect comme une personne tr\u00e8s discr\u00e8te, peu int\u00e9gr\u00e9e dans le village.","twitter:image":"https:\/\/geneveinfos.ch\/wp-content\/uploads\/2025\/09\/Capture-decran-2025-09-18-a-16.52.08.png"},"aioseo_meta_data":{"post_id":"208502","title":null,"description":null,"keywords":null,"keyphrases":null,"primary_term":null,"canonical_url":null,"og_title":null,"og_description":null,"og_object_type":"default","og_image_type":"default","og_image_url":null,"og_image_width":null,"og_image_height":null,"og_image_custom_url":null,"og_image_custom_fields":null,"og_video":null,"og_custom_url":null,"og_article_section":null,"og_article_tags":null,"twitter_use_og":false,"twitter_card":"default","twitter_image_type":"default","twitter_image_url":null,"twitter_image_custom_url":null,"twitter_image_custom_fields":null,"twitter_title":null,"twitter_description":null,"schema":{"blockGraphs":[],"customGraphs":[],"default":{"data":{"Article":[],"Course":[],"Dataset":[],"FAQPage":[],"Movie":[],"Person":[],"Product":[],"ProductReview":[],"Car":[],"Recipe":[],"Service":[],"SoftwareApplication":[],"WebPage":[]},"graphName":"","isEnabled":true},"graphs":[]},"schema_type":"default","schema_type_options":null,"pillar_content":false,"robots_default":true,"robots_noindex":false,"robots_noarchive":false,"robots_nosnippet":false,"robots_nofollow":false,"robots_noimageindex":false,"robots_noodp":false,"robots_notranslate":false,"robots_max_snippet":null,"robots_max_videopreview":null,"robots_max_imagepreview":"large","priority":null,"frequency":null,"local_seo":null,"breadcrumb_settings":null,"limit_modified_date":false,"ai":null,"created":"2026-09-02 21:57:09","updated":"2026-09-02 21:57:09","seo_analyzer_scan_date":null,"focus_keyword":null,"additional_keywords":null,"truseo_locale":null},"aioseo_breadcrumb":"<div class=\"aioseo-breadcrumbs\"><span class=\"aioseo-breadcrumb\">\n\t\t\t<a href=\"https:\/\/geneveinfos.ch\" title=\"Home\">Home<\/a>\n\t\t<\/span><span class=\"aioseo-breadcrumb-separator\">&raquo;<\/span><span class=\"aioseo-breadcrumb\">\n\t\t\t<a href=\"https:\/\/geneveinfos.ch\/index.php\/category\/tech-innovation\/\" title=\"tech-innovation\">tech-innovation<\/a>\n\t\t<\/span><span class=\"aioseo-breadcrumb-separator\">&raquo;<\/span><span class=\"aioseo-breadcrumb\">\n\t\t\tLe tireur pr\u00e9sum\u00e9 de la tuerie d\u2019Aarau vivait discr\u00e8tement dans le village jurassien de Montsevelier\n\t\t<\/span><\/div>","aioseo_breadcrumb_json":[{"label":"Home","link":"https:\/\/geneveinfos.ch"},{"label":"tech-innovation","link":"https:\/\/geneveinfos.ch\/index.php\/category\/tech-innovation\/"},{"label":"Le tireur pr\u00e9sum\u00e9 de la tuerie d&rsquo;Aarau vivait discr\u00e8tement dans le village jurassien de Montsevelier","link":"https:\/\/geneveinfos.ch\/index.php\/2026\/09\/02\/le-tireur-presume-de-la-tuerie-daarau-vivait-discretement-dans-le-village-jurassien-de-montsevelier\/"}],"_links":{"self":[{"href":"https:\/\/geneveinfos.ch\/index.php\/wp-json\/wp\/v2\/posts\/208502","targetHints":{"allow":["GET"]}}],"collection":[{"href":"https:\/\/geneveinfos.ch\/index.php\/wp-json\/wp\/v2\/posts"}],"about":[{"href":"https:\/\/geneveinfos.ch\/index.php\/wp-json\/wp\/v2\/types\/post"}],"author":[{"embeddable":true,"href":"https:\/\/geneveinfos.ch\/index.php\/wp-json\/wp\/v2\/users\/1"}],"replies":[{"embeddable":true,"href":"https:\/\/geneveinfos.ch\/index.php\/wp-json\/wp\/v2\/comments?post=208502"}],"version-history":[{"count":0,"href":"https:\/\/geneveinfos.ch\/index.php\/wp-json\/wp\/v2\/posts\/208502\/revisions"}],"wp:attachment":[{"href":"https:\/\/geneveinfos.ch\/index.php\/wp-json\/wp\/v2\/media?parent=208502"}],"wp:term":[{"taxonomy":"category","embeddable":true,"href":"https:\/\/geneveinfos.ch\/index.php\/wp-json\/wp\/v2\/categories?post=208502"},{"taxonomy":"post_tag","embeddable":true,"href":"https:\/\/geneveinfos.ch\/index.php\/wp-json\/wp\/v2\/tags?post=208502"}],"curies":[{"name":"wp","href":"https:\/\/api.w.org\/{rel}","templated":true}]}}