{"id":208707,"date":"2026-09-03T06:39:38","date_gmt":"2026-09-03T04:39:38","guid":{"rendered":"https:\/\/geneveinfos.ch\/index.php\/2026\/09\/03\/site-archeologique-a-saint-antoine-2000-ans-dhistoire-de-geneve-se-devoilent-au-public\/"},"modified":"2026-09-03T07:04:05","modified_gmt":"2026-09-03T05:04:05","slug":"site-archeologique-a-saint-antoine-2000-ans-dhistoire-de-geneve-se-devoilent-au-public","status":"publish","type":"post","link":"https:\/\/geneveinfos.ch\/index.php\/2026\/09\/03\/site-archeologique-a-saint-antoine-2000-ans-dhistoire-de-geneve-se-devoilent-au-public\/","title":{"rendered":"Site arch\u00e9ologique: \u00c0 Saint-Antoine, 2000\u00a0ans d\u2019histoire de Gen\u00e8ve se d\u00e9voilent au public"},"content":{"rendered":"<p>This <a href=\"https:\/\/www.tdg.ch\/archeologie-geneve-devoile-2000-ans-dhistoire-sous-terre-451630189097\" target=\"_blank\">post<\/a> was originally published on <a href=\"https:\/\/partner-feeds.publishing.tamedia.ch\/rss\/tdg\/geneve\" target=\"_blank\">this site<\/a>.<\/p><div>Apr&egrave;s des ann&eacute;es de travaux, le Site arch&eacute;ologique Saint-Antoine voit le jour &agrave; l&rsquo;esplanade Th&eacute;odelinde. Il met en valeur des vestiges exceptionnels et se veut aussi un lieu connect&eacute; avec le pr&eacute;sent.<\/div>\n","protected":false},"excerpt":{"rendered":"<p>This post was originally published on this site.Apr&egrave;s des ann&eacute;es de travaux, le Site arch&eacute;ologique Saint-Antoine voit le jour &agrave; l&rsquo;esplanade Th&eacute;odelinde. Il met en valeur des vestiges exceptionnels et se veut aussi un lieu connect&eacute; avec le pr&eacute;sent.<\/p>\n","protected":false},"author":1,"featured_media":208708,"comment_status":"open","ping_status":"open","sticky":false,"template":"","format":"standard","meta":{"_monsterinsights_skip_tracking":false,"_uf_show_specific_survey":0,"_uf_disable_surveys":false,"footnotes":""},"categories":[97],"tags":[],"class_list":["post-208707","post","type-post","status-publish","format-standard","has-post-thumbnail","hentry","category-international-news"],"aioseo_notices":[],"aioseo_head":"\n\t\t<!-- All in One SEO 5.0.1.1 - aioseo.com -->\n\t<meta name=\"description\" content=\"Apr\u00e8s des ann\u00e9es de travaux, le Site arch\u00e9ologique Saint-Antoine voit le jour \u00e0 l\u2019esplanade Th\u00e9odelinde. Il met en valeur des vestiges exceptionnels et se veut aussi un lieu connect\u00e9 avec le pr\u00e9sent.\" \/>\n\t<meta name=\"robots\" content=\"max-image-preview:large\" \/>\n\t<meta name=\"author\" content=\"Morgane RAVOUNA\"\/>\n\t<link rel=\"canonical\" href=\"https:\/\/geneveinfos.ch\/index.php\/2026\/09\/03\/site-archeologique-a-saint-antoine-2000-ans-dhistoire-de-geneve-se-devoilent-au-public\/\" \/>\n\t<meta name=\"generator\" content=\"All in One SEO (AIOSEO) 5.0.1.1\" \/>\n\t\t<meta property=\"og:locale\" content=\"fr_FR\" \/>\n\t\t<meta property=\"og:site_name\" content=\"Gen\u00e8ve Infos - Le site d&#039;informations de la r\u00e9gion genevoise\" \/>\n\t\t<meta property=\"og:type\" content=\"article\" \/>\n\t\t<meta property=\"og:title\" content=\"Site arch\u00e9ologique: \u00c0 Saint-Antoine, 2000 ans d\u2019histoire de Gen\u00e8ve se d\u00e9voilent au public - Gen\u00e8ve Infos\" \/>\n\t\t<meta property=\"og:description\" content=\"Apr\u00e8s des ann\u00e9es de travaux, le Site arch\u00e9ologique Saint-Antoine voit le jour \u00e0 l\u2019esplanade Th\u00e9odelinde. Il met en valeur des vestiges exceptionnels et se veut aussi un lieu connect\u00e9 avec le pr\u00e9sent.\" \/>\n\t\t<meta property=\"og:url\" content=\"https:\/\/geneveinfos.ch\/index.php\/2026\/09\/03\/site-archeologique-a-saint-antoine-2000-ans-dhistoire-de-geneve-se-devoilent-au-public\/\" \/>\n\t\t<meta property=\"og:image\" content=\"https:\/\/geneveinfos.ch\/wp-content\/uploads\/2025\/09\/Capture-decran-2025-09-18-a-16.52.08.png\" \/>\n\t\t<meta property=\"og:image:secure_url\" content=\"https:\/\/geneveinfos.ch\/wp-content\/uploads\/2025\/09\/Capture-decran-2025-09-18-a-16.52.08.png\" \/>\n\t\t<meta property=\"og:image:width\" content=\"513\" \/>\n\t\t<meta property=\"og:image:height\" content=\"457\" \/>\n\t\t<meta property=\"article:published_time\" content=\"2026-09-03T04:39:38+00:00\" \/>\n\t\t<meta property=\"article:modified_time\" content=\"2026-09-03T05:04:05+00:00\" \/>\n\t\t<meta property=\"article:publisher\" content=\"https:\/\/www.facebook.com\/profile.php?id=61576016541234\" \/>\n\t\t<meta name=\"twitter:card\" content=\"summary_large_image\" \/>\n\t\t<meta name=\"twitter:title\" content=\"Site arch\u00e9ologique: \u00c0 Saint-Antoine, 2000 ans d\u2019histoire de Gen\u00e8ve se d\u00e9voilent au public - Gen\u00e8ve Infos\" \/>\n\t\t<meta name=\"twitter:description\" content=\"Apr\u00e8s des ann\u00e9es de travaux, le Site arch\u00e9ologique Saint-Antoine voit le jour \u00e0 l\u2019esplanade Th\u00e9odelinde. Il met en valeur des vestiges exceptionnels et se veut aussi un lieu connect\u00e9 avec le pr\u00e9sent.\" \/>\n\t\t<meta name=\"twitter:image\" content=\"https:\/\/geneveinfos.ch\/wp-content\/uploads\/2025\/09\/Capture-decran-2025-09-18-a-16.52.08.png\" \/>\n\t\t<script type=\"application\/ld+json\" class=\"aioseo-schema\">\n\t\t\t{\"@context\":\"https:\\\/\\\/schema.org\",\"@graph\":[{\"@type\":\"BlogPosting\",\"@id\":\"https:\\\/\\\/geneveinfos.ch\\\/index.php\\\/2026\\\/09\\\/03\\\/site-archeologique-a-saint-antoine-2000-ans-dhistoire-de-geneve-se-devoilent-au-public\\\/#blogposting\",\"name\":\"Site arch\\u00e9ologique: \\u00c0 Saint-Antoine, 2000 ans d\\u2019histoire de Gen\\u00e8ve se d\\u00e9voilent au public - Gen\\u00e8ve Infos\",\"headline\":\"Site arch\\u00e9ologique: \\u00c0 Saint-Antoine, 2000\\u00a0ans d\\u2019histoire de Gen\\u00e8ve se d\\u00e9voilent au public\",\"author\":{\"@id\":\"https:\\\/\\\/geneveinfos.ch\\\/index.php\\\/author\\\/admin1380\\\/#author\"},\"publisher\":{\"@id\":\"https:\\\/\\\/geneveinfos.ch\\\/#person\"},\"image\":{\"@type\":\"ImageObject\",\"url\":\"https:\\\/\\\/geneveinfos.ch\\\/wp-content\\\/uploads\\\/2026\\\/09\\\/9qDyVRozKpC86KjwMUJWs-.jpg\",\"width\":2048,\"height\":1152},\"datePublished\":\"2026-09-03T06:39:38+02:00\",\"dateModified\":\"2026-09-03T07:04:05+02:00\",\"inLanguage\":\"fr-FR\",\"mainEntityOfPage\":{\"@id\":\"https:\\\/\\\/geneveinfos.ch\\\/index.php\\\/2026\\\/09\\\/03\\\/site-archeologique-a-saint-antoine-2000-ans-dhistoire-de-geneve-se-devoilent-au-public\\\/#webpage\"},\"isPartOf\":{\"@id\":\"https:\\\/\\\/geneveinfos.ch\\\/index.php\\\/2026\\\/09\\\/03\\\/site-archeologique-a-saint-antoine-2000-ans-dhistoire-de-geneve-se-devoilent-au-public\\\/#webpage\"},\"articleSection\":\"international\"},{\"@type\":\"BreadcrumbList\",\"@id\":\"https:\\\/\\\/geneveinfos.ch\\\/index.php\\\/2026\\\/09\\\/03\\\/site-archeologique-a-saint-antoine-2000-ans-dhistoire-de-geneve-se-devoilent-au-public\\\/#breadcrumblist\",\"itemListElement\":[{\"@type\":\"ListItem\",\"@id\":\"https:\\\/\\\/geneveinfos.ch#listItem\",\"position\":1,\"name\":\"Home\",\"item\":\"https:\\\/\\\/geneveinfos.ch\",\"nextItem\":{\"@type\":\"ListItem\",\"@id\":\"https:\\\/\\\/geneveinfos.ch\\\/index.php\\\/category\\\/news\\\/#listItem\",\"name\":\"News\"}},{\"@type\":\"ListItem\",\"@id\":\"https:\\\/\\\/geneveinfos.ch\\\/index.php\\\/category\\\/news\\\/#listItem\",\"position\":2,\"name\":\"News\",\"item\":\"https:\\\/\\\/geneveinfos.ch\\\/index.php\\\/category\\\/news\\\/\",\"nextItem\":{\"@type\":\"ListItem\",\"@id\":\"https:\\\/\\\/geneveinfos.ch\\\/index.php\\\/category\\\/news\\\/international-news\\\/#listItem\",\"name\":\"international\"},\"previousItem\":{\"@type\":\"ListItem\",\"@id\":\"https:\\\/\\\/geneveinfos.ch#listItem\",\"name\":\"Home\"}},{\"@type\":\"ListItem\",\"@id\":\"https:\\\/\\\/geneveinfos.ch\\\/index.php\\\/category\\\/news\\\/international-news\\\/#listItem\",\"position\":3,\"name\":\"international\",\"item\":\"https:\\\/\\\/geneveinfos.ch\\\/index.php\\\/category\\\/news\\\/international-news\\\/\",\"nextItem\":{\"@type\":\"ListItem\",\"@id\":\"https:\\\/\\\/geneveinfos.ch\\\/index.php\\\/2026\\\/09\\\/03\\\/site-archeologique-a-saint-antoine-2000-ans-dhistoire-de-geneve-se-devoilent-au-public\\\/#listItem\",\"name\":\"Site arch\\u00e9ologique: \\u00c0 Saint-Antoine, 2000\\u00a0ans d\\u2019histoire de Gen\\u00e8ve se d\\u00e9voilent au public\"},\"previousItem\":{\"@type\":\"ListItem\",\"@id\":\"https:\\\/\\\/geneveinfos.ch\\\/index.php\\\/category\\\/news\\\/#listItem\",\"name\":\"News\"}},{\"@type\":\"ListItem\",\"@id\":\"https:\\\/\\\/geneveinfos.ch\\\/index.php\\\/2026\\\/09\\\/03\\\/site-archeologique-a-saint-antoine-2000-ans-dhistoire-de-geneve-se-devoilent-au-public\\\/#listItem\",\"position\":4,\"name\":\"Site arch\\u00e9ologique: \\u00c0 Saint-Antoine, 2000\\u00a0ans d\\u2019histoire de Gen\\u00e8ve se d\\u00e9voilent au public\",\"previousItem\":{\"@type\":\"ListItem\",\"@id\":\"https:\\\/\\\/geneveinfos.ch\\\/index.php\\\/category\\\/news\\\/international-news\\\/#listItem\",\"name\":\"international\"}}]},{\"@type\":\"Person\",\"@id\":\"https:\\\/\\\/geneveinfos.ch\\\/#person\",\"name\":\"Morgane RAVOUNA\",\"image\":{\"@type\":\"ImageObject\",\"@id\":\"https:\\\/\\\/geneveinfos.ch\\\/index.php\\\/2026\\\/09\\\/03\\\/site-archeologique-a-saint-antoine-2000-ans-dhistoire-de-geneve-se-devoilent-au-public\\\/#personImage\",\"url\":\"https:\\\/\\\/secure.gravatar.com\\\/avatar\\\/bd1e2e1e7cabf66754a14e2181bc3f67cd3c2b9403841e078411545fc405115b?s=96&d=mm&r=g\",\"width\":96,\"height\":96,\"caption\":\"Morgane RAVOUNA\"}},{\"@type\":\"Person\",\"@id\":\"https:\\\/\\\/geneveinfos.ch\\\/index.php\\\/author\\\/admin1380\\\/#author\",\"url\":\"https:\\\/\\\/geneveinfos.ch\\\/index.php\\\/author\\\/admin1380\\\/\",\"name\":\"Morgane RAVOUNA\",\"image\":{\"@type\":\"ImageObject\",\"@id\":\"https:\\\/\\\/geneveinfos.ch\\\/index.php\\\/2026\\\/09\\\/03\\\/site-archeologique-a-saint-antoine-2000-ans-dhistoire-de-geneve-se-devoilent-au-public\\\/#authorImage\",\"url\":\"https:\\\/\\\/secure.gravatar.com\\\/avatar\\\/bd1e2e1e7cabf66754a14e2181bc3f67cd3c2b9403841e078411545fc405115b?s=96&d=mm&r=g\",\"width\":96,\"height\":96,\"caption\":\"Morgane RAVOUNA\"}},{\"@type\":\"WebPage\",\"@id\":\"https:\\\/\\\/geneveinfos.ch\\\/index.php\\\/2026\\\/09\\\/03\\\/site-archeologique-a-saint-antoine-2000-ans-dhistoire-de-geneve-se-devoilent-au-public\\\/#webpage\",\"url\":\"https:\\\/\\\/geneveinfos.ch\\\/index.php\\\/2026\\\/09\\\/03\\\/site-archeologique-a-saint-antoine-2000-ans-dhistoire-de-geneve-se-devoilent-au-public\\\/\",\"name\":\"Site arch\\u00e9ologique: \\u00c0 Saint-Antoine, 2000 ans d\\u2019histoire de Gen\\u00e8ve se d\\u00e9voilent au public - Gen\\u00e8ve Infos\",\"description\":\"Apr\\u00e8s des ann\\u00e9es de travaux, le Site arch\\u00e9ologique Saint-Antoine voit le jour \\u00e0 l\\u2019esplanade Th\\u00e9odelinde. Il met en valeur des vestiges exceptionnels et se veut aussi un lieu connect\\u00e9 avec le pr\\u00e9sent.\",\"inLanguage\":\"fr-FR\",\"isPartOf\":{\"@id\":\"https:\\\/\\\/geneveinfos.ch\\\/#website\"},\"breadcrumb\":{\"@id\":\"https:\\\/\\\/geneveinfos.ch\\\/index.php\\\/2026\\\/09\\\/03\\\/site-archeologique-a-saint-antoine-2000-ans-dhistoire-de-geneve-se-devoilent-au-public\\\/#breadcrumblist\"},\"author\":{\"@id\":\"https:\\\/\\\/geneveinfos.ch\\\/index.php\\\/author\\\/admin1380\\\/#author\"},\"creator\":{\"@id\":\"https:\\\/\\\/geneveinfos.ch\\\/index.php\\\/author\\\/admin1380\\\/#author\"},\"image\":{\"@type\":\"ImageObject\",\"url\":\"https:\\\/\\\/geneveinfos.ch\\\/wp-content\\\/uploads\\\/2026\\\/09\\\/9qDyVRozKpC86KjwMUJWs-.jpg\",\"@id\":\"https:\\\/\\\/geneveinfos.ch\\\/index.php\\\/2026\\\/09\\\/03\\\/site-archeologique-a-saint-antoine-2000-ans-dhistoire-de-geneve-se-devoilent-au-public\\\/#mainImage\",\"width\":2048,\"height\":1152},\"primaryImageOfPage\":{\"@id\":\"https:\\\/\\\/geneveinfos.ch\\\/index.php\\\/2026\\\/09\\\/03\\\/site-archeologique-a-saint-antoine-2000-ans-dhistoire-de-geneve-se-devoilent-au-public\\\/#mainImage\"},\"datePublished\":\"2026-09-03T06:39:38+02:00\",\"dateModified\":\"2026-09-03T07:04:05+02:00\"},{\"@type\":\"WebSite\",\"@id\":\"https:\\\/\\\/geneveinfos.ch\\\/#website\",\"url\":\"https:\\\/\\\/geneveinfos.ch\\\/\",\"name\":\"Gen\\u00e8ve Infos\",\"description\":\"Le site d'informations de la r\\u00e9gion genevoise\",\"inLanguage\":\"fr-FR\",\"publisher\":{\"@id\":\"https:\\\/\\\/geneveinfos.ch\\\/#person\"}}]}\n\t\t<\/script>\n\t\t<!-- All in One SEO -->\n\n","aioseo_head_json":{"title":"Site arch\u00e9ologique: \u00c0 Saint-Antoine, 2000 ans d\u2019histoire de Gen\u00e8ve se d\u00e9voilent au public - Gen\u00e8ve Infos","description":"Apr\u00e8s des ann\u00e9es de travaux, le Site arch\u00e9ologique Saint-Antoine voit le jour \u00e0 l\u2019esplanade Th\u00e9odelinde. Il met en valeur des vestiges exceptionnels et se veut aussi un lieu connect\u00e9 avec le pr\u00e9sent.","canonical_url":"https:\/\/geneveinfos.ch\/index.php\/2026\/09\/03\/site-archeologique-a-saint-antoine-2000-ans-dhistoire-de-geneve-se-devoilent-au-public\/","robots":"max-image-preview:large","keywords":"","webmasterTools":{"miscellaneous":""},"schema":{"@context":"https:\/\/schema.org","@graph":[{"@type":"BlogPosting","@id":"https:\/\/geneveinfos.ch\/index.php\/2026\/09\/03\/site-archeologique-a-saint-antoine-2000-ans-dhistoire-de-geneve-se-devoilent-au-public\/#blogposting","name":"Site arch\u00e9ologique: \u00c0 Saint-Antoine, 2000 ans d\u2019histoire de Gen\u00e8ve se d\u00e9voilent au public - Gen\u00e8ve Infos","headline":"Site arch\u00e9ologique: \u00c0 Saint-Antoine, 2000\u00a0ans d\u2019histoire de Gen\u00e8ve se d\u00e9voilent au public","author":{"@id":"https:\/\/geneveinfos.ch\/index.php\/author\/admin1380\/#author"},"publisher":{"@id":"https:\/\/geneveinfos.ch\/#person"},"image":{"@type":"ImageObject","url":"https:\/\/geneveinfos.ch\/wp-content\/uploads\/2026\/09\/9qDyVRozKpC86KjwMUJWs-.jpg","width":2048,"height":1152},"datePublished":"2026-09-03T06:39:38+02:00","dateModified":"2026-09-03T07:04:05+02:00","inLanguage":"fr-FR","mainEntityOfPage":{"@id":"https:\/\/geneveinfos.ch\/index.php\/2026\/09\/03\/site-archeologique-a-saint-antoine-2000-ans-dhistoire-de-geneve-se-devoilent-au-public\/#webpage"},"isPartOf":{"@id":"https:\/\/geneveinfos.ch\/index.php\/2026\/09\/03\/site-archeologique-a-saint-antoine-2000-ans-dhistoire-de-geneve-se-devoilent-au-public\/#webpage"},"articleSection":"international"},{"@type":"BreadcrumbList","@id":"https:\/\/geneveinfos.ch\/index.php\/2026\/09\/03\/site-archeologique-a-saint-antoine-2000-ans-dhistoire-de-geneve-se-devoilent-au-public\/#breadcrumblist","itemListElement":[{"@type":"ListItem","@id":"https:\/\/geneveinfos.ch#listItem","position":1,"name":"Home","item":"https:\/\/geneveinfos.ch","nextItem":{"@type":"ListItem","@id":"https:\/\/geneveinfos.ch\/index.php\/category\/news\/#listItem","name":"News"}},{"@type":"ListItem","@id":"https:\/\/geneveinfos.ch\/index.php\/category\/news\/#listItem","position":2,"name":"News","item":"https:\/\/geneveinfos.ch\/index.php\/category\/news\/","nextItem":{"@type":"ListItem","@id":"https:\/\/geneveinfos.ch\/index.php\/category\/news\/international-news\/#listItem","name":"international"},"previousItem":{"@type":"ListItem","@id":"https:\/\/geneveinfos.ch#listItem","name":"Home"}},{"@type":"ListItem","@id":"https:\/\/geneveinfos.ch\/index.php\/category\/news\/international-news\/#listItem","position":3,"name":"international","item":"https:\/\/geneveinfos.ch\/index.php\/category\/news\/international-news\/","nextItem":{"@type":"ListItem","@id":"https:\/\/geneveinfos.ch\/index.php\/2026\/09\/03\/site-archeologique-a-saint-antoine-2000-ans-dhistoire-de-geneve-se-devoilent-au-public\/#listItem","name":"Site arch\u00e9ologique: \u00c0 Saint-Antoine, 2000\u00a0ans d\u2019histoire de Gen\u00e8ve se d\u00e9voilent au public"},"previousItem":{"@type":"ListItem","@id":"https:\/\/geneveinfos.ch\/index.php\/category\/news\/#listItem","name":"News"}},{"@type":"ListItem","@id":"https:\/\/geneveinfos.ch\/index.php\/2026\/09\/03\/site-archeologique-a-saint-antoine-2000-ans-dhistoire-de-geneve-se-devoilent-au-public\/#listItem","position":4,"name":"Site arch\u00e9ologique: \u00c0 Saint-Antoine, 2000\u00a0ans d\u2019histoire de Gen\u00e8ve se d\u00e9voilent au public","previousItem":{"@type":"ListItem","@id":"https:\/\/geneveinfos.ch\/index.php\/category\/news\/international-news\/#listItem","name":"international"}}]},{"@type":"Person","@id":"https:\/\/geneveinfos.ch\/#person","name":"Morgane RAVOUNA","image":{"@type":"ImageObject","@id":"https:\/\/geneveinfos.ch\/index.php\/2026\/09\/03\/site-archeologique-a-saint-antoine-2000-ans-dhistoire-de-geneve-se-devoilent-au-public\/#personImage","url":"https:\/\/secure.gravatar.com\/avatar\/bd1e2e1e7cabf66754a14e2181bc3f67cd3c2b9403841e078411545fc405115b?s=96&d=mm&r=g","width":96,"height":96,"caption":"Morgane RAVOUNA"}},{"@type":"Person","@id":"https:\/\/geneveinfos.ch\/index.php\/author\/admin1380\/#author","url":"https:\/\/geneveinfos.ch\/index.php\/author\/admin1380\/","name":"Morgane RAVOUNA","image":{"@type":"ImageObject","@id":"https:\/\/geneveinfos.ch\/index.php\/2026\/09\/03\/site-archeologique-a-saint-antoine-2000-ans-dhistoire-de-geneve-se-devoilent-au-public\/#authorImage","url":"https:\/\/secure.gravatar.com\/avatar\/bd1e2e1e7cabf66754a14e2181bc3f67cd3c2b9403841e078411545fc405115b?s=96&d=mm&r=g","width":96,"height":96,"caption":"Morgane RAVOUNA"}},{"@type":"WebPage","@id":"https:\/\/geneveinfos.ch\/index.php\/2026\/09\/03\/site-archeologique-a-saint-antoine-2000-ans-dhistoire-de-geneve-se-devoilent-au-public\/#webpage","url":"https:\/\/geneveinfos.ch\/index.php\/2026\/09\/03\/site-archeologique-a-saint-antoine-2000-ans-dhistoire-de-geneve-se-devoilent-au-public\/","name":"Site arch\u00e9ologique: \u00c0 Saint-Antoine, 2000 ans d\u2019histoire de Gen\u00e8ve se d\u00e9voilent au public - Gen\u00e8ve Infos","description":"Apr\u00e8s des ann\u00e9es de travaux, le Site arch\u00e9ologique Saint-Antoine voit le jour \u00e0 l\u2019esplanade Th\u00e9odelinde. Il met en valeur des vestiges exceptionnels et se veut aussi un lieu connect\u00e9 avec le pr\u00e9sent.","inLanguage":"fr-FR","isPartOf":{"@id":"https:\/\/geneveinfos.ch\/#website"},"breadcrumb":{"@id":"https:\/\/geneveinfos.ch\/index.php\/2026\/09\/03\/site-archeologique-a-saint-antoine-2000-ans-dhistoire-de-geneve-se-devoilent-au-public\/#breadcrumblist"},"author":{"@id":"https:\/\/geneveinfos.ch\/index.php\/author\/admin1380\/#author"},"creator":{"@id":"https:\/\/geneveinfos.ch\/index.php\/author\/admin1380\/#author"},"image":{"@type":"ImageObject","url":"https:\/\/geneveinfos.ch\/wp-content\/uploads\/2026\/09\/9qDyVRozKpC86KjwMUJWs-.jpg","@id":"https:\/\/geneveinfos.ch\/index.php\/2026\/09\/03\/site-archeologique-a-saint-antoine-2000-ans-dhistoire-de-geneve-se-devoilent-au-public\/#mainImage","width":2048,"height":1152},"primaryImageOfPage":{"@id":"https:\/\/geneveinfos.ch\/index.php\/2026\/09\/03\/site-archeologique-a-saint-antoine-2000-ans-dhistoire-de-geneve-se-devoilent-au-public\/#mainImage"},"datePublished":"2026-09-03T06:39:38+02:00","dateModified":"2026-09-03T07:04:05+02:00"},{"@type":"WebSite","@id":"https:\/\/geneveinfos.ch\/#website","url":"https:\/\/geneveinfos.ch\/","name":"Gen\u00e8ve Infos","description":"Le site d'informations de la r\u00e9gion genevoise","inLanguage":"fr-FR","publisher":{"@id":"https:\/\/geneveinfos.ch\/#person"}}]},"og:locale":"fr_FR","og:site_name":"Gen\u00e8ve Infos - Le site d'informations de la r\u00e9gion genevoise","og:type":"article","og:title":"Site arch\u00e9ologique: \u00c0 Saint-Antoine, 2000 ans d\u2019histoire de Gen\u00e8ve se d\u00e9voilent au public - Gen\u00e8ve Infos","og:description":"Apr\u00e8s des ann\u00e9es de travaux, le Site arch\u00e9ologique Saint-Antoine voit le jour \u00e0 l\u2019esplanade Th\u00e9odelinde. Il met en valeur des vestiges exceptionnels et se veut aussi un lieu connect\u00e9 avec le pr\u00e9sent.","og:url":"https:\/\/geneveinfos.ch\/index.php\/2026\/09\/03\/site-archeologique-a-saint-antoine-2000-ans-dhistoire-de-geneve-se-devoilent-au-public\/","og:image":"https:\/\/geneveinfos.ch\/wp-content\/uploads\/2025\/09\/Capture-decran-2025-09-18-a-16.52.08.png","og:image:secure_url":"https:\/\/geneveinfos.ch\/wp-content\/uploads\/2025\/09\/Capture-decran-2025-09-18-a-16.52.08.png","og:image:width":513,"og:image:height":457,"article:published_time":"2026-09-03T04:39:38+00:00","article:modified_time":"2026-09-03T05:04:05+00:00","article:publisher":"https:\/\/www.facebook.com\/profile.php?id=61576016541234","twitter:card":"summary_large_image","twitter:title":"Site arch\u00e9ologique: \u00c0 Saint-Antoine, 2000 ans d\u2019histoire de Gen\u00e8ve se d\u00e9voilent au public - Gen\u00e8ve Infos","twitter:description":"Apr\u00e8s des ann\u00e9es de travaux, le Site arch\u00e9ologique Saint-Antoine voit le jour \u00e0 l\u2019esplanade Th\u00e9odelinde. Il met en valeur des vestiges exceptionnels et se veut aussi un lieu connect\u00e9 avec le pr\u00e9sent.","twitter:image":"https:\/\/geneveinfos.ch\/wp-content\/uploads\/2025\/09\/Capture-decran-2025-09-18-a-16.52.08.png"},"aioseo_meta_data":{"post_id":"208707","title":null,"description":null,"keywords":null,"keyphrases":null,"primary_term":null,"canonical_url":null,"og_title":null,"og_description":null,"og_object_type":"default","og_image_type":"default","og_image_url":null,"og_image_width":null,"og_image_height":null,"og_image_custom_url":null,"og_image_custom_fields":null,"og_video":null,"og_custom_url":null,"og_article_section":null,"og_article_tags":null,"twitter_use_og":false,"twitter_card":"default","twitter_image_type":"default","twitter_image_url":null,"twitter_image_custom_url":null,"twitter_image_custom_fields":null,"twitter_title":null,"twitter_description":null,"schema":{"blockGraphs":[],"customGraphs":[],"default":{"data":{"Article":[],"Course":[],"Dataset":[],"FAQPage":[],"Movie":[],"Person":[],"Product":[],"ProductReview":[],"Car":[],"Recipe":[],"Service":[],"SoftwareApplication":[],"WebPage":[]},"graphName":"","isEnabled":true},"graphs":[]},"schema_type":"default","schema_type_options":null,"pillar_content":false,"robots_default":true,"robots_noindex":false,"robots_noarchive":false,"robots_nosnippet":false,"robots_nofollow":false,"robots_noimageindex":false,"robots_noodp":false,"robots_notranslate":false,"robots_max_snippet":null,"robots_max_videopreview":null,"robots_max_imagepreview":"large","priority":null,"frequency":null,"local_seo":null,"breadcrumb_settings":null,"limit_modified_date":false,"ai":null,"created":"2026-09-03 06:05:26","updated":"2026-09-03 06:05:26","seo_analyzer_scan_date":null,"focus_keyword":null,"additional_keywords":null,"truseo_locale":null},"aioseo_breadcrumb":"<div class=\"aioseo-breadcrumbs\"><span class=\"aioseo-breadcrumb\">\n\t\t\t<a href=\"https:\/\/geneveinfos.ch\" title=\"Home\">Home<\/a>\n\t\t<\/span><span class=\"aioseo-breadcrumb-separator\">&raquo;<\/span><span class=\"aioseo-breadcrumb\">\n\t\t\t<a href=\"https:\/\/geneveinfos.ch\/index.php\/category\/news\/\" title=\"News\">News<\/a>\n\t\t<\/span><span class=\"aioseo-breadcrumb-separator\">&raquo;<\/span><span class=\"aioseo-breadcrumb\">\n\t\t\t<a href=\"https:\/\/geneveinfos.ch\/index.php\/category\/news\/international-news\/\" title=\"international\">international<\/a>\n\t\t<\/span><span class=\"aioseo-breadcrumb-separator\">&raquo;<\/span><span class=\"aioseo-breadcrumb\">\n\t\t\tSite arch\u00e9ologique: \u00c0 Saint-Antoine, 2000 ans d\u2019histoire de Gen\u00e8ve se d\u00e9voilent au public\n\t\t<\/span><\/div>","aioseo_breadcrumb_json":[{"label":"Home","link":"https:\/\/geneveinfos.ch"},{"label":"News","link":"https:\/\/geneveinfos.ch\/index.php\/category\/news\/"},{"label":"international","link":"https:\/\/geneveinfos.ch\/index.php\/category\/news\/international-news\/"},{"label":"Site arch\u00e9ologique: \u00c0 Saint-Antoine, 2000\u00a0ans d\u2019histoire de Gen\u00e8ve se d\u00e9voilent au public","link":"https:\/\/geneveinfos.ch\/index.php\/2026\/09\/03\/site-archeologique-a-saint-antoine-2000-ans-dhistoire-de-geneve-se-devoilent-au-public\/"}],"_links":{"self":[{"href":"https:\/\/geneveinfos.ch\/index.php\/wp-json\/wp\/v2\/posts\/208707","targetHints":{"allow":["GET"]}}],"collection":[{"href":"https:\/\/geneveinfos.ch\/index.php\/wp-json\/wp\/v2\/posts"}],"about":[{"href":"https:\/\/geneveinfos.ch\/index.php\/wp-json\/wp\/v2\/types\/post"}],"author":[{"embeddable":true,"href":"https:\/\/geneveinfos.ch\/index.php\/wp-json\/wp\/v2\/users\/1"}],"replies":[{"embeddable":true,"href":"https:\/\/geneveinfos.ch\/index.php\/wp-json\/wp\/v2\/comments?post=208707"}],"version-history":[{"count":1,"href":"https:\/\/geneveinfos.ch\/index.php\/wp-json\/wp\/v2\/posts\/208707\/revisions"}],"predecessor-version":[{"id":208709,"href":"https:\/\/geneveinfos.ch\/index.php\/wp-json\/wp\/v2\/posts\/208707\/revisions\/208709"}],"wp:featuredmedia":[{"embeddable":true,"href":"https:\/\/geneveinfos.ch\/index.php\/wp-json\/wp\/v2\/media\/208708"}],"wp:attachment":[{"href":"https:\/\/geneveinfos.ch\/index.php\/wp-json\/wp\/v2\/media?parent=208707"}],"wp:term":[{"taxonomy":"category","embeddable":true,"href":"https:\/\/geneveinfos.ch\/index.php\/wp-json\/wp\/v2\/categories?post=208707"},{"taxonomy":"post_tag","embeddable":true,"href":"https:\/\/geneveinfos.ch\/index.php\/wp-json\/wp\/v2\/tags?post=208707"}],"curies":[{"name":"wp","href":"https:\/\/api.w.org\/{rel}","templated":true}]}}