{"id":208828,"date":"2026-09-03T11:04:30","date_gmt":"2026-09-03T09:04:30","guid":{"rendered":"https:\/\/geneveinfos.ch\/index.php\/2026\/09\/03\/crise-viticole-entre-vignerons-romands-et-negociants-alemaniques-un-nouveau-rostigraben\/"},"modified":"2026-09-03T11:05:57","modified_gmt":"2026-09-03T09:05:57","slug":"crise-viticole-entre-vignerons-romands-et-negociants-alemaniques-un-nouveau-rostigraben","status":"publish","type":"post","link":"https:\/\/geneveinfos.ch\/index.php\/2026\/09\/03\/crise-viticole-entre-vignerons-romands-et-negociants-alemaniques-un-nouveau-rostigraben\/","title":{"rendered":"Crise viticole: Entre vignerons romands et n\u00e9gociants al\u00e9maniques, un nouveau R\u00f6stigraben"},"content":{"rendered":"<p>This <a href=\"https:\/\/www.tdg.ch\/vin-la-crise-viticole-suisse-saggrave-avant-les-vendanges-241530072779\" target=\"_blank\">post<\/a> was originally published on <a href=\"https:\/\/partner-feeds.publishing.tamedia.ch\/rss\/tdg\/economie\" target=\"_blank\">this site<\/a>.<\/p><div>En Valais, les banques ne pr&ecirc;tent plus ni aux vignerons ni aux encaveurs. Le projet de Guy Parmelin pour prot&eacute;ger la production locale risque d&rsquo;accoucher d&rsquo;une mesure &laquo;minimaliste&raquo;.<\/div>\n","protected":false},"excerpt":{"rendered":"<p>This post was originally published on this site.En Valais, les banques ne pr&ecirc;tent plus ni aux vignerons ni aux encaveurs. Le projet de Guy Parmelin pour prot&eacute;ger la production locale risque d&rsquo;accoucher d&rsquo;une mesure &laquo;minimaliste&raquo;.<\/p>\n","protected":false},"author":1,"featured_media":208829,"comment_status":"open","ping_status":"open","sticky":false,"template":"","format":"standard","meta":{"_monsterinsights_skip_tracking":false,"_uf_show_specific_survey":0,"_uf_disable_surveys":false,"footnotes":""},"categories":[99],"tags":[],"class_list":["post-208828","post","type-post","status-publish","format-standard","has-post-thumbnail","hentry","category-finances-negoce"],"aioseo_notices":[],"aioseo_head":"\n\t\t<!-- All in One SEO 5.0.1.1 - aioseo.com -->\n\t<meta name=\"description\" content=\"En Valais, les banques ne pr\u00eatent plus ni aux vignerons ni aux encaveurs. Le projet de Guy Parmelin pour prot\u00e9ger la production locale risque d\u2019accoucher d\u2019une mesure \u00abminimaliste\u00bb.\" \/>\n\t<meta name=\"robots\" content=\"max-image-preview:large\" \/>\n\t<meta name=\"author\" content=\"Morgane RAVOUNA\"\/>\n\t<link rel=\"canonical\" href=\"https:\/\/geneveinfos.ch\/index.php\/2026\/09\/03\/crise-viticole-entre-vignerons-romands-et-negociants-alemaniques-un-nouveau-rostigraben\/\" \/>\n\t<meta name=\"generator\" content=\"All in One SEO (AIOSEO) 5.0.1.1\" \/>\n\t\t<meta property=\"og:locale\" content=\"fr_FR\" \/>\n\t\t<meta property=\"og:site_name\" content=\"Gen\u00e8ve Infos - Le site d&#039;informations de la r\u00e9gion genevoise\" \/>\n\t\t<meta property=\"og:type\" content=\"article\" \/>\n\t\t<meta property=\"og:title\" content=\"Crise viticole: Entre vignerons romands et n\u00e9gociants al\u00e9maniques, un nouveau R\u00f6stigraben - Gen\u00e8ve Infos\" \/>\n\t\t<meta property=\"og:description\" content=\"En Valais, les banques ne pr\u00eatent plus ni aux vignerons ni aux encaveurs. Le projet de Guy Parmelin pour prot\u00e9ger la production locale risque d\u2019accoucher d\u2019une mesure \u00abminimaliste\u00bb.\" \/>\n\t\t<meta property=\"og:url\" content=\"https:\/\/geneveinfos.ch\/index.php\/2026\/09\/03\/crise-viticole-entre-vignerons-romands-et-negociants-alemaniques-un-nouveau-rostigraben\/\" \/>\n\t\t<meta property=\"og:image\" content=\"https:\/\/geneveinfos.ch\/wp-content\/uploads\/2025\/09\/Capture-decran-2025-09-18-a-16.52.08.png\" \/>\n\t\t<meta property=\"og:image:secure_url\" content=\"https:\/\/geneveinfos.ch\/wp-content\/uploads\/2025\/09\/Capture-decran-2025-09-18-a-16.52.08.png\" \/>\n\t\t<meta property=\"og:image:width\" content=\"513\" \/>\n\t\t<meta property=\"og:image:height\" content=\"457\" \/>\n\t\t<meta property=\"article:published_time\" content=\"2026-09-03T09:04:30+00:00\" \/>\n\t\t<meta property=\"article:modified_time\" content=\"2026-09-03T09:05:57+00:00\" \/>\n\t\t<meta property=\"article:publisher\" content=\"https:\/\/www.facebook.com\/profile.php?id=61576016541234\" \/>\n\t\t<meta name=\"twitter:card\" content=\"summary_large_image\" \/>\n\t\t<meta name=\"twitter:title\" content=\"Crise viticole: Entre vignerons romands et n\u00e9gociants al\u00e9maniques, un nouveau R\u00f6stigraben - Gen\u00e8ve Infos\" \/>\n\t\t<meta name=\"twitter:description\" content=\"En Valais, les banques ne pr\u00eatent plus ni aux vignerons ni aux encaveurs. Le projet de Guy Parmelin pour prot\u00e9ger la production locale risque d\u2019accoucher d\u2019une mesure \u00abminimaliste\u00bb.\" \/>\n\t\t<meta name=\"twitter:image\" content=\"https:\/\/geneveinfos.ch\/wp-content\/uploads\/2025\/09\/Capture-decran-2025-09-18-a-16.52.08.png\" \/>\n\t\t<script type=\"application\/ld+json\" class=\"aioseo-schema\">\n\t\t\t{\"@context\":\"https:\\\/\\\/schema.org\",\"@graph\":[{\"@type\":\"BlogPosting\",\"@id\":\"https:\\\/\\\/geneveinfos.ch\\\/index.php\\\/2026\\\/09\\\/03\\\/crise-viticole-entre-vignerons-romands-et-negociants-alemaniques-un-nouveau-rostigraben\\\/#blogposting\",\"name\":\"Crise viticole: Entre vignerons romands et n\\u00e9gociants al\\u00e9maniques, un nouveau R\\u00f6stigraben - Gen\\u00e8ve Infos\",\"headline\":\"Crise viticole: Entre vignerons romands et n\\u00e9gociants al\\u00e9maniques, un nouveau R\\u00f6stigraben\",\"author\":{\"@id\":\"https:\\\/\\\/geneveinfos.ch\\\/index.php\\\/author\\\/admin1380\\\/#author\"},\"publisher\":{\"@id\":\"https:\\\/\\\/geneveinfos.ch\\\/#person\"},\"image\":{\"@type\":\"ImageObject\",\"url\":\"https:\\\/\\\/geneveinfos.ch\\\/wp-content\\\/uploads\\\/2026\\\/09\\\/5HE7_UI94Kl9MJ0CDpt9k_.jpg\",\"width\":2048,\"height\":1366},\"datePublished\":\"2026-09-03T11:04:30+02:00\",\"dateModified\":\"2026-09-03T11:05:57+02:00\",\"inLanguage\":\"fr-FR\",\"mainEntityOfPage\":{\"@id\":\"https:\\\/\\\/geneveinfos.ch\\\/index.php\\\/2026\\\/09\\\/03\\\/crise-viticole-entre-vignerons-romands-et-negociants-alemaniques-un-nouveau-rostigraben\\\/#webpage\"},\"isPartOf\":{\"@id\":\"https:\\\/\\\/geneveinfos.ch\\\/index.php\\\/2026\\\/09\\\/03\\\/crise-viticole-entre-vignerons-romands-et-negociants-alemaniques-un-nouveau-rostigraben\\\/#webpage\"},\"articleSection\":\"finances-negoce\"},{\"@type\":\"BreadcrumbList\",\"@id\":\"https:\\\/\\\/geneveinfos.ch\\\/index.php\\\/2026\\\/09\\\/03\\\/crise-viticole-entre-vignerons-romands-et-negociants-alemaniques-un-nouveau-rostigraben\\\/#breadcrumblist\",\"itemListElement\":[{\"@type\":\"ListItem\",\"@id\":\"https:\\\/\\\/geneveinfos.ch#listItem\",\"position\":1,\"name\":\"Home\",\"item\":\"https:\\\/\\\/geneveinfos.ch\",\"nextItem\":{\"@type\":\"ListItem\",\"@id\":\"https:\\\/\\\/geneveinfos.ch\\\/index.php\\\/category\\\/finances-negoce\\\/#listItem\",\"name\":\"finances-negoce\"}},{\"@type\":\"ListItem\",\"@id\":\"https:\\\/\\\/geneveinfos.ch\\\/index.php\\\/category\\\/finances-negoce\\\/#listItem\",\"position\":2,\"name\":\"finances-negoce\",\"item\":\"https:\\\/\\\/geneveinfos.ch\\\/index.php\\\/category\\\/finances-negoce\\\/\",\"nextItem\":{\"@type\":\"ListItem\",\"@id\":\"https:\\\/\\\/geneveinfos.ch\\\/index.php\\\/2026\\\/09\\\/03\\\/crise-viticole-entre-vignerons-romands-et-negociants-alemaniques-un-nouveau-rostigraben\\\/#listItem\",\"name\":\"Crise viticole: Entre vignerons romands et n\\u00e9gociants al\\u00e9maniques, un nouveau R\\u00f6stigraben\"},\"previousItem\":{\"@type\":\"ListItem\",\"@id\":\"https:\\\/\\\/geneveinfos.ch#listItem\",\"name\":\"Home\"}},{\"@type\":\"ListItem\",\"@id\":\"https:\\\/\\\/geneveinfos.ch\\\/index.php\\\/2026\\\/09\\\/03\\\/crise-viticole-entre-vignerons-romands-et-negociants-alemaniques-un-nouveau-rostigraben\\\/#listItem\",\"position\":3,\"name\":\"Crise viticole: Entre vignerons romands et n\\u00e9gociants al\\u00e9maniques, un nouveau R\\u00f6stigraben\",\"previousItem\":{\"@type\":\"ListItem\",\"@id\":\"https:\\\/\\\/geneveinfos.ch\\\/index.php\\\/category\\\/finances-negoce\\\/#listItem\",\"name\":\"finances-negoce\"}}]},{\"@type\":\"Person\",\"@id\":\"https:\\\/\\\/geneveinfos.ch\\\/#person\",\"name\":\"Morgane RAVOUNA\",\"image\":{\"@type\":\"ImageObject\",\"@id\":\"https:\\\/\\\/geneveinfos.ch\\\/index.php\\\/2026\\\/09\\\/03\\\/crise-viticole-entre-vignerons-romands-et-negociants-alemaniques-un-nouveau-rostigraben\\\/#personImage\",\"url\":\"https:\\\/\\\/secure.gravatar.com\\\/avatar\\\/bd1e2e1e7cabf66754a14e2181bc3f67cd3c2b9403841e078411545fc405115b?s=96&d=mm&r=g\",\"width\":96,\"height\":96,\"caption\":\"Morgane RAVOUNA\"}},{\"@type\":\"Person\",\"@id\":\"https:\\\/\\\/geneveinfos.ch\\\/index.php\\\/author\\\/admin1380\\\/#author\",\"url\":\"https:\\\/\\\/geneveinfos.ch\\\/index.php\\\/author\\\/admin1380\\\/\",\"name\":\"Morgane RAVOUNA\",\"image\":{\"@type\":\"ImageObject\",\"@id\":\"https:\\\/\\\/geneveinfos.ch\\\/index.php\\\/2026\\\/09\\\/03\\\/crise-viticole-entre-vignerons-romands-et-negociants-alemaniques-un-nouveau-rostigraben\\\/#authorImage\",\"url\":\"https:\\\/\\\/secure.gravatar.com\\\/avatar\\\/bd1e2e1e7cabf66754a14e2181bc3f67cd3c2b9403841e078411545fc405115b?s=96&d=mm&r=g\",\"width\":96,\"height\":96,\"caption\":\"Morgane RAVOUNA\"}},{\"@type\":\"WebPage\",\"@id\":\"https:\\\/\\\/geneveinfos.ch\\\/index.php\\\/2026\\\/09\\\/03\\\/crise-viticole-entre-vignerons-romands-et-negociants-alemaniques-un-nouveau-rostigraben\\\/#webpage\",\"url\":\"https:\\\/\\\/geneveinfos.ch\\\/index.php\\\/2026\\\/09\\\/03\\\/crise-viticole-entre-vignerons-romands-et-negociants-alemaniques-un-nouveau-rostigraben\\\/\",\"name\":\"Crise viticole: Entre vignerons romands et n\\u00e9gociants al\\u00e9maniques, un nouveau R\\u00f6stigraben - Gen\\u00e8ve Infos\",\"description\":\"En Valais, les banques ne pr\\u00eatent plus ni aux vignerons ni aux encaveurs. Le projet de Guy Parmelin pour prot\\u00e9ger la production locale risque d\\u2019accoucher d\\u2019une mesure \\u00abminimaliste\\u00bb.\",\"inLanguage\":\"fr-FR\",\"isPartOf\":{\"@id\":\"https:\\\/\\\/geneveinfos.ch\\\/#website\"},\"breadcrumb\":{\"@id\":\"https:\\\/\\\/geneveinfos.ch\\\/index.php\\\/2026\\\/09\\\/03\\\/crise-viticole-entre-vignerons-romands-et-negociants-alemaniques-un-nouveau-rostigraben\\\/#breadcrumblist\"},\"author\":{\"@id\":\"https:\\\/\\\/geneveinfos.ch\\\/index.php\\\/author\\\/admin1380\\\/#author\"},\"creator\":{\"@id\":\"https:\\\/\\\/geneveinfos.ch\\\/index.php\\\/author\\\/admin1380\\\/#author\"},\"image\":{\"@type\":\"ImageObject\",\"url\":\"https:\\\/\\\/geneveinfos.ch\\\/wp-content\\\/uploads\\\/2026\\\/09\\\/5HE7_UI94Kl9MJ0CDpt9k_.jpg\",\"@id\":\"https:\\\/\\\/geneveinfos.ch\\\/index.php\\\/2026\\\/09\\\/03\\\/crise-viticole-entre-vignerons-romands-et-negociants-alemaniques-un-nouveau-rostigraben\\\/#mainImage\",\"width\":2048,\"height\":1366},\"primaryImageOfPage\":{\"@id\":\"https:\\\/\\\/geneveinfos.ch\\\/index.php\\\/2026\\\/09\\\/03\\\/crise-viticole-entre-vignerons-romands-et-negociants-alemaniques-un-nouveau-rostigraben\\\/#mainImage\"},\"datePublished\":\"2026-09-03T11:04:30+02:00\",\"dateModified\":\"2026-09-03T11:05:57+02:00\"},{\"@type\":\"WebSite\",\"@id\":\"https:\\\/\\\/geneveinfos.ch\\\/#website\",\"url\":\"https:\\\/\\\/geneveinfos.ch\\\/\",\"name\":\"Gen\\u00e8ve Infos\",\"description\":\"Le site d'informations de la r\\u00e9gion genevoise\",\"inLanguage\":\"fr-FR\",\"publisher\":{\"@id\":\"https:\\\/\\\/geneveinfos.ch\\\/#person\"}}]}\n\t\t<\/script>\n\t\t<!-- All in One SEO -->\n\n","aioseo_head_json":{"title":"Crise viticole: Entre vignerons romands et n\u00e9gociants al\u00e9maniques, un nouveau R\u00f6stigraben - Gen\u00e8ve Infos","description":"En Valais, les banques ne pr\u00eatent plus ni aux vignerons ni aux encaveurs. Le projet de Guy Parmelin pour prot\u00e9ger la production locale risque d\u2019accoucher d\u2019une mesure \u00abminimaliste\u00bb.","canonical_url":"https:\/\/geneveinfos.ch\/index.php\/2026\/09\/03\/crise-viticole-entre-vignerons-romands-et-negociants-alemaniques-un-nouveau-rostigraben\/","robots":"max-image-preview:large","keywords":"","webmasterTools":{"miscellaneous":""},"schema":{"@context":"https:\/\/schema.org","@graph":[{"@type":"BlogPosting","@id":"https:\/\/geneveinfos.ch\/index.php\/2026\/09\/03\/crise-viticole-entre-vignerons-romands-et-negociants-alemaniques-un-nouveau-rostigraben\/#blogposting","name":"Crise viticole: Entre vignerons romands et n\u00e9gociants al\u00e9maniques, un nouveau R\u00f6stigraben - Gen\u00e8ve Infos","headline":"Crise viticole: Entre vignerons romands et n\u00e9gociants al\u00e9maniques, un nouveau R\u00f6stigraben","author":{"@id":"https:\/\/geneveinfos.ch\/index.php\/author\/admin1380\/#author"},"publisher":{"@id":"https:\/\/geneveinfos.ch\/#person"},"image":{"@type":"ImageObject","url":"https:\/\/geneveinfos.ch\/wp-content\/uploads\/2026\/09\/5HE7_UI94Kl9MJ0CDpt9k_.jpg","width":2048,"height":1366},"datePublished":"2026-09-03T11:04:30+02:00","dateModified":"2026-09-03T11:05:57+02:00","inLanguage":"fr-FR","mainEntityOfPage":{"@id":"https:\/\/geneveinfos.ch\/index.php\/2026\/09\/03\/crise-viticole-entre-vignerons-romands-et-negociants-alemaniques-un-nouveau-rostigraben\/#webpage"},"isPartOf":{"@id":"https:\/\/geneveinfos.ch\/index.php\/2026\/09\/03\/crise-viticole-entre-vignerons-romands-et-negociants-alemaniques-un-nouveau-rostigraben\/#webpage"},"articleSection":"finances-negoce"},{"@type":"BreadcrumbList","@id":"https:\/\/geneveinfos.ch\/index.php\/2026\/09\/03\/crise-viticole-entre-vignerons-romands-et-negociants-alemaniques-un-nouveau-rostigraben\/#breadcrumblist","itemListElement":[{"@type":"ListItem","@id":"https:\/\/geneveinfos.ch#listItem","position":1,"name":"Home","item":"https:\/\/geneveinfos.ch","nextItem":{"@type":"ListItem","@id":"https:\/\/geneveinfos.ch\/index.php\/category\/finances-negoce\/#listItem","name":"finances-negoce"}},{"@type":"ListItem","@id":"https:\/\/geneveinfos.ch\/index.php\/category\/finances-negoce\/#listItem","position":2,"name":"finances-negoce","item":"https:\/\/geneveinfos.ch\/index.php\/category\/finances-negoce\/","nextItem":{"@type":"ListItem","@id":"https:\/\/geneveinfos.ch\/index.php\/2026\/09\/03\/crise-viticole-entre-vignerons-romands-et-negociants-alemaniques-un-nouveau-rostigraben\/#listItem","name":"Crise viticole: Entre vignerons romands et n\u00e9gociants al\u00e9maniques, un nouveau R\u00f6stigraben"},"previousItem":{"@type":"ListItem","@id":"https:\/\/geneveinfos.ch#listItem","name":"Home"}},{"@type":"ListItem","@id":"https:\/\/geneveinfos.ch\/index.php\/2026\/09\/03\/crise-viticole-entre-vignerons-romands-et-negociants-alemaniques-un-nouveau-rostigraben\/#listItem","position":3,"name":"Crise viticole: Entre vignerons romands et n\u00e9gociants al\u00e9maniques, un nouveau R\u00f6stigraben","previousItem":{"@type":"ListItem","@id":"https:\/\/geneveinfos.ch\/index.php\/category\/finances-negoce\/#listItem","name":"finances-negoce"}}]},{"@type":"Person","@id":"https:\/\/geneveinfos.ch\/#person","name":"Morgane RAVOUNA","image":{"@type":"ImageObject","@id":"https:\/\/geneveinfos.ch\/index.php\/2026\/09\/03\/crise-viticole-entre-vignerons-romands-et-negociants-alemaniques-un-nouveau-rostigraben\/#personImage","url":"https:\/\/secure.gravatar.com\/avatar\/bd1e2e1e7cabf66754a14e2181bc3f67cd3c2b9403841e078411545fc405115b?s=96&d=mm&r=g","width":96,"height":96,"caption":"Morgane RAVOUNA"}},{"@type":"Person","@id":"https:\/\/geneveinfos.ch\/index.php\/author\/admin1380\/#author","url":"https:\/\/geneveinfos.ch\/index.php\/author\/admin1380\/","name":"Morgane RAVOUNA","image":{"@type":"ImageObject","@id":"https:\/\/geneveinfos.ch\/index.php\/2026\/09\/03\/crise-viticole-entre-vignerons-romands-et-negociants-alemaniques-un-nouveau-rostigraben\/#authorImage","url":"https:\/\/secure.gravatar.com\/avatar\/bd1e2e1e7cabf66754a14e2181bc3f67cd3c2b9403841e078411545fc405115b?s=96&d=mm&r=g","width":96,"height":96,"caption":"Morgane RAVOUNA"}},{"@type":"WebPage","@id":"https:\/\/geneveinfos.ch\/index.php\/2026\/09\/03\/crise-viticole-entre-vignerons-romands-et-negociants-alemaniques-un-nouveau-rostigraben\/#webpage","url":"https:\/\/geneveinfos.ch\/index.php\/2026\/09\/03\/crise-viticole-entre-vignerons-romands-et-negociants-alemaniques-un-nouveau-rostigraben\/","name":"Crise viticole: Entre vignerons romands et n\u00e9gociants al\u00e9maniques, un nouveau R\u00f6stigraben - Gen\u00e8ve Infos","description":"En Valais, les banques ne pr\u00eatent plus ni aux vignerons ni aux encaveurs. Le projet de Guy Parmelin pour prot\u00e9ger la production locale risque d\u2019accoucher d\u2019une mesure \u00abminimaliste\u00bb.","inLanguage":"fr-FR","isPartOf":{"@id":"https:\/\/geneveinfos.ch\/#website"},"breadcrumb":{"@id":"https:\/\/geneveinfos.ch\/index.php\/2026\/09\/03\/crise-viticole-entre-vignerons-romands-et-negociants-alemaniques-un-nouveau-rostigraben\/#breadcrumblist"},"author":{"@id":"https:\/\/geneveinfos.ch\/index.php\/author\/admin1380\/#author"},"creator":{"@id":"https:\/\/geneveinfos.ch\/index.php\/author\/admin1380\/#author"},"image":{"@type":"ImageObject","url":"https:\/\/geneveinfos.ch\/wp-content\/uploads\/2026\/09\/5HE7_UI94Kl9MJ0CDpt9k_.jpg","@id":"https:\/\/geneveinfos.ch\/index.php\/2026\/09\/03\/crise-viticole-entre-vignerons-romands-et-negociants-alemaniques-un-nouveau-rostigraben\/#mainImage","width":2048,"height":1366},"primaryImageOfPage":{"@id":"https:\/\/geneveinfos.ch\/index.php\/2026\/09\/03\/crise-viticole-entre-vignerons-romands-et-negociants-alemaniques-un-nouveau-rostigraben\/#mainImage"},"datePublished":"2026-09-03T11:04:30+02:00","dateModified":"2026-09-03T11:05:57+02:00"},{"@type":"WebSite","@id":"https:\/\/geneveinfos.ch\/#website","url":"https:\/\/geneveinfos.ch\/","name":"Gen\u00e8ve Infos","description":"Le site d'informations de la r\u00e9gion genevoise","inLanguage":"fr-FR","publisher":{"@id":"https:\/\/geneveinfos.ch\/#person"}}]},"og:locale":"fr_FR","og:site_name":"Gen\u00e8ve Infos - Le site d'informations de la r\u00e9gion genevoise","og:type":"article","og:title":"Crise viticole: Entre vignerons romands et n\u00e9gociants al\u00e9maniques, un nouveau R\u00f6stigraben - Gen\u00e8ve Infos","og:description":"En Valais, les banques ne pr\u00eatent plus ni aux vignerons ni aux encaveurs. Le projet de Guy Parmelin pour prot\u00e9ger la production locale risque d\u2019accoucher d\u2019une mesure \u00abminimaliste\u00bb.","og:url":"https:\/\/geneveinfos.ch\/index.php\/2026\/09\/03\/crise-viticole-entre-vignerons-romands-et-negociants-alemaniques-un-nouveau-rostigraben\/","og:image":"https:\/\/geneveinfos.ch\/wp-content\/uploads\/2025\/09\/Capture-decran-2025-09-18-a-16.52.08.png","og:image:secure_url":"https:\/\/geneveinfos.ch\/wp-content\/uploads\/2025\/09\/Capture-decran-2025-09-18-a-16.52.08.png","og:image:width":513,"og:image:height":457,"article:published_time":"2026-09-03T09:04:30+00:00","article:modified_time":"2026-09-03T09:05:57+00:00","article:publisher":"https:\/\/www.facebook.com\/profile.php?id=61576016541234","twitter:card":"summary_large_image","twitter:title":"Crise viticole: Entre vignerons romands et n\u00e9gociants al\u00e9maniques, un nouveau R\u00f6stigraben - Gen\u00e8ve Infos","twitter:description":"En Valais, les banques ne pr\u00eatent plus ni aux vignerons ni aux encaveurs. Le projet de Guy Parmelin pour prot\u00e9ger la production locale risque d\u2019accoucher d\u2019une mesure \u00abminimaliste\u00bb.","twitter:image":"https:\/\/geneveinfos.ch\/wp-content\/uploads\/2025\/09\/Capture-decran-2025-09-18-a-16.52.08.png"},"aioseo_meta_data":{"post_id":"208828","title":null,"description":null,"keywords":null,"keyphrases":null,"primary_term":null,"canonical_url":null,"og_title":null,"og_description":null,"og_object_type":"default","og_image_type":"default","og_image_url":null,"og_image_width":null,"og_image_height":null,"og_image_custom_url":null,"og_image_custom_fields":null,"og_video":null,"og_custom_url":null,"og_article_section":null,"og_article_tags":null,"twitter_use_og":false,"twitter_card":"default","twitter_image_type":"default","twitter_image_url":null,"twitter_image_custom_url":null,"twitter_image_custom_fields":null,"twitter_title":null,"twitter_description":null,"schema":{"blockGraphs":[],"customGraphs":[],"default":{"data":{"Article":[],"Course":[],"Dataset":[],"FAQPage":[],"Movie":[],"Person":[],"Product":[],"ProductReview":[],"Car":[],"Recipe":[],"Service":[],"SoftwareApplication":[],"WebPage":[]},"graphName":"","isEnabled":true},"graphs":[]},"schema_type":"default","schema_type_options":null,"pillar_content":false,"robots_default":true,"robots_noindex":false,"robots_noarchive":false,"robots_nosnippet":false,"robots_nofollow":false,"robots_noimageindex":false,"robots_noodp":false,"robots_notranslate":false,"robots_max_snippet":null,"robots_max_videopreview":null,"robots_max_imagepreview":"large","priority":null,"frequency":null,"local_seo":null,"breadcrumb_settings":null,"limit_modified_date":false,"ai":null,"created":"2026-09-03 10:14:55","updated":"2026-09-03 10:14:55","seo_analyzer_scan_date":null,"focus_keyword":null,"additional_keywords":null,"truseo_locale":null},"aioseo_breadcrumb":"<div class=\"aioseo-breadcrumbs\"><span class=\"aioseo-breadcrumb\">\n\t\t\t<a href=\"https:\/\/geneveinfos.ch\" title=\"Home\">Home<\/a>\n\t\t<\/span><span class=\"aioseo-breadcrumb-separator\">&raquo;<\/span><span class=\"aioseo-breadcrumb\">\n\t\t\t<a href=\"https:\/\/geneveinfos.ch\/index.php\/category\/finances-negoce\/\" title=\"finances-negoce\">finances-negoce<\/a>\n\t\t<\/span><span class=\"aioseo-breadcrumb-separator\">&raquo;<\/span><span class=\"aioseo-breadcrumb\">\n\t\t\tCrise viticole: Entre vignerons romands et n\u00e9gociants al\u00e9maniques, un nouveau R\u00f6stigraben\n\t\t<\/span><\/div>","aioseo_breadcrumb_json":[{"label":"Home","link":"https:\/\/geneveinfos.ch"},{"label":"finances-negoce","link":"https:\/\/geneveinfos.ch\/index.php\/category\/finances-negoce\/"},{"label":"Crise viticole: Entre vignerons romands et n\u00e9gociants al\u00e9maniques, un nouveau R\u00f6stigraben","link":"https:\/\/geneveinfos.ch\/index.php\/2026\/09\/03\/crise-viticole-entre-vignerons-romands-et-negociants-alemaniques-un-nouveau-rostigraben\/"}],"_links":{"self":[{"href":"https:\/\/geneveinfos.ch\/index.php\/wp-json\/wp\/v2\/posts\/208828","targetHints":{"allow":["GET"]}}],"collection":[{"href":"https:\/\/geneveinfos.ch\/index.php\/wp-json\/wp\/v2\/posts"}],"about":[{"href":"https:\/\/geneveinfos.ch\/index.php\/wp-json\/wp\/v2\/types\/post"}],"author":[{"embeddable":true,"href":"https:\/\/geneveinfos.ch\/index.php\/wp-json\/wp\/v2\/users\/1"}],"replies":[{"embeddable":true,"href":"https:\/\/geneveinfos.ch\/index.php\/wp-json\/wp\/v2\/comments?post=208828"}],"version-history":[{"count":0,"href":"https:\/\/geneveinfos.ch\/index.php\/wp-json\/wp\/v2\/posts\/208828\/revisions"}],"wp:featuredmedia":[{"embeddable":true,"href":"https:\/\/geneveinfos.ch\/index.php\/wp-json\/wp\/v2\/media\/208829"}],"wp:attachment":[{"href":"https:\/\/geneveinfos.ch\/index.php\/wp-json\/wp\/v2\/media?parent=208828"}],"wp:term":[{"taxonomy":"category","embeddable":true,"href":"https:\/\/geneveinfos.ch\/index.php\/wp-json\/wp\/v2\/categories?post=208828"},{"taxonomy":"post_tag","embeddable":true,"href":"https:\/\/geneveinfos.ch\/index.php\/wp-json\/wp\/v2\/tags?post=208828"}],"curies":[{"name":"wp","href":"https:\/\/api.w.org\/{rel}","templated":true}]}}