{"id":208985,"date":"2026-09-03T14:34:40","date_gmt":"2026-09-03T12:34:40","guid":{"rendered":"https:\/\/geneveinfos.ch\/index.php\/2026\/09\/03\/inflation-en-suisse-le-cout-de-la-vie-a-bondi-en-aout-bien-au-dela-des-previsions\/"},"modified":"2026-09-03T15:12:07","modified_gmt":"2026-09-03T13:12:07","slug":"inflation-en-suisse-le-cout-de-la-vie-a-bondi-en-aout-bien-au-dela-des-previsions","status":"publish","type":"post","link":"https:\/\/geneveinfos.ch\/index.php\/2026\/09\/03\/inflation-en-suisse-le-cout-de-la-vie-a-bondi-en-aout-bien-au-dela-des-previsions\/","title":{"rendered":"Inflation en Suisse: Le co\u00fbt de la vie a bondi en ao\u00fbt, bien au-del\u00e0 des pr\u00e9visions"},"content":{"rendered":"<p>This <a href=\"https:\/\/www.tdg.ch\/inflation-le-petrole-et-le-logement-font-bondir-les-prix-990169775912\" target=\"_blank\">post<\/a> was originally published on <a href=\"https:\/\/partner-feeds.publishing.tamedia.ch\/rss\/tdg\/economie\" target=\"_blank\">this site<\/a>.<\/p><div>L&rsquo;indice des prix &agrave; la consommation a grimp&eacute; de 0,8% sur un an, port&eacute; par les loyers et les carburants. Les &eacute;conomistes s&rsquo;attendaient &agrave; une hausse nettement moins marqu&eacute;e.<\/div>\n","protected":false},"excerpt":{"rendered":"<p>This post was originally published on this site.L&rsquo;indice des prix &agrave; la consommation a grimp&eacute; de 0,8% sur un an, port&eacute; par les loyers et les carburants. Les &eacute;conomistes s&rsquo;attendaient &agrave; une hausse nettement moins marqu&eacute;e.<\/p>\n","protected":false},"author":1,"featured_media":208986,"comment_status":"open","ping_status":"open","sticky":false,"template":"","format":"standard","meta":{"_monsterinsights_skip_tracking":false,"_uf_show_specific_survey":0,"_uf_disable_surveys":false,"footnotes":""},"categories":[99],"tags":[],"class_list":["post-208985","post","type-post","status-publish","format-standard","has-post-thumbnail","hentry","category-finances-negoce"],"aioseo_notices":[],"aioseo_head":"\n\t\t<!-- All in One SEO 5.0.1.1 - aioseo.com -->\n\t<meta name=\"description\" content=\"L\u2019indice des prix \u00e0 la consommation a grimp\u00e9 de 0,8% sur un an, port\u00e9 par les loyers et les carburants. Les \u00e9conomistes s\u2019attendaient \u00e0 une hausse nettement moins marqu\u00e9e.\" \/>\n\t<meta name=\"robots\" content=\"max-image-preview:large\" \/>\n\t<meta name=\"author\" content=\"Morgane RAVOUNA\"\/>\n\t<link rel=\"canonical\" href=\"https:\/\/geneveinfos.ch\/index.php\/2026\/09\/03\/inflation-en-suisse-le-cout-de-la-vie-a-bondi-en-aout-bien-au-dela-des-previsions\/\" \/>\n\t<meta name=\"generator\" content=\"All in One SEO (AIOSEO) 5.0.1.1\" \/>\n\t\t<meta property=\"og:locale\" content=\"fr_FR\" \/>\n\t\t<meta property=\"og:site_name\" content=\"Gen\u00e8ve Infos - Le site d&#039;informations de la r\u00e9gion genevoise\" \/>\n\t\t<meta property=\"og:type\" content=\"article\" \/>\n\t\t<meta property=\"og:title\" content=\"Inflation en Suisse: Le co\u00fbt de la vie a bondi en ao\u00fbt, bien au-del\u00e0 des pr\u00e9visions - Gen\u00e8ve Infos\" \/>\n\t\t<meta property=\"og:description\" content=\"L\u2019indice des prix \u00e0 la consommation a grimp\u00e9 de 0,8% sur un an, port\u00e9 par les loyers et les carburants. Les \u00e9conomistes s\u2019attendaient \u00e0 une hausse nettement moins marqu\u00e9e.\" \/>\n\t\t<meta property=\"og:url\" content=\"https:\/\/geneveinfos.ch\/index.php\/2026\/09\/03\/inflation-en-suisse-le-cout-de-la-vie-a-bondi-en-aout-bien-au-dela-des-previsions\/\" \/>\n\t\t<meta property=\"og:image\" content=\"https:\/\/geneveinfos.ch\/wp-content\/uploads\/2025\/09\/Capture-decran-2025-09-18-a-16.52.08.png\" \/>\n\t\t<meta property=\"og:image:secure_url\" content=\"https:\/\/geneveinfos.ch\/wp-content\/uploads\/2025\/09\/Capture-decran-2025-09-18-a-16.52.08.png\" \/>\n\t\t<meta property=\"og:image:width\" content=\"513\" \/>\n\t\t<meta property=\"og:image:height\" content=\"457\" \/>\n\t\t<meta property=\"article:published_time\" content=\"2026-09-03T12:34:40+00:00\" \/>\n\t\t<meta property=\"article:modified_time\" content=\"2026-09-03T13:12:07+00:00\" \/>\n\t\t<meta property=\"article:publisher\" content=\"https:\/\/www.facebook.com\/profile.php?id=61576016541234\" \/>\n\t\t<meta name=\"twitter:card\" content=\"summary_large_image\" \/>\n\t\t<meta name=\"twitter:title\" content=\"Inflation en Suisse: Le co\u00fbt de la vie a bondi en ao\u00fbt, bien au-del\u00e0 des pr\u00e9visions - Gen\u00e8ve Infos\" \/>\n\t\t<meta name=\"twitter:description\" content=\"L\u2019indice des prix \u00e0 la consommation a grimp\u00e9 de 0,8% sur un an, port\u00e9 par les loyers et les carburants. Les \u00e9conomistes s\u2019attendaient \u00e0 une hausse nettement moins marqu\u00e9e.\" \/>\n\t\t<meta name=\"twitter:image\" content=\"https:\/\/geneveinfos.ch\/wp-content\/uploads\/2025\/09\/Capture-decran-2025-09-18-a-16.52.08.png\" \/>\n\t\t<script type=\"application\/ld+json\" class=\"aioseo-schema\">\n\t\t\t{\"@context\":\"https:\\\/\\\/schema.org\",\"@graph\":[{\"@type\":\"BlogPosting\",\"@id\":\"https:\\\/\\\/geneveinfos.ch\\\/index.php\\\/2026\\\/09\\\/03\\\/inflation-en-suisse-le-cout-de-la-vie-a-bondi-en-aout-bien-au-dela-des-previsions\\\/#blogposting\",\"name\":\"Inflation en Suisse: Le co\\u00fbt de la vie a bondi en ao\\u00fbt, bien au-del\\u00e0 des pr\\u00e9visions - Gen\\u00e8ve Infos\",\"headline\":\"Inflation en Suisse: Le co\\u00fbt de la vie a bondi en ao\\u00fbt, bien au-del\\u00e0 des pr\\u00e9visions\",\"author\":{\"@id\":\"https:\\\/\\\/geneveinfos.ch\\\/index.php\\\/author\\\/admin1380\\\/#author\"},\"publisher\":{\"@id\":\"https:\\\/\\\/geneveinfos.ch\\\/#person\"},\"image\":{\"@type\":\"ImageObject\",\"url\":\"https:\\\/\\\/geneveinfos.ch\\\/wp-content\\\/uploads\\\/2026\\\/09\\\/8e7wa3lgaZWAy6Wl6ERGKN.jpg\",\"width\":1024,\"height\":683},\"datePublished\":\"2026-09-03T14:34:40+02:00\",\"dateModified\":\"2026-09-03T15:12:07+02:00\",\"inLanguage\":\"fr-FR\",\"mainEntityOfPage\":{\"@id\":\"https:\\\/\\\/geneveinfos.ch\\\/index.php\\\/2026\\\/09\\\/03\\\/inflation-en-suisse-le-cout-de-la-vie-a-bondi-en-aout-bien-au-dela-des-previsions\\\/#webpage\"},\"isPartOf\":{\"@id\":\"https:\\\/\\\/geneveinfos.ch\\\/index.php\\\/2026\\\/09\\\/03\\\/inflation-en-suisse-le-cout-de-la-vie-a-bondi-en-aout-bien-au-dela-des-previsions\\\/#webpage\"},\"articleSection\":\"finances-negoce\"},{\"@type\":\"BreadcrumbList\",\"@id\":\"https:\\\/\\\/geneveinfos.ch\\\/index.php\\\/2026\\\/09\\\/03\\\/inflation-en-suisse-le-cout-de-la-vie-a-bondi-en-aout-bien-au-dela-des-previsions\\\/#breadcrumblist\",\"itemListElement\":[{\"@type\":\"ListItem\",\"@id\":\"https:\\\/\\\/geneveinfos.ch#listItem\",\"position\":1,\"name\":\"Home\",\"item\":\"https:\\\/\\\/geneveinfos.ch\",\"nextItem\":{\"@type\":\"ListItem\",\"@id\":\"https:\\\/\\\/geneveinfos.ch\\\/index.php\\\/category\\\/finances-negoce\\\/#listItem\",\"name\":\"finances-negoce\"}},{\"@type\":\"ListItem\",\"@id\":\"https:\\\/\\\/geneveinfos.ch\\\/index.php\\\/category\\\/finances-negoce\\\/#listItem\",\"position\":2,\"name\":\"finances-negoce\",\"item\":\"https:\\\/\\\/geneveinfos.ch\\\/index.php\\\/category\\\/finances-negoce\\\/\",\"nextItem\":{\"@type\":\"ListItem\",\"@id\":\"https:\\\/\\\/geneveinfos.ch\\\/index.php\\\/2026\\\/09\\\/03\\\/inflation-en-suisse-le-cout-de-la-vie-a-bondi-en-aout-bien-au-dela-des-previsions\\\/#listItem\",\"name\":\"Inflation en Suisse: Le co\\u00fbt de la vie a bondi en ao\\u00fbt, bien au-del\\u00e0 des pr\\u00e9visions\"},\"previousItem\":{\"@type\":\"ListItem\",\"@id\":\"https:\\\/\\\/geneveinfos.ch#listItem\",\"name\":\"Home\"}},{\"@type\":\"ListItem\",\"@id\":\"https:\\\/\\\/geneveinfos.ch\\\/index.php\\\/2026\\\/09\\\/03\\\/inflation-en-suisse-le-cout-de-la-vie-a-bondi-en-aout-bien-au-dela-des-previsions\\\/#listItem\",\"position\":3,\"name\":\"Inflation en Suisse: Le co\\u00fbt de la vie a bondi en ao\\u00fbt, bien au-del\\u00e0 des pr\\u00e9visions\",\"previousItem\":{\"@type\":\"ListItem\",\"@id\":\"https:\\\/\\\/geneveinfos.ch\\\/index.php\\\/category\\\/finances-negoce\\\/#listItem\",\"name\":\"finances-negoce\"}}]},{\"@type\":\"Person\",\"@id\":\"https:\\\/\\\/geneveinfos.ch\\\/#person\",\"name\":\"Morgane RAVOUNA\",\"image\":{\"@type\":\"ImageObject\",\"@id\":\"https:\\\/\\\/geneveinfos.ch\\\/index.php\\\/2026\\\/09\\\/03\\\/inflation-en-suisse-le-cout-de-la-vie-a-bondi-en-aout-bien-au-dela-des-previsions\\\/#personImage\",\"url\":\"https:\\\/\\\/secure.gravatar.com\\\/avatar\\\/bd1e2e1e7cabf66754a14e2181bc3f67cd3c2b9403841e078411545fc405115b?s=96&d=mm&r=g\",\"width\":96,\"height\":96,\"caption\":\"Morgane RAVOUNA\"}},{\"@type\":\"Person\",\"@id\":\"https:\\\/\\\/geneveinfos.ch\\\/index.php\\\/author\\\/admin1380\\\/#author\",\"url\":\"https:\\\/\\\/geneveinfos.ch\\\/index.php\\\/author\\\/admin1380\\\/\",\"name\":\"Morgane RAVOUNA\",\"image\":{\"@type\":\"ImageObject\",\"@id\":\"https:\\\/\\\/geneveinfos.ch\\\/index.php\\\/2026\\\/09\\\/03\\\/inflation-en-suisse-le-cout-de-la-vie-a-bondi-en-aout-bien-au-dela-des-previsions\\\/#authorImage\",\"url\":\"https:\\\/\\\/secure.gravatar.com\\\/avatar\\\/bd1e2e1e7cabf66754a14e2181bc3f67cd3c2b9403841e078411545fc405115b?s=96&d=mm&r=g\",\"width\":96,\"height\":96,\"caption\":\"Morgane RAVOUNA\"}},{\"@type\":\"WebPage\",\"@id\":\"https:\\\/\\\/geneveinfos.ch\\\/index.php\\\/2026\\\/09\\\/03\\\/inflation-en-suisse-le-cout-de-la-vie-a-bondi-en-aout-bien-au-dela-des-previsions\\\/#webpage\",\"url\":\"https:\\\/\\\/geneveinfos.ch\\\/index.php\\\/2026\\\/09\\\/03\\\/inflation-en-suisse-le-cout-de-la-vie-a-bondi-en-aout-bien-au-dela-des-previsions\\\/\",\"name\":\"Inflation en Suisse: Le co\\u00fbt de la vie a bondi en ao\\u00fbt, bien au-del\\u00e0 des pr\\u00e9visions - Gen\\u00e8ve Infos\",\"description\":\"L\\u2019indice des prix \\u00e0 la consommation a grimp\\u00e9 de 0,8% sur un an, port\\u00e9 par les loyers et les carburants. Les \\u00e9conomistes s\\u2019attendaient \\u00e0 une hausse nettement moins marqu\\u00e9e.\",\"inLanguage\":\"fr-FR\",\"isPartOf\":{\"@id\":\"https:\\\/\\\/geneveinfos.ch\\\/#website\"},\"breadcrumb\":{\"@id\":\"https:\\\/\\\/geneveinfos.ch\\\/index.php\\\/2026\\\/09\\\/03\\\/inflation-en-suisse-le-cout-de-la-vie-a-bondi-en-aout-bien-au-dela-des-previsions\\\/#breadcrumblist\"},\"author\":{\"@id\":\"https:\\\/\\\/geneveinfos.ch\\\/index.php\\\/author\\\/admin1380\\\/#author\"},\"creator\":{\"@id\":\"https:\\\/\\\/geneveinfos.ch\\\/index.php\\\/author\\\/admin1380\\\/#author\"},\"image\":{\"@type\":\"ImageObject\",\"url\":\"https:\\\/\\\/geneveinfos.ch\\\/wp-content\\\/uploads\\\/2026\\\/09\\\/8e7wa3lgaZWAy6Wl6ERGKN.jpg\",\"@id\":\"https:\\\/\\\/geneveinfos.ch\\\/index.php\\\/2026\\\/09\\\/03\\\/inflation-en-suisse-le-cout-de-la-vie-a-bondi-en-aout-bien-au-dela-des-previsions\\\/#mainImage\",\"width\":1024,\"height\":683},\"primaryImageOfPage\":{\"@id\":\"https:\\\/\\\/geneveinfos.ch\\\/index.php\\\/2026\\\/09\\\/03\\\/inflation-en-suisse-le-cout-de-la-vie-a-bondi-en-aout-bien-au-dela-des-previsions\\\/#mainImage\"},\"datePublished\":\"2026-09-03T14:34:40+02:00\",\"dateModified\":\"2026-09-03T15:12:07+02:00\"},{\"@type\":\"WebSite\",\"@id\":\"https:\\\/\\\/geneveinfos.ch\\\/#website\",\"url\":\"https:\\\/\\\/geneveinfos.ch\\\/\",\"name\":\"Gen\\u00e8ve Infos\",\"description\":\"Le site d'informations de la r\\u00e9gion genevoise\",\"inLanguage\":\"fr-FR\",\"publisher\":{\"@id\":\"https:\\\/\\\/geneveinfos.ch\\\/#person\"}}]}\n\t\t<\/script>\n\t\t<!-- All in One SEO -->\n\n","aioseo_head_json":{"title":"Inflation en Suisse: Le co\u00fbt de la vie a bondi en ao\u00fbt, bien au-del\u00e0 des pr\u00e9visions - Gen\u00e8ve Infos","description":"L\u2019indice des prix \u00e0 la consommation a grimp\u00e9 de 0,8% sur un an, port\u00e9 par les loyers et les carburants. Les \u00e9conomistes s\u2019attendaient \u00e0 une hausse nettement moins marqu\u00e9e.","canonical_url":"https:\/\/geneveinfos.ch\/index.php\/2026\/09\/03\/inflation-en-suisse-le-cout-de-la-vie-a-bondi-en-aout-bien-au-dela-des-previsions\/","robots":"max-image-preview:large","keywords":"","webmasterTools":{"miscellaneous":""},"schema":{"@context":"https:\/\/schema.org","@graph":[{"@type":"BlogPosting","@id":"https:\/\/geneveinfos.ch\/index.php\/2026\/09\/03\/inflation-en-suisse-le-cout-de-la-vie-a-bondi-en-aout-bien-au-dela-des-previsions\/#blogposting","name":"Inflation en Suisse: Le co\u00fbt de la vie a bondi en ao\u00fbt, bien au-del\u00e0 des pr\u00e9visions - Gen\u00e8ve Infos","headline":"Inflation en Suisse: Le co\u00fbt de la vie a bondi en ao\u00fbt, bien au-del\u00e0 des pr\u00e9visions","author":{"@id":"https:\/\/geneveinfos.ch\/index.php\/author\/admin1380\/#author"},"publisher":{"@id":"https:\/\/geneveinfos.ch\/#person"},"image":{"@type":"ImageObject","url":"https:\/\/geneveinfos.ch\/wp-content\/uploads\/2026\/09\/8e7wa3lgaZWAy6Wl6ERGKN.jpg","width":1024,"height":683},"datePublished":"2026-09-03T14:34:40+02:00","dateModified":"2026-09-03T15:12:07+02:00","inLanguage":"fr-FR","mainEntityOfPage":{"@id":"https:\/\/geneveinfos.ch\/index.php\/2026\/09\/03\/inflation-en-suisse-le-cout-de-la-vie-a-bondi-en-aout-bien-au-dela-des-previsions\/#webpage"},"isPartOf":{"@id":"https:\/\/geneveinfos.ch\/index.php\/2026\/09\/03\/inflation-en-suisse-le-cout-de-la-vie-a-bondi-en-aout-bien-au-dela-des-previsions\/#webpage"},"articleSection":"finances-negoce"},{"@type":"BreadcrumbList","@id":"https:\/\/geneveinfos.ch\/index.php\/2026\/09\/03\/inflation-en-suisse-le-cout-de-la-vie-a-bondi-en-aout-bien-au-dela-des-previsions\/#breadcrumblist","itemListElement":[{"@type":"ListItem","@id":"https:\/\/geneveinfos.ch#listItem","position":1,"name":"Home","item":"https:\/\/geneveinfos.ch","nextItem":{"@type":"ListItem","@id":"https:\/\/geneveinfos.ch\/index.php\/category\/finances-negoce\/#listItem","name":"finances-negoce"}},{"@type":"ListItem","@id":"https:\/\/geneveinfos.ch\/index.php\/category\/finances-negoce\/#listItem","position":2,"name":"finances-negoce","item":"https:\/\/geneveinfos.ch\/index.php\/category\/finances-negoce\/","nextItem":{"@type":"ListItem","@id":"https:\/\/geneveinfos.ch\/index.php\/2026\/09\/03\/inflation-en-suisse-le-cout-de-la-vie-a-bondi-en-aout-bien-au-dela-des-previsions\/#listItem","name":"Inflation en Suisse: Le co\u00fbt de la vie a bondi en ao\u00fbt, bien au-del\u00e0 des pr\u00e9visions"},"previousItem":{"@type":"ListItem","@id":"https:\/\/geneveinfos.ch#listItem","name":"Home"}},{"@type":"ListItem","@id":"https:\/\/geneveinfos.ch\/index.php\/2026\/09\/03\/inflation-en-suisse-le-cout-de-la-vie-a-bondi-en-aout-bien-au-dela-des-previsions\/#listItem","position":3,"name":"Inflation en Suisse: Le co\u00fbt de la vie a bondi en ao\u00fbt, bien au-del\u00e0 des pr\u00e9visions","previousItem":{"@type":"ListItem","@id":"https:\/\/geneveinfos.ch\/index.php\/category\/finances-negoce\/#listItem","name":"finances-negoce"}}]},{"@type":"Person","@id":"https:\/\/geneveinfos.ch\/#person","name":"Morgane RAVOUNA","image":{"@type":"ImageObject","@id":"https:\/\/geneveinfos.ch\/index.php\/2026\/09\/03\/inflation-en-suisse-le-cout-de-la-vie-a-bondi-en-aout-bien-au-dela-des-previsions\/#personImage","url":"https:\/\/secure.gravatar.com\/avatar\/bd1e2e1e7cabf66754a14e2181bc3f67cd3c2b9403841e078411545fc405115b?s=96&d=mm&r=g","width":96,"height":96,"caption":"Morgane RAVOUNA"}},{"@type":"Person","@id":"https:\/\/geneveinfos.ch\/index.php\/author\/admin1380\/#author","url":"https:\/\/geneveinfos.ch\/index.php\/author\/admin1380\/","name":"Morgane RAVOUNA","image":{"@type":"ImageObject","@id":"https:\/\/geneveinfos.ch\/index.php\/2026\/09\/03\/inflation-en-suisse-le-cout-de-la-vie-a-bondi-en-aout-bien-au-dela-des-previsions\/#authorImage","url":"https:\/\/secure.gravatar.com\/avatar\/bd1e2e1e7cabf66754a14e2181bc3f67cd3c2b9403841e078411545fc405115b?s=96&d=mm&r=g","width":96,"height":96,"caption":"Morgane RAVOUNA"}},{"@type":"WebPage","@id":"https:\/\/geneveinfos.ch\/index.php\/2026\/09\/03\/inflation-en-suisse-le-cout-de-la-vie-a-bondi-en-aout-bien-au-dela-des-previsions\/#webpage","url":"https:\/\/geneveinfos.ch\/index.php\/2026\/09\/03\/inflation-en-suisse-le-cout-de-la-vie-a-bondi-en-aout-bien-au-dela-des-previsions\/","name":"Inflation en Suisse: Le co\u00fbt de la vie a bondi en ao\u00fbt, bien au-del\u00e0 des pr\u00e9visions - Gen\u00e8ve Infos","description":"L\u2019indice des prix \u00e0 la consommation a grimp\u00e9 de 0,8% sur un an, port\u00e9 par les loyers et les carburants. Les \u00e9conomistes s\u2019attendaient \u00e0 une hausse nettement moins marqu\u00e9e.","inLanguage":"fr-FR","isPartOf":{"@id":"https:\/\/geneveinfos.ch\/#website"},"breadcrumb":{"@id":"https:\/\/geneveinfos.ch\/index.php\/2026\/09\/03\/inflation-en-suisse-le-cout-de-la-vie-a-bondi-en-aout-bien-au-dela-des-previsions\/#breadcrumblist"},"author":{"@id":"https:\/\/geneveinfos.ch\/index.php\/author\/admin1380\/#author"},"creator":{"@id":"https:\/\/geneveinfos.ch\/index.php\/author\/admin1380\/#author"},"image":{"@type":"ImageObject","url":"https:\/\/geneveinfos.ch\/wp-content\/uploads\/2026\/09\/8e7wa3lgaZWAy6Wl6ERGKN.jpg","@id":"https:\/\/geneveinfos.ch\/index.php\/2026\/09\/03\/inflation-en-suisse-le-cout-de-la-vie-a-bondi-en-aout-bien-au-dela-des-previsions\/#mainImage","width":1024,"height":683},"primaryImageOfPage":{"@id":"https:\/\/geneveinfos.ch\/index.php\/2026\/09\/03\/inflation-en-suisse-le-cout-de-la-vie-a-bondi-en-aout-bien-au-dela-des-previsions\/#mainImage"},"datePublished":"2026-09-03T14:34:40+02:00","dateModified":"2026-09-03T15:12:07+02:00"},{"@type":"WebSite","@id":"https:\/\/geneveinfos.ch\/#website","url":"https:\/\/geneveinfos.ch\/","name":"Gen\u00e8ve Infos","description":"Le site d'informations de la r\u00e9gion genevoise","inLanguage":"fr-FR","publisher":{"@id":"https:\/\/geneveinfos.ch\/#person"}}]},"og:locale":"fr_FR","og:site_name":"Gen\u00e8ve Infos - Le site d'informations de la r\u00e9gion genevoise","og:type":"article","og:title":"Inflation en Suisse: Le co\u00fbt de la vie a bondi en ao\u00fbt, bien au-del\u00e0 des pr\u00e9visions - Gen\u00e8ve Infos","og:description":"L\u2019indice des prix \u00e0 la consommation a grimp\u00e9 de 0,8% sur un an, port\u00e9 par les loyers et les carburants. Les \u00e9conomistes s\u2019attendaient \u00e0 une hausse nettement moins marqu\u00e9e.","og:url":"https:\/\/geneveinfos.ch\/index.php\/2026\/09\/03\/inflation-en-suisse-le-cout-de-la-vie-a-bondi-en-aout-bien-au-dela-des-previsions\/","og:image":"https:\/\/geneveinfos.ch\/wp-content\/uploads\/2025\/09\/Capture-decran-2025-09-18-a-16.52.08.png","og:image:secure_url":"https:\/\/geneveinfos.ch\/wp-content\/uploads\/2025\/09\/Capture-decran-2025-09-18-a-16.52.08.png","og:image:width":513,"og:image:height":457,"article:published_time":"2026-09-03T12:34:40+00:00","article:modified_time":"2026-09-03T13:12:07+00:00","article:publisher":"https:\/\/www.facebook.com\/profile.php?id=61576016541234","twitter:card":"summary_large_image","twitter:title":"Inflation en Suisse: Le co\u00fbt de la vie a bondi en ao\u00fbt, bien au-del\u00e0 des pr\u00e9visions - Gen\u00e8ve Infos","twitter:description":"L\u2019indice des prix \u00e0 la consommation a grimp\u00e9 de 0,8% sur un an, port\u00e9 par les loyers et les carburants. Les \u00e9conomistes s\u2019attendaient \u00e0 une hausse nettement moins marqu\u00e9e.","twitter:image":"https:\/\/geneveinfos.ch\/wp-content\/uploads\/2025\/09\/Capture-decran-2025-09-18-a-16.52.08.png"},"aioseo_meta_data":{"post_id":"208985","title":null,"description":null,"keywords":null,"keyphrases":null,"primary_term":null,"canonical_url":null,"og_title":null,"og_description":null,"og_object_type":"default","og_image_type":"default","og_image_url":null,"og_image_width":null,"og_image_height":null,"og_image_custom_url":null,"og_image_custom_fields":null,"og_video":null,"og_custom_url":null,"og_article_section":null,"og_article_tags":null,"twitter_use_og":false,"twitter_card":"default","twitter_image_type":"default","twitter_image_url":null,"twitter_image_custom_url":null,"twitter_image_custom_fields":null,"twitter_title":null,"twitter_description":null,"schema":{"blockGraphs":[],"customGraphs":[],"default":{"data":{"Article":[],"Course":[],"Dataset":[],"FAQPage":[],"Movie":[],"Person":[],"Product":[],"ProductReview":[],"Car":[],"Recipe":[],"Service":[],"SoftwareApplication":[],"WebPage":[]},"graphName":"","isEnabled":true},"graphs":[]},"schema_type":"default","schema_type_options":null,"pillar_content":false,"robots_default":true,"robots_noindex":false,"robots_noarchive":false,"robots_nosnippet":false,"robots_nofollow":false,"robots_noimageindex":false,"robots_noodp":false,"robots_notranslate":false,"robots_max_snippet":null,"robots_max_videopreview":null,"robots_max_imagepreview":"large","priority":null,"frequency":null,"local_seo":null,"breadcrumb_settings":null,"limit_modified_date":false,"ai":null,"created":"2026-09-03 14:15:20","updated":"2026-09-03 14:15:20","seo_analyzer_scan_date":null,"focus_keyword":null,"additional_keywords":null,"truseo_locale":null},"aioseo_breadcrumb":"<div class=\"aioseo-breadcrumbs\"><span class=\"aioseo-breadcrumb\">\n\t\t\t<a href=\"https:\/\/geneveinfos.ch\" title=\"Home\">Home<\/a>\n\t\t<\/span><span class=\"aioseo-breadcrumb-separator\">&raquo;<\/span><span class=\"aioseo-breadcrumb\">\n\t\t\t<a href=\"https:\/\/geneveinfos.ch\/index.php\/category\/finances-negoce\/\" title=\"finances-negoce\">finances-negoce<\/a>\n\t\t<\/span><span class=\"aioseo-breadcrumb-separator\">&raquo;<\/span><span class=\"aioseo-breadcrumb\">\n\t\t\tInflation en Suisse: Le co\u00fbt de la vie a bondi en ao\u00fbt, bien au-del\u00e0 des pr\u00e9visions\n\t\t<\/span><\/div>","aioseo_breadcrumb_json":[{"label":"Home","link":"https:\/\/geneveinfos.ch"},{"label":"finances-negoce","link":"https:\/\/geneveinfos.ch\/index.php\/category\/finances-negoce\/"},{"label":"Inflation en Suisse: Le co\u00fbt de la vie a bondi en ao\u00fbt, bien au-del\u00e0 des pr\u00e9visions","link":"https:\/\/geneveinfos.ch\/index.php\/2026\/09\/03\/inflation-en-suisse-le-cout-de-la-vie-a-bondi-en-aout-bien-au-dela-des-previsions\/"}],"_links":{"self":[{"href":"https:\/\/geneveinfos.ch\/index.php\/wp-json\/wp\/v2\/posts\/208985","targetHints":{"allow":["GET"]}}],"collection":[{"href":"https:\/\/geneveinfos.ch\/index.php\/wp-json\/wp\/v2\/posts"}],"about":[{"href":"https:\/\/geneveinfos.ch\/index.php\/wp-json\/wp\/v2\/types\/post"}],"author":[{"embeddable":true,"href":"https:\/\/geneveinfos.ch\/index.php\/wp-json\/wp\/v2\/users\/1"}],"replies":[{"embeddable":true,"href":"https:\/\/geneveinfos.ch\/index.php\/wp-json\/wp\/v2\/comments?post=208985"}],"version-history":[{"count":1,"href":"https:\/\/geneveinfos.ch\/index.php\/wp-json\/wp\/v2\/posts\/208985\/revisions"}],"predecessor-version":[{"id":208987,"href":"https:\/\/geneveinfos.ch\/index.php\/wp-json\/wp\/v2\/posts\/208985\/revisions\/208987"}],"wp:featuredmedia":[{"embeddable":true,"href":"https:\/\/geneveinfos.ch\/index.php\/wp-json\/wp\/v2\/media\/208986"}],"wp:attachment":[{"href":"https:\/\/geneveinfos.ch\/index.php\/wp-json\/wp\/v2\/media?parent=208985"}],"wp:term":[{"taxonomy":"category","embeddable":true,"href":"https:\/\/geneveinfos.ch\/index.php\/wp-json\/wp\/v2\/categories?post=208985"},{"taxonomy":"post_tag","embeddable":true,"href":"https:\/\/geneveinfos.ch\/index.php\/wp-json\/wp\/v2\/tags?post=208985"}],"curies":[{"name":"wp","href":"https:\/\/api.w.org\/{rel}","templated":true}]}}