{"id":209019,"date":"2026-09-03T14:30:16","date_gmt":"2026-09-03T12:30:16","guid":{"rendered":"https:\/\/geneveinfos.ch\/index.php\/2026\/09\/03\/la-suisse-et-la-france-celebrent-a-fribourg-linscription-a-lunesco-de-la-paix-perpetuelle\/"},"modified":"2026-09-03T14:30:16","modified_gmt":"2026-09-03T12:30:16","slug":"la-suisse-et-la-france-celebrent-a-fribourg-linscription-a-lunesco-de-la-paix-perpetuelle","status":"publish","type":"post","link":"https:\/\/geneveinfos.ch\/index.php\/2026\/09\/03\/la-suisse-et-la-france-celebrent-a-fribourg-linscription-a-lunesco-de-la-paix-perpetuelle\/","title":{"rendered":"La Suisse et la France c\u00e9l\u00e8brent \u00e0 Fribourg l&rsquo;inscription \u00e0 l&rsquo;Unesco de la \u00ab\u00a0paix perp\u00e9tuelle\u00a0\u00bb"},"content":{"rendered":"<p>This <a href=\"https:\/\/www.rts.ch\/info\/regions\/fribourg\/2026\/article\/unesco-suisse-et-france-celebrent-la-paix-perpetuelle-29346502.html?rts_source=rss_t\" target=\"_blank\">post<\/a> was originally published on <a href=\"https:\/\/www.rts.ch\/info\/toute-info\/?format=rss\/news\" target=\"_blank\">this site<\/a>.<\/p><div>\n<div><a href=\"https:\/\/www.rts.ch\/info\/regions\/fribourg\/2026\/article\/unesco-suisse-et-france-celebrent-la-paix-perpetuelle-29346502.html?rts_source=rss_t\"><img decoding=\"async\" src=\"https:\/\/img.rts.ch\/info\/suisse\/2026\/image\/d4d987ff-29346504.image?w=320&amp;h=180\"><\/a>La France et la Suisse ont c&eacute;l&eacute;br&eacute; jeudi &agrave; Fribourg l&rsquo;inscription de la \u00ab\u00a0paix perp&eacute;tuelle\u00a0\u00bb de 1516 au registre international \u00ab\u00a0M&eacute;moire du monde\u00a0\u00bb de l&rsquo;Unesco. La c&eacute;r&eacute;monie officielle s&rsquo;est tenue &agrave; l&rsquo;H&ocirc;tel cantonal, en pr&eacute;sence du pr&eacute;sident de la Conf&eacute;d&eacute;ration et de l&rsquo;ambassadrice de France en Suisse.<\/div>\n<\/div>\n","protected":false},"excerpt":{"rendered":"<p>This post was originally published on this site. La France et la Suisse ont c&eacute;l&eacute;br&eacute; jeudi &agrave; Fribourg l&rsquo;inscription de la \u00ab\u00a0paix perp&eacute;tuelle\u00a0\u00bb de 1516 au registre international \u00ab\u00a0M&eacute;moire du monde\u00a0\u00bb de l&rsquo;Unesco. La c&eacute;r&eacute;monie officielle s&rsquo;est tenue &agrave; l&rsquo;H&ocirc;tel cantonal, en pr&eacute;sence du pr&eacute;sident de la Conf&eacute;d&eacute;ration et de l&rsquo;ambassadrice de France en Suisse.<\/p>\n","protected":false},"author":1,"featured_media":0,"comment_status":"open","ping_status":"open","sticky":false,"template":"","format":"standard","meta":{"_monsterinsights_skip_tracking":false,"_uf_show_specific_survey":0,"_uf_disable_surveys":false,"footnotes":""},"categories":[100],"tags":[],"class_list":["post-209019","post","type-post","status-publish","format-standard","hentry","category-tech-innovation"],"aioseo_notices":[],"aioseo_head":"\n\t\t<!-- All in One SEO 5.0.1.1 - aioseo.com -->\n\t<meta name=\"description\" content=\"La France et la Suisse ont c\u00e9l\u00e9br\u00e9 jeudi \u00e0 Fribourg l&#039;inscription de la &quot;paix perp\u00e9tuelle&quot; de 1516 au registre international &quot;M\u00e9moire du monde&quot; de l&#039;Unesco. La c\u00e9r\u00e9monie officielle s&#039;est tenue \u00e0 l&#039;H\u00f4tel cantonal, en pr\u00e9sence du pr\u00e9sident de la Conf\u00e9d\u00e9ration et de l&#039;ambassadrice de France en Suisse.\" \/>\n\t<meta name=\"robots\" content=\"max-image-preview:large\" \/>\n\t<meta name=\"author\" content=\"Morgane RAVOUNA\"\/>\n\t<link rel=\"canonical\" href=\"https:\/\/geneveinfos.ch\/index.php\/2026\/09\/03\/la-suisse-et-la-france-celebrent-a-fribourg-linscription-a-lunesco-de-la-paix-perpetuelle\/\" \/>\n\t<meta name=\"generator\" content=\"All in One SEO (AIOSEO) 5.0.1.1\" \/>\n\t\t<meta property=\"og:locale\" content=\"fr_FR\" \/>\n\t\t<meta property=\"og:site_name\" content=\"Gen\u00e8ve Infos - Le site d&#039;informations de la r\u00e9gion genevoise\" \/>\n\t\t<meta property=\"og:type\" content=\"article\" \/>\n\t\t<meta property=\"og:title\" content=\"La Suisse et la France c\u00e9l\u00e8brent \u00e0 Fribourg l\u2019inscription \u00e0 l\u2019Unesco de la \u00ab paix perp\u00e9tuelle \u00bb - Gen\u00e8ve Infos\" \/>\n\t\t<meta property=\"og:description\" content=\"La France et la Suisse ont c\u00e9l\u00e9br\u00e9 jeudi \u00e0 Fribourg l&#039;inscription de la &quot;paix perp\u00e9tuelle&quot; de 1516 au registre international &quot;M\u00e9moire du monde&quot; de l&#039;Unesco. La c\u00e9r\u00e9monie officielle s&#039;est tenue \u00e0 l&#039;H\u00f4tel cantonal, en pr\u00e9sence du pr\u00e9sident de la Conf\u00e9d\u00e9ration et de l&#039;ambassadrice de France en Suisse.\" \/>\n\t\t<meta property=\"og:url\" content=\"https:\/\/geneveinfos.ch\/index.php\/2026\/09\/03\/la-suisse-et-la-france-celebrent-a-fribourg-linscription-a-lunesco-de-la-paix-perpetuelle\/\" \/>\n\t\t<meta property=\"og:image\" content=\"https:\/\/geneveinfos.ch\/wp-content\/uploads\/2025\/09\/Capture-decran-2025-09-18-a-16.52.08.png\" \/>\n\t\t<meta property=\"og:image:secure_url\" content=\"https:\/\/geneveinfos.ch\/wp-content\/uploads\/2025\/09\/Capture-decran-2025-09-18-a-16.52.08.png\" \/>\n\t\t<meta property=\"og:image:width\" content=\"513\" \/>\n\t\t<meta property=\"og:image:height\" content=\"457\" \/>\n\t\t<meta property=\"article:published_time\" content=\"2026-09-03T12:30:16+00:00\" \/>\n\t\t<meta property=\"article:modified_time\" content=\"2026-09-03T12:30:16+00:00\" \/>\n\t\t<meta property=\"article:publisher\" content=\"https:\/\/www.facebook.com\/profile.php?id=61576016541234\" \/>\n\t\t<meta name=\"twitter:card\" content=\"summary_large_image\" \/>\n\t\t<meta name=\"twitter:title\" content=\"La Suisse et la France c\u00e9l\u00e8brent \u00e0 Fribourg l\u2019inscription \u00e0 l\u2019Unesco de la \u00ab paix perp\u00e9tuelle \u00bb - Gen\u00e8ve Infos\" \/>\n\t\t<meta name=\"twitter:description\" content=\"La France et la Suisse ont c\u00e9l\u00e9br\u00e9 jeudi \u00e0 Fribourg l&#039;inscription de la &quot;paix perp\u00e9tuelle&quot; de 1516 au registre international &quot;M\u00e9moire du monde&quot; de l&#039;Unesco. La c\u00e9r\u00e9monie officielle s&#039;est tenue \u00e0 l&#039;H\u00f4tel cantonal, en pr\u00e9sence du pr\u00e9sident de la Conf\u00e9d\u00e9ration et de l&#039;ambassadrice de France en Suisse.\" \/>\n\t\t<meta name=\"twitter:image\" content=\"https:\/\/geneveinfos.ch\/wp-content\/uploads\/2025\/09\/Capture-decran-2025-09-18-a-16.52.08.png\" \/>\n\t\t<script type=\"application\/ld+json\" class=\"aioseo-schema\">\n\t\t\t{\"@context\":\"https:\\\/\\\/schema.org\",\"@graph\":[{\"@type\":\"BlogPosting\",\"@id\":\"https:\\\/\\\/geneveinfos.ch\\\/index.php\\\/2026\\\/09\\\/03\\\/la-suisse-et-la-france-celebrent-a-fribourg-linscription-a-lunesco-de-la-paix-perpetuelle\\\/#blogposting\",\"name\":\"La Suisse et la France c\\u00e9l\\u00e8brent \\u00e0 Fribourg l\\u2019inscription \\u00e0 l\\u2019Unesco de la \\u00ab paix perp\\u00e9tuelle \\u00bb - Gen\\u00e8ve Infos\",\"headline\":\"La Suisse et la France c\\u00e9l\\u00e8brent \\u00e0 Fribourg l&rsquo;inscription \\u00e0 l&rsquo;Unesco de la \\u00ab\\u00a0paix perp\\u00e9tuelle\\u00a0\\u00bb\",\"author\":{\"@id\":\"https:\\\/\\\/geneveinfos.ch\\\/index.php\\\/author\\\/admin1380\\\/#author\"},\"publisher\":{\"@id\":\"https:\\\/\\\/geneveinfos.ch\\\/#person\"},\"image\":{\"@type\":\"ImageObject\",\"url\":\"https:\\\/\\\/img.rts.ch\\\/info\\\/suisse\\\/2026\\\/image\\\/d4d987ff-29346504.image?w=320&amp;h=180\",\"@id\":\"https:\\\/\\\/geneveinfos.ch\\\/index.php\\\/2026\\\/09\\\/03\\\/la-suisse-et-la-france-celebrent-a-fribourg-linscription-a-lunesco-de-la-paix-perpetuelle\\\/#articleImage\"},\"datePublished\":\"2026-09-03T14:30:16+02:00\",\"dateModified\":\"2026-09-03T14:30:16+02:00\",\"inLanguage\":\"fr-FR\",\"mainEntityOfPage\":{\"@id\":\"https:\\\/\\\/geneveinfos.ch\\\/index.php\\\/2026\\\/09\\\/03\\\/la-suisse-et-la-france-celebrent-a-fribourg-linscription-a-lunesco-de-la-paix-perpetuelle\\\/#webpage\"},\"isPartOf\":{\"@id\":\"https:\\\/\\\/geneveinfos.ch\\\/index.php\\\/2026\\\/09\\\/03\\\/la-suisse-et-la-france-celebrent-a-fribourg-linscription-a-lunesco-de-la-paix-perpetuelle\\\/#webpage\"},\"articleSection\":\"tech-innovation\"},{\"@type\":\"BreadcrumbList\",\"@id\":\"https:\\\/\\\/geneveinfos.ch\\\/index.php\\\/2026\\\/09\\\/03\\\/la-suisse-et-la-france-celebrent-a-fribourg-linscription-a-lunesco-de-la-paix-perpetuelle\\\/#breadcrumblist\",\"itemListElement\":[{\"@type\":\"ListItem\",\"@id\":\"https:\\\/\\\/geneveinfos.ch#listItem\",\"position\":1,\"name\":\"Home\",\"item\":\"https:\\\/\\\/geneveinfos.ch\",\"nextItem\":{\"@type\":\"ListItem\",\"@id\":\"https:\\\/\\\/geneveinfos.ch\\\/index.php\\\/category\\\/tech-innovation\\\/#listItem\",\"name\":\"tech-innovation\"}},{\"@type\":\"ListItem\",\"@id\":\"https:\\\/\\\/geneveinfos.ch\\\/index.php\\\/category\\\/tech-innovation\\\/#listItem\",\"position\":2,\"name\":\"tech-innovation\",\"item\":\"https:\\\/\\\/geneveinfos.ch\\\/index.php\\\/category\\\/tech-innovation\\\/\",\"nextItem\":{\"@type\":\"ListItem\",\"@id\":\"https:\\\/\\\/geneveinfos.ch\\\/index.php\\\/2026\\\/09\\\/03\\\/la-suisse-et-la-france-celebrent-a-fribourg-linscription-a-lunesco-de-la-paix-perpetuelle\\\/#listItem\",\"name\":\"La Suisse et la France c\\u00e9l\\u00e8brent \\u00e0 Fribourg l&rsquo;inscription \\u00e0 l&rsquo;Unesco de la \\u00ab\\u00a0paix perp\\u00e9tuelle\\u00a0\\u00bb\"},\"previousItem\":{\"@type\":\"ListItem\",\"@id\":\"https:\\\/\\\/geneveinfos.ch#listItem\",\"name\":\"Home\"}},{\"@type\":\"ListItem\",\"@id\":\"https:\\\/\\\/geneveinfos.ch\\\/index.php\\\/2026\\\/09\\\/03\\\/la-suisse-et-la-france-celebrent-a-fribourg-linscription-a-lunesco-de-la-paix-perpetuelle\\\/#listItem\",\"position\":3,\"name\":\"La Suisse et la France c\\u00e9l\\u00e8brent \\u00e0 Fribourg l&rsquo;inscription \\u00e0 l&rsquo;Unesco de la \\u00ab\\u00a0paix perp\\u00e9tuelle\\u00a0\\u00bb\",\"previousItem\":{\"@type\":\"ListItem\",\"@id\":\"https:\\\/\\\/geneveinfos.ch\\\/index.php\\\/category\\\/tech-innovation\\\/#listItem\",\"name\":\"tech-innovation\"}}]},{\"@type\":\"Person\",\"@id\":\"https:\\\/\\\/geneveinfos.ch\\\/#person\",\"name\":\"Morgane RAVOUNA\",\"image\":{\"@type\":\"ImageObject\",\"@id\":\"https:\\\/\\\/geneveinfos.ch\\\/index.php\\\/2026\\\/09\\\/03\\\/la-suisse-et-la-france-celebrent-a-fribourg-linscription-a-lunesco-de-la-paix-perpetuelle\\\/#personImage\",\"url\":\"https:\\\/\\\/secure.gravatar.com\\\/avatar\\\/bd1e2e1e7cabf66754a14e2181bc3f67cd3c2b9403841e078411545fc405115b?s=96&d=mm&r=g\",\"width\":96,\"height\":96,\"caption\":\"Morgane RAVOUNA\"}},{\"@type\":\"Person\",\"@id\":\"https:\\\/\\\/geneveinfos.ch\\\/index.php\\\/author\\\/admin1380\\\/#author\",\"url\":\"https:\\\/\\\/geneveinfos.ch\\\/index.php\\\/author\\\/admin1380\\\/\",\"name\":\"Morgane RAVOUNA\",\"image\":{\"@type\":\"ImageObject\",\"@id\":\"https:\\\/\\\/geneveinfos.ch\\\/index.php\\\/2026\\\/09\\\/03\\\/la-suisse-et-la-france-celebrent-a-fribourg-linscription-a-lunesco-de-la-paix-perpetuelle\\\/#authorImage\",\"url\":\"https:\\\/\\\/secure.gravatar.com\\\/avatar\\\/bd1e2e1e7cabf66754a14e2181bc3f67cd3c2b9403841e078411545fc405115b?s=96&d=mm&r=g\",\"width\":96,\"height\":96,\"caption\":\"Morgane RAVOUNA\"}},{\"@type\":\"WebPage\",\"@id\":\"https:\\\/\\\/geneveinfos.ch\\\/index.php\\\/2026\\\/09\\\/03\\\/la-suisse-et-la-france-celebrent-a-fribourg-linscription-a-lunesco-de-la-paix-perpetuelle\\\/#webpage\",\"url\":\"https:\\\/\\\/geneveinfos.ch\\\/index.php\\\/2026\\\/09\\\/03\\\/la-suisse-et-la-france-celebrent-a-fribourg-linscription-a-lunesco-de-la-paix-perpetuelle\\\/\",\"name\":\"La Suisse et la France c\\u00e9l\\u00e8brent \\u00e0 Fribourg l\\u2019inscription \\u00e0 l\\u2019Unesco de la \\u00ab paix perp\\u00e9tuelle \\u00bb - Gen\\u00e8ve Infos\",\"description\":\"La France et la Suisse ont c\\u00e9l\\u00e9br\\u00e9 jeudi \\u00e0 Fribourg l'inscription de la \\\"paix perp\\u00e9tuelle\\\" de 1516 au registre international \\\"M\\u00e9moire du monde\\\" de l'Unesco. La c\\u00e9r\\u00e9monie officielle s'est tenue \\u00e0 l'H\\u00f4tel cantonal, en pr\\u00e9sence du pr\\u00e9sident de la Conf\\u00e9d\\u00e9ration et de l'ambassadrice de France en Suisse.\",\"inLanguage\":\"fr-FR\",\"isPartOf\":{\"@id\":\"https:\\\/\\\/geneveinfos.ch\\\/#website\"},\"breadcrumb\":{\"@id\":\"https:\\\/\\\/geneveinfos.ch\\\/index.php\\\/2026\\\/09\\\/03\\\/la-suisse-et-la-france-celebrent-a-fribourg-linscription-a-lunesco-de-la-paix-perpetuelle\\\/#breadcrumblist\"},\"author\":{\"@id\":\"https:\\\/\\\/geneveinfos.ch\\\/index.php\\\/author\\\/admin1380\\\/#author\"},\"creator\":{\"@id\":\"https:\\\/\\\/geneveinfos.ch\\\/index.php\\\/author\\\/admin1380\\\/#author\"},\"datePublished\":\"2026-09-03T14:30:16+02:00\",\"dateModified\":\"2026-09-03T14:30:16+02:00\"},{\"@type\":\"WebSite\",\"@id\":\"https:\\\/\\\/geneveinfos.ch\\\/#website\",\"url\":\"https:\\\/\\\/geneveinfos.ch\\\/\",\"name\":\"Gen\\u00e8ve Infos\",\"description\":\"Le site d'informations de la r\\u00e9gion genevoise\",\"inLanguage\":\"fr-FR\",\"publisher\":{\"@id\":\"https:\\\/\\\/geneveinfos.ch\\\/#person\"}}]}\n\t\t<\/script>\n\t\t<!-- All in One SEO -->\n\n","aioseo_head_json":{"title":"La Suisse et la France c\u00e9l\u00e8brent \u00e0 Fribourg l\u2019inscription \u00e0 l\u2019Unesco de la \u00ab paix perp\u00e9tuelle \u00bb - Gen\u00e8ve Infos","description":"La France et la Suisse ont c\u00e9l\u00e9br\u00e9 jeudi \u00e0 Fribourg l'inscription de la \"paix perp\u00e9tuelle\" de 1516 au registre international \"M\u00e9moire du monde\" de l'Unesco. La c\u00e9r\u00e9monie officielle s'est tenue \u00e0 l'H\u00f4tel cantonal, en pr\u00e9sence du pr\u00e9sident de la Conf\u00e9d\u00e9ration et de l'ambassadrice de France en Suisse.","canonical_url":"https:\/\/geneveinfos.ch\/index.php\/2026\/09\/03\/la-suisse-et-la-france-celebrent-a-fribourg-linscription-a-lunesco-de-la-paix-perpetuelle\/","robots":"max-image-preview:large","keywords":"","webmasterTools":{"miscellaneous":""},"schema":{"@context":"https:\/\/schema.org","@graph":[{"@type":"BlogPosting","@id":"https:\/\/geneveinfos.ch\/index.php\/2026\/09\/03\/la-suisse-et-la-france-celebrent-a-fribourg-linscription-a-lunesco-de-la-paix-perpetuelle\/#blogposting","name":"La Suisse et la France c\u00e9l\u00e8brent \u00e0 Fribourg l\u2019inscription \u00e0 l\u2019Unesco de la \u00ab paix perp\u00e9tuelle \u00bb - Gen\u00e8ve Infos","headline":"La Suisse et la France c\u00e9l\u00e8brent \u00e0 Fribourg l&rsquo;inscription \u00e0 l&rsquo;Unesco de la \u00ab\u00a0paix perp\u00e9tuelle\u00a0\u00bb","author":{"@id":"https:\/\/geneveinfos.ch\/index.php\/author\/admin1380\/#author"},"publisher":{"@id":"https:\/\/geneveinfos.ch\/#person"},"image":{"@type":"ImageObject","url":"https:\/\/img.rts.ch\/info\/suisse\/2026\/image\/d4d987ff-29346504.image?w=320&amp;h=180","@id":"https:\/\/geneveinfos.ch\/index.php\/2026\/09\/03\/la-suisse-et-la-france-celebrent-a-fribourg-linscription-a-lunesco-de-la-paix-perpetuelle\/#articleImage"},"datePublished":"2026-09-03T14:30:16+02:00","dateModified":"2026-09-03T14:30:16+02:00","inLanguage":"fr-FR","mainEntityOfPage":{"@id":"https:\/\/geneveinfos.ch\/index.php\/2026\/09\/03\/la-suisse-et-la-france-celebrent-a-fribourg-linscription-a-lunesco-de-la-paix-perpetuelle\/#webpage"},"isPartOf":{"@id":"https:\/\/geneveinfos.ch\/index.php\/2026\/09\/03\/la-suisse-et-la-france-celebrent-a-fribourg-linscription-a-lunesco-de-la-paix-perpetuelle\/#webpage"},"articleSection":"tech-innovation"},{"@type":"BreadcrumbList","@id":"https:\/\/geneveinfos.ch\/index.php\/2026\/09\/03\/la-suisse-et-la-france-celebrent-a-fribourg-linscription-a-lunesco-de-la-paix-perpetuelle\/#breadcrumblist","itemListElement":[{"@type":"ListItem","@id":"https:\/\/geneveinfos.ch#listItem","position":1,"name":"Home","item":"https:\/\/geneveinfos.ch","nextItem":{"@type":"ListItem","@id":"https:\/\/geneveinfos.ch\/index.php\/category\/tech-innovation\/#listItem","name":"tech-innovation"}},{"@type":"ListItem","@id":"https:\/\/geneveinfos.ch\/index.php\/category\/tech-innovation\/#listItem","position":2,"name":"tech-innovation","item":"https:\/\/geneveinfos.ch\/index.php\/category\/tech-innovation\/","nextItem":{"@type":"ListItem","@id":"https:\/\/geneveinfos.ch\/index.php\/2026\/09\/03\/la-suisse-et-la-france-celebrent-a-fribourg-linscription-a-lunesco-de-la-paix-perpetuelle\/#listItem","name":"La Suisse et la France c\u00e9l\u00e8brent \u00e0 Fribourg l&rsquo;inscription \u00e0 l&rsquo;Unesco de la \u00ab\u00a0paix perp\u00e9tuelle\u00a0\u00bb"},"previousItem":{"@type":"ListItem","@id":"https:\/\/geneveinfos.ch#listItem","name":"Home"}},{"@type":"ListItem","@id":"https:\/\/geneveinfos.ch\/index.php\/2026\/09\/03\/la-suisse-et-la-france-celebrent-a-fribourg-linscription-a-lunesco-de-la-paix-perpetuelle\/#listItem","position":3,"name":"La Suisse et la France c\u00e9l\u00e8brent \u00e0 Fribourg l&rsquo;inscription \u00e0 l&rsquo;Unesco de la \u00ab\u00a0paix perp\u00e9tuelle\u00a0\u00bb","previousItem":{"@type":"ListItem","@id":"https:\/\/geneveinfos.ch\/index.php\/category\/tech-innovation\/#listItem","name":"tech-innovation"}}]},{"@type":"Person","@id":"https:\/\/geneveinfos.ch\/#person","name":"Morgane RAVOUNA","image":{"@type":"ImageObject","@id":"https:\/\/geneveinfos.ch\/index.php\/2026\/09\/03\/la-suisse-et-la-france-celebrent-a-fribourg-linscription-a-lunesco-de-la-paix-perpetuelle\/#personImage","url":"https:\/\/secure.gravatar.com\/avatar\/bd1e2e1e7cabf66754a14e2181bc3f67cd3c2b9403841e078411545fc405115b?s=96&d=mm&r=g","width":96,"height":96,"caption":"Morgane RAVOUNA"}},{"@type":"Person","@id":"https:\/\/geneveinfos.ch\/index.php\/author\/admin1380\/#author","url":"https:\/\/geneveinfos.ch\/index.php\/author\/admin1380\/","name":"Morgane RAVOUNA","image":{"@type":"ImageObject","@id":"https:\/\/geneveinfos.ch\/index.php\/2026\/09\/03\/la-suisse-et-la-france-celebrent-a-fribourg-linscription-a-lunesco-de-la-paix-perpetuelle\/#authorImage","url":"https:\/\/secure.gravatar.com\/avatar\/bd1e2e1e7cabf66754a14e2181bc3f67cd3c2b9403841e078411545fc405115b?s=96&d=mm&r=g","width":96,"height":96,"caption":"Morgane RAVOUNA"}},{"@type":"WebPage","@id":"https:\/\/geneveinfos.ch\/index.php\/2026\/09\/03\/la-suisse-et-la-france-celebrent-a-fribourg-linscription-a-lunesco-de-la-paix-perpetuelle\/#webpage","url":"https:\/\/geneveinfos.ch\/index.php\/2026\/09\/03\/la-suisse-et-la-france-celebrent-a-fribourg-linscription-a-lunesco-de-la-paix-perpetuelle\/","name":"La Suisse et la France c\u00e9l\u00e8brent \u00e0 Fribourg l\u2019inscription \u00e0 l\u2019Unesco de la \u00ab paix perp\u00e9tuelle \u00bb - Gen\u00e8ve Infos","description":"La France et la Suisse ont c\u00e9l\u00e9br\u00e9 jeudi \u00e0 Fribourg l'inscription de la \"paix perp\u00e9tuelle\" de 1516 au registre international \"M\u00e9moire du monde\" de l'Unesco. La c\u00e9r\u00e9monie officielle s'est tenue \u00e0 l'H\u00f4tel cantonal, en pr\u00e9sence du pr\u00e9sident de la Conf\u00e9d\u00e9ration et de l'ambassadrice de France en Suisse.","inLanguage":"fr-FR","isPartOf":{"@id":"https:\/\/geneveinfos.ch\/#website"},"breadcrumb":{"@id":"https:\/\/geneveinfos.ch\/index.php\/2026\/09\/03\/la-suisse-et-la-france-celebrent-a-fribourg-linscription-a-lunesco-de-la-paix-perpetuelle\/#breadcrumblist"},"author":{"@id":"https:\/\/geneveinfos.ch\/index.php\/author\/admin1380\/#author"},"creator":{"@id":"https:\/\/geneveinfos.ch\/index.php\/author\/admin1380\/#author"},"datePublished":"2026-09-03T14:30:16+02:00","dateModified":"2026-09-03T14:30:16+02:00"},{"@type":"WebSite","@id":"https:\/\/geneveinfos.ch\/#website","url":"https:\/\/geneveinfos.ch\/","name":"Gen\u00e8ve Infos","description":"Le site d'informations de la r\u00e9gion genevoise","inLanguage":"fr-FR","publisher":{"@id":"https:\/\/geneveinfos.ch\/#person"}}]},"og:locale":"fr_FR","og:site_name":"Gen\u00e8ve Infos - Le site d'informations de la r\u00e9gion genevoise","og:type":"article","og:title":"La Suisse et la France c\u00e9l\u00e8brent \u00e0 Fribourg l\u2019inscription \u00e0 l\u2019Unesco de la \u00ab paix perp\u00e9tuelle \u00bb - Gen\u00e8ve Infos","og:description":"La France et la Suisse ont c\u00e9l\u00e9br\u00e9 jeudi \u00e0 Fribourg l'inscription de la &quot;paix perp\u00e9tuelle&quot; de 1516 au registre international &quot;M\u00e9moire du monde&quot; de l'Unesco. La c\u00e9r\u00e9monie officielle s'est tenue \u00e0 l'H\u00f4tel cantonal, en pr\u00e9sence du pr\u00e9sident de la Conf\u00e9d\u00e9ration et de l'ambassadrice de France en Suisse.","og:url":"https:\/\/geneveinfos.ch\/index.php\/2026\/09\/03\/la-suisse-et-la-france-celebrent-a-fribourg-linscription-a-lunesco-de-la-paix-perpetuelle\/","og:image":"https:\/\/geneveinfos.ch\/wp-content\/uploads\/2025\/09\/Capture-decran-2025-09-18-a-16.52.08.png","og:image:secure_url":"https:\/\/geneveinfos.ch\/wp-content\/uploads\/2025\/09\/Capture-decran-2025-09-18-a-16.52.08.png","og:image:width":513,"og:image:height":457,"article:published_time":"2026-09-03T12:30:16+00:00","article:modified_time":"2026-09-03T12:30:16+00:00","article:publisher":"https:\/\/www.facebook.com\/profile.php?id=61576016541234","twitter:card":"summary_large_image","twitter:title":"La Suisse et la France c\u00e9l\u00e8brent \u00e0 Fribourg l\u2019inscription \u00e0 l\u2019Unesco de la \u00ab paix perp\u00e9tuelle \u00bb - Gen\u00e8ve Infos","twitter:description":"La France et la Suisse ont c\u00e9l\u00e9br\u00e9 jeudi \u00e0 Fribourg l'inscription de la &quot;paix perp\u00e9tuelle&quot; de 1516 au registre international &quot;M\u00e9moire du monde&quot; de l'Unesco. La c\u00e9r\u00e9monie officielle s'est tenue \u00e0 l'H\u00f4tel cantonal, en pr\u00e9sence du pr\u00e9sident de la Conf\u00e9d\u00e9ration et de l'ambassadrice de France en Suisse.","twitter:image":"https:\/\/geneveinfos.ch\/wp-content\/uploads\/2025\/09\/Capture-decran-2025-09-18-a-16.52.08.png"},"aioseo_meta_data":{"post_id":"209019","title":null,"description":null,"keywords":null,"keyphrases":null,"primary_term":null,"canonical_url":null,"og_title":null,"og_description":null,"og_object_type":"default","og_image_type":"default","og_image_url":null,"og_image_width":null,"og_image_height":null,"og_image_custom_url":null,"og_image_custom_fields":null,"og_video":null,"og_custom_url":null,"og_article_section":null,"og_article_tags":null,"twitter_use_og":false,"twitter_card":"default","twitter_image_type":"default","twitter_image_url":null,"twitter_image_custom_url":null,"twitter_image_custom_fields":null,"twitter_title":null,"twitter_description":null,"schema":{"blockGraphs":[],"customGraphs":[],"default":{"data":{"Article":[],"Course":[],"Dataset":[],"FAQPage":[],"Movie":[],"Person":[],"Product":[],"ProductReview":[],"Car":[],"Recipe":[],"Service":[],"SoftwareApplication":[],"WebPage":[]},"graphName":"","isEnabled":true},"graphs":[]},"schema_type":"default","schema_type_options":null,"pillar_content":false,"robots_default":true,"robots_noindex":false,"robots_noarchive":false,"robots_nosnippet":false,"robots_nofollow":false,"robots_noimageindex":false,"robots_noodp":false,"robots_notranslate":false,"robots_max_snippet":null,"robots_max_videopreview":null,"robots_max_imagepreview":"large","priority":null,"frequency":null,"local_seo":null,"breadcrumb_settings":null,"limit_modified_date":false,"ai":null,"created":"2026-09-03 14:15:20","updated":"2026-09-03 14:15:20","seo_analyzer_scan_date":null,"focus_keyword":null,"additional_keywords":null,"truseo_locale":null},"aioseo_breadcrumb":"<div class=\"aioseo-breadcrumbs\"><span class=\"aioseo-breadcrumb\">\n\t\t\t<a href=\"https:\/\/geneveinfos.ch\" title=\"Home\">Home<\/a>\n\t\t<\/span><span class=\"aioseo-breadcrumb-separator\">&raquo;<\/span><span class=\"aioseo-breadcrumb\">\n\t\t\t<a href=\"https:\/\/geneveinfos.ch\/index.php\/category\/tech-innovation\/\" title=\"tech-innovation\">tech-innovation<\/a>\n\t\t<\/span><span class=\"aioseo-breadcrumb-separator\">&raquo;<\/span><span class=\"aioseo-breadcrumb\">\n\t\t\tLa Suisse et la France c\u00e9l\u00e8brent \u00e0 Fribourg l\u2019inscription \u00e0 l\u2019Unesco de la \u00ab paix perp\u00e9tuelle \u00bb\n\t\t<\/span><\/div>","aioseo_breadcrumb_json":[{"label":"Home","link":"https:\/\/geneveinfos.ch"},{"label":"tech-innovation","link":"https:\/\/geneveinfos.ch\/index.php\/category\/tech-innovation\/"},{"label":"La Suisse et la France c\u00e9l\u00e8brent \u00e0 Fribourg l&rsquo;inscription \u00e0 l&rsquo;Unesco de la \u00ab\u00a0paix perp\u00e9tuelle\u00a0\u00bb","link":"https:\/\/geneveinfos.ch\/index.php\/2026\/09\/03\/la-suisse-et-la-france-celebrent-a-fribourg-linscription-a-lunesco-de-la-paix-perpetuelle\/"}],"_links":{"self":[{"href":"https:\/\/geneveinfos.ch\/index.php\/wp-json\/wp\/v2\/posts\/209019","targetHints":{"allow":["GET"]}}],"collection":[{"href":"https:\/\/geneveinfos.ch\/index.php\/wp-json\/wp\/v2\/posts"}],"about":[{"href":"https:\/\/geneveinfos.ch\/index.php\/wp-json\/wp\/v2\/types\/post"}],"author":[{"embeddable":true,"href":"https:\/\/geneveinfos.ch\/index.php\/wp-json\/wp\/v2\/users\/1"}],"replies":[{"embeddable":true,"href":"https:\/\/geneveinfos.ch\/index.php\/wp-json\/wp\/v2\/comments?post=209019"}],"version-history":[{"count":0,"href":"https:\/\/geneveinfos.ch\/index.php\/wp-json\/wp\/v2\/posts\/209019\/revisions"}],"wp:attachment":[{"href":"https:\/\/geneveinfos.ch\/index.php\/wp-json\/wp\/v2\/media?parent=209019"}],"wp:term":[{"taxonomy":"category","embeddable":true,"href":"https:\/\/geneveinfos.ch\/index.php\/wp-json\/wp\/v2\/categories?post=209019"},{"taxonomy":"post_tag","embeddable":true,"href":"https:\/\/geneveinfos.ch\/index.php\/wp-json\/wp\/v2\/tags?post=209019"}],"curies":[{"name":"wp","href":"https:\/\/api.w.org\/{rel}","templated":true}]}}