{"id":209129,"date":"2026-09-03T18:02:27","date_gmt":"2026-09-03T16:02:27","guid":{"rendered":"https:\/\/geneveinfos.ch\/index.php\/2026\/09\/03\/une-serie-de-dons-sur-un-compte-de-soutien-destine-a-valerie-dittli-interroge\/"},"modified":"2026-09-03T18:02:27","modified_gmt":"2026-09-03T16:02:27","slug":"une-serie-de-dons-sur-un-compte-de-soutien-destine-a-valerie-dittli-interroge","status":"publish","type":"post","link":"https:\/\/geneveinfos.ch\/index.php\/2026\/09\/03\/une-serie-de-dons-sur-un-compte-de-soutien-destine-a-valerie-dittli-interroge\/","title":{"rendered":"Une s\u00e9rie de dons sur un compte de soutien destin\u00e9 \u00e0 Val\u00e9rie Dittli interroge\u00a0"},"content":{"rendered":"<p>This <a href=\"https:\/\/www.rts.ch\/info\/regions\/vaud\/2026\/article\/valerie-dittli-controverse-autour-de-20-000-francs-de-dons-29346225.html?rts_source=rss_t\" target=\"_blank\">post<\/a> was originally published on <a href=\"https:\/\/www.rts.ch\/info\/toute-info\/?format=rss\/news\" target=\"_blank\">this site<\/a>.<\/p><div>\n<div><a href=\"https:\/\/www.rts.ch\/info\/regions\/vaud\/2026\/article\/valerie-dittli-controverse-autour-de-20-000-francs-de-dons-29346225.html?rts_source=rss_t\"><img decoding=\"async\" src=\"https:\/\/img.rts.ch\/articles\/2026\/image\/d406bd9b-29346234.image?w=320&amp;h=180\"><\/a>Un don de 20&rsquo;000 francs a &eacute;t&eacute; vers&eacute; par un riche propri&eacute;taire viticole sur un compte du Centre Lavaux &ndash; Oron pour soutenir l&rsquo;activit&eacute; politique de la conseill&egrave;re d&rsquo;Etat Val&eacute;rie Dittli. Une somme vers&eacute;e un jour seulement apr&egrave;s l&rsquo;annonce d&rsquo;un plan d&rsquo;aide de 17 millions de francs pour la viticulture vaudoise. Un calendrier qui soul&egrave;ve des interrogations.&nbsp;<\/div>\n<\/div>\n","protected":false},"excerpt":{"rendered":"<p>This post was originally published on this site. Un don de 20&rsquo;000 francs a &eacute;t&eacute; vers&eacute; par un riche propri&eacute;taire viticole sur un compte du Centre Lavaux &ndash; Oron pour soutenir l&rsquo;activit&eacute; politique de la conseill&egrave;re d&rsquo;Etat Val&eacute;rie Dittli. Une somme vers&eacute;e un jour seulement apr&egrave;s l&rsquo;annonce d&rsquo;un plan d&rsquo;aide de 17 millions de francs [&hellip;]<\/p>\n","protected":false},"author":1,"featured_media":0,"comment_status":"open","ping_status":"open","sticky":false,"template":"","format":"standard","meta":{"_monsterinsights_skip_tracking":false,"_uf_show_specific_survey":0,"_uf_disable_surveys":false,"footnotes":""},"categories":[100],"tags":[],"class_list":["post-209129","post","type-post","status-publish","format-standard","hentry","category-tech-innovation"],"aioseo_notices":[],"aioseo_head":"\n\t\t<!-- All in One SEO 5.0.1.1 - aioseo.com -->\n\t<meta name=\"description\" content=\"Un don de 20&#039;000 francs a \u00e9t\u00e9 vers\u00e9 par un riche propri\u00e9taire viticole sur un compte du Centre Lavaux \u2013 Oron pour soutenir l&#039;activit\u00e9 politique de la conseill\u00e8re d&#039;Etat Val\u00e9rie Dittli. Une somme vers\u00e9e un jour seulement apr\u00e8s l&#039;annonce d&#039;un plan d&#039;aide de 17 millions de francs pour la viticulture vaudoise. Un calendrier qui soul\u00e8ve\" \/>\n\t<meta name=\"robots\" content=\"max-image-preview:large\" \/>\n\t<meta name=\"author\" content=\"Morgane RAVOUNA\"\/>\n\t<link rel=\"canonical\" href=\"https:\/\/geneveinfos.ch\/index.php\/2026\/09\/03\/une-serie-de-dons-sur-un-compte-de-soutien-destine-a-valerie-dittli-interroge\/\" \/>\n\t<meta name=\"generator\" content=\"All in One SEO (AIOSEO) 5.0.1.1\" \/>\n\t\t<meta property=\"og:locale\" content=\"fr_FR\" \/>\n\t\t<meta property=\"og:site_name\" content=\"Gen\u00e8ve Infos - Le site d&#039;informations de la r\u00e9gion genevoise\" \/>\n\t\t<meta property=\"og:type\" content=\"article\" \/>\n\t\t<meta property=\"og:title\" content=\"Une s\u00e9rie de dons sur un compte de soutien destin\u00e9 \u00e0 Val\u00e9rie Dittli interroge - Gen\u00e8ve Infos\" \/>\n\t\t<meta property=\"og:description\" content=\"Un don de 20&#039;000 francs a \u00e9t\u00e9 vers\u00e9 par un riche propri\u00e9taire viticole sur un compte du Centre Lavaux \u2013 Oron pour soutenir l&#039;activit\u00e9 politique de la conseill\u00e8re d&#039;Etat Val\u00e9rie Dittli. Une somme vers\u00e9e un jour seulement apr\u00e8s l&#039;annonce d&#039;un plan d&#039;aide de 17 millions de francs pour la viticulture vaudoise. Un calendrier qui soul\u00e8ve\" \/>\n\t\t<meta property=\"og:url\" content=\"https:\/\/geneveinfos.ch\/index.php\/2026\/09\/03\/une-serie-de-dons-sur-un-compte-de-soutien-destine-a-valerie-dittli-interroge\/\" \/>\n\t\t<meta property=\"og:image\" content=\"https:\/\/geneveinfos.ch\/wp-content\/uploads\/2025\/09\/Capture-decran-2025-09-18-a-16.52.08.png\" \/>\n\t\t<meta property=\"og:image:secure_url\" content=\"https:\/\/geneveinfos.ch\/wp-content\/uploads\/2025\/09\/Capture-decran-2025-09-18-a-16.52.08.png\" \/>\n\t\t<meta property=\"og:image:width\" content=\"513\" \/>\n\t\t<meta property=\"og:image:height\" content=\"457\" \/>\n\t\t<meta property=\"article:published_time\" content=\"2026-09-03T16:02:27+00:00\" \/>\n\t\t<meta property=\"article:modified_time\" content=\"2026-09-03T16:02:27+00:00\" \/>\n\t\t<meta property=\"article:publisher\" content=\"https:\/\/www.facebook.com\/profile.php?id=61576016541234\" \/>\n\t\t<meta name=\"twitter:card\" content=\"summary_large_image\" \/>\n\t\t<meta name=\"twitter:title\" content=\"Une s\u00e9rie de dons sur un compte de soutien destin\u00e9 \u00e0 Val\u00e9rie Dittli interroge - Gen\u00e8ve Infos\" \/>\n\t\t<meta name=\"twitter:description\" content=\"Un don de 20&#039;000 francs a \u00e9t\u00e9 vers\u00e9 par un riche propri\u00e9taire viticole sur un compte du Centre Lavaux \u2013 Oron pour soutenir l&#039;activit\u00e9 politique de la conseill\u00e8re d&#039;Etat Val\u00e9rie Dittli. Une somme vers\u00e9e un jour seulement apr\u00e8s l&#039;annonce d&#039;un plan d&#039;aide de 17 millions de francs pour la viticulture vaudoise. Un calendrier qui soul\u00e8ve\" \/>\n\t\t<meta name=\"twitter:image\" content=\"https:\/\/geneveinfos.ch\/wp-content\/uploads\/2025\/09\/Capture-decran-2025-09-18-a-16.52.08.png\" \/>\n\t\t<script type=\"application\/ld+json\" class=\"aioseo-schema\">\n\t\t\t{\"@context\":\"https:\\\/\\\/schema.org\",\"@graph\":[{\"@type\":\"BlogPosting\",\"@id\":\"https:\\\/\\\/geneveinfos.ch\\\/index.php\\\/2026\\\/09\\\/03\\\/une-serie-de-dons-sur-un-compte-de-soutien-destine-a-valerie-dittli-interroge\\\/#blogposting\",\"name\":\"Une s\\u00e9rie de dons sur un compte de soutien destin\\u00e9 \\u00e0 Val\\u00e9rie Dittli interroge - Gen\\u00e8ve Infos\",\"headline\":\"Une s\\u00e9rie de dons sur un compte de soutien destin\\u00e9 \\u00e0 Val\\u00e9rie Dittli interroge\\u00a0\",\"author\":{\"@id\":\"https:\\\/\\\/geneveinfos.ch\\\/index.php\\\/author\\\/admin1380\\\/#author\"},\"publisher\":{\"@id\":\"https:\\\/\\\/geneveinfos.ch\\\/#person\"},\"image\":{\"@type\":\"ImageObject\",\"url\":\"https:\\\/\\\/img.rts.ch\\\/articles\\\/2026\\\/image\\\/d406bd9b-29346234.image?w=320&amp;h=180\",\"@id\":\"https:\\\/\\\/geneveinfos.ch\\\/index.php\\\/2026\\\/09\\\/03\\\/une-serie-de-dons-sur-un-compte-de-soutien-destine-a-valerie-dittli-interroge\\\/#articleImage\"},\"datePublished\":\"2026-09-03T18:02:27+02:00\",\"dateModified\":\"2026-09-03T18:02:27+02:00\",\"inLanguage\":\"fr-FR\",\"mainEntityOfPage\":{\"@id\":\"https:\\\/\\\/geneveinfos.ch\\\/index.php\\\/2026\\\/09\\\/03\\\/une-serie-de-dons-sur-un-compte-de-soutien-destine-a-valerie-dittli-interroge\\\/#webpage\"},\"isPartOf\":{\"@id\":\"https:\\\/\\\/geneveinfos.ch\\\/index.php\\\/2026\\\/09\\\/03\\\/une-serie-de-dons-sur-un-compte-de-soutien-destine-a-valerie-dittli-interroge\\\/#webpage\"},\"articleSection\":\"tech-innovation\"},{\"@type\":\"BreadcrumbList\",\"@id\":\"https:\\\/\\\/geneveinfos.ch\\\/index.php\\\/2026\\\/09\\\/03\\\/une-serie-de-dons-sur-un-compte-de-soutien-destine-a-valerie-dittli-interroge\\\/#breadcrumblist\",\"itemListElement\":[{\"@type\":\"ListItem\",\"@id\":\"https:\\\/\\\/geneveinfos.ch#listItem\",\"position\":1,\"name\":\"Home\",\"item\":\"https:\\\/\\\/geneveinfos.ch\",\"nextItem\":{\"@type\":\"ListItem\",\"@id\":\"https:\\\/\\\/geneveinfos.ch\\\/index.php\\\/category\\\/tech-innovation\\\/#listItem\",\"name\":\"tech-innovation\"}},{\"@type\":\"ListItem\",\"@id\":\"https:\\\/\\\/geneveinfos.ch\\\/index.php\\\/category\\\/tech-innovation\\\/#listItem\",\"position\":2,\"name\":\"tech-innovation\",\"item\":\"https:\\\/\\\/geneveinfos.ch\\\/index.php\\\/category\\\/tech-innovation\\\/\",\"nextItem\":{\"@type\":\"ListItem\",\"@id\":\"https:\\\/\\\/geneveinfos.ch\\\/index.php\\\/2026\\\/09\\\/03\\\/une-serie-de-dons-sur-un-compte-de-soutien-destine-a-valerie-dittli-interroge\\\/#listItem\",\"name\":\"Une s\\u00e9rie de dons sur un compte de soutien destin\\u00e9 \\u00e0 Val\\u00e9rie Dittli interroge\\u00a0\"},\"previousItem\":{\"@type\":\"ListItem\",\"@id\":\"https:\\\/\\\/geneveinfos.ch#listItem\",\"name\":\"Home\"}},{\"@type\":\"ListItem\",\"@id\":\"https:\\\/\\\/geneveinfos.ch\\\/index.php\\\/2026\\\/09\\\/03\\\/une-serie-de-dons-sur-un-compte-de-soutien-destine-a-valerie-dittli-interroge\\\/#listItem\",\"position\":3,\"name\":\"Une s\\u00e9rie de dons sur un compte de soutien destin\\u00e9 \\u00e0 Val\\u00e9rie Dittli interroge\\u00a0\",\"previousItem\":{\"@type\":\"ListItem\",\"@id\":\"https:\\\/\\\/geneveinfos.ch\\\/index.php\\\/category\\\/tech-innovation\\\/#listItem\",\"name\":\"tech-innovation\"}}]},{\"@type\":\"Person\",\"@id\":\"https:\\\/\\\/geneveinfos.ch\\\/#person\",\"name\":\"Morgane RAVOUNA\",\"image\":{\"@type\":\"ImageObject\",\"@id\":\"https:\\\/\\\/geneveinfos.ch\\\/index.php\\\/2026\\\/09\\\/03\\\/une-serie-de-dons-sur-un-compte-de-soutien-destine-a-valerie-dittli-interroge\\\/#personImage\",\"url\":\"https:\\\/\\\/secure.gravatar.com\\\/avatar\\\/bd1e2e1e7cabf66754a14e2181bc3f67cd3c2b9403841e078411545fc405115b?s=96&d=mm&r=g\",\"width\":96,\"height\":96,\"caption\":\"Morgane RAVOUNA\"}},{\"@type\":\"Person\",\"@id\":\"https:\\\/\\\/geneveinfos.ch\\\/index.php\\\/author\\\/admin1380\\\/#author\",\"url\":\"https:\\\/\\\/geneveinfos.ch\\\/index.php\\\/author\\\/admin1380\\\/\",\"name\":\"Morgane RAVOUNA\",\"image\":{\"@type\":\"ImageObject\",\"@id\":\"https:\\\/\\\/geneveinfos.ch\\\/index.php\\\/2026\\\/09\\\/03\\\/une-serie-de-dons-sur-un-compte-de-soutien-destine-a-valerie-dittli-interroge\\\/#authorImage\",\"url\":\"https:\\\/\\\/secure.gravatar.com\\\/avatar\\\/bd1e2e1e7cabf66754a14e2181bc3f67cd3c2b9403841e078411545fc405115b?s=96&d=mm&r=g\",\"width\":96,\"height\":96,\"caption\":\"Morgane RAVOUNA\"}},{\"@type\":\"WebPage\",\"@id\":\"https:\\\/\\\/geneveinfos.ch\\\/index.php\\\/2026\\\/09\\\/03\\\/une-serie-de-dons-sur-un-compte-de-soutien-destine-a-valerie-dittli-interroge\\\/#webpage\",\"url\":\"https:\\\/\\\/geneveinfos.ch\\\/index.php\\\/2026\\\/09\\\/03\\\/une-serie-de-dons-sur-un-compte-de-soutien-destine-a-valerie-dittli-interroge\\\/\",\"name\":\"Une s\\u00e9rie de dons sur un compte de soutien destin\\u00e9 \\u00e0 Val\\u00e9rie Dittli interroge - Gen\\u00e8ve Infos\",\"description\":\"Un don de 20'000 francs a \\u00e9t\\u00e9 vers\\u00e9 par un riche propri\\u00e9taire viticole sur un compte du Centre Lavaux \\u2013 Oron pour soutenir l'activit\\u00e9 politique de la conseill\\u00e8re d'Etat Val\\u00e9rie Dittli. Une somme vers\\u00e9e un jour seulement apr\\u00e8s l'annonce d'un plan d'aide de 17 millions de francs pour la viticulture vaudoise. Un calendrier qui soul\\u00e8ve\",\"inLanguage\":\"fr-FR\",\"isPartOf\":{\"@id\":\"https:\\\/\\\/geneveinfos.ch\\\/#website\"},\"breadcrumb\":{\"@id\":\"https:\\\/\\\/geneveinfos.ch\\\/index.php\\\/2026\\\/09\\\/03\\\/une-serie-de-dons-sur-un-compte-de-soutien-destine-a-valerie-dittli-interroge\\\/#breadcrumblist\"},\"author\":{\"@id\":\"https:\\\/\\\/geneveinfos.ch\\\/index.php\\\/author\\\/admin1380\\\/#author\"},\"creator\":{\"@id\":\"https:\\\/\\\/geneveinfos.ch\\\/index.php\\\/author\\\/admin1380\\\/#author\"},\"datePublished\":\"2026-09-03T18:02:27+02:00\",\"dateModified\":\"2026-09-03T18:02:27+02:00\"},{\"@type\":\"WebSite\",\"@id\":\"https:\\\/\\\/geneveinfos.ch\\\/#website\",\"url\":\"https:\\\/\\\/geneveinfos.ch\\\/\",\"name\":\"Gen\\u00e8ve Infos\",\"description\":\"Le site d'informations de la r\\u00e9gion genevoise\",\"inLanguage\":\"fr-FR\",\"publisher\":{\"@id\":\"https:\\\/\\\/geneveinfos.ch\\\/#person\"}}]}\n\t\t<\/script>\n\t\t<!-- All in One SEO -->\n\n","aioseo_head_json":{"title":"Une s\u00e9rie de dons sur un compte de soutien destin\u00e9 \u00e0 Val\u00e9rie Dittli interroge - Gen\u00e8ve Infos","description":"Un don de 20'000 francs a \u00e9t\u00e9 vers\u00e9 par un riche propri\u00e9taire viticole sur un compte du Centre Lavaux \u2013 Oron pour soutenir l'activit\u00e9 politique de la conseill\u00e8re d'Etat Val\u00e9rie Dittli. Une somme vers\u00e9e un jour seulement apr\u00e8s l'annonce d'un plan d'aide de 17 millions de francs pour la viticulture vaudoise. Un calendrier qui soul\u00e8ve","canonical_url":"https:\/\/geneveinfos.ch\/index.php\/2026\/09\/03\/une-serie-de-dons-sur-un-compte-de-soutien-destine-a-valerie-dittli-interroge\/","robots":"max-image-preview:large","keywords":"","webmasterTools":{"miscellaneous":""},"schema":{"@context":"https:\/\/schema.org","@graph":[{"@type":"BlogPosting","@id":"https:\/\/geneveinfos.ch\/index.php\/2026\/09\/03\/une-serie-de-dons-sur-un-compte-de-soutien-destine-a-valerie-dittli-interroge\/#blogposting","name":"Une s\u00e9rie de dons sur un compte de soutien destin\u00e9 \u00e0 Val\u00e9rie Dittli interroge - Gen\u00e8ve Infos","headline":"Une s\u00e9rie de dons sur un compte de soutien destin\u00e9 \u00e0 Val\u00e9rie Dittli interroge\u00a0","author":{"@id":"https:\/\/geneveinfos.ch\/index.php\/author\/admin1380\/#author"},"publisher":{"@id":"https:\/\/geneveinfos.ch\/#person"},"image":{"@type":"ImageObject","url":"https:\/\/img.rts.ch\/articles\/2026\/image\/d406bd9b-29346234.image?w=320&amp;h=180","@id":"https:\/\/geneveinfos.ch\/index.php\/2026\/09\/03\/une-serie-de-dons-sur-un-compte-de-soutien-destine-a-valerie-dittli-interroge\/#articleImage"},"datePublished":"2026-09-03T18:02:27+02:00","dateModified":"2026-09-03T18:02:27+02:00","inLanguage":"fr-FR","mainEntityOfPage":{"@id":"https:\/\/geneveinfos.ch\/index.php\/2026\/09\/03\/une-serie-de-dons-sur-un-compte-de-soutien-destine-a-valerie-dittli-interroge\/#webpage"},"isPartOf":{"@id":"https:\/\/geneveinfos.ch\/index.php\/2026\/09\/03\/une-serie-de-dons-sur-un-compte-de-soutien-destine-a-valerie-dittli-interroge\/#webpage"},"articleSection":"tech-innovation"},{"@type":"BreadcrumbList","@id":"https:\/\/geneveinfos.ch\/index.php\/2026\/09\/03\/une-serie-de-dons-sur-un-compte-de-soutien-destine-a-valerie-dittli-interroge\/#breadcrumblist","itemListElement":[{"@type":"ListItem","@id":"https:\/\/geneveinfos.ch#listItem","position":1,"name":"Home","item":"https:\/\/geneveinfos.ch","nextItem":{"@type":"ListItem","@id":"https:\/\/geneveinfos.ch\/index.php\/category\/tech-innovation\/#listItem","name":"tech-innovation"}},{"@type":"ListItem","@id":"https:\/\/geneveinfos.ch\/index.php\/category\/tech-innovation\/#listItem","position":2,"name":"tech-innovation","item":"https:\/\/geneveinfos.ch\/index.php\/category\/tech-innovation\/","nextItem":{"@type":"ListItem","@id":"https:\/\/geneveinfos.ch\/index.php\/2026\/09\/03\/une-serie-de-dons-sur-un-compte-de-soutien-destine-a-valerie-dittli-interroge\/#listItem","name":"Une s\u00e9rie de dons sur un compte de soutien destin\u00e9 \u00e0 Val\u00e9rie Dittli interroge\u00a0"},"previousItem":{"@type":"ListItem","@id":"https:\/\/geneveinfos.ch#listItem","name":"Home"}},{"@type":"ListItem","@id":"https:\/\/geneveinfos.ch\/index.php\/2026\/09\/03\/une-serie-de-dons-sur-un-compte-de-soutien-destine-a-valerie-dittli-interroge\/#listItem","position":3,"name":"Une s\u00e9rie de dons sur un compte de soutien destin\u00e9 \u00e0 Val\u00e9rie Dittli interroge\u00a0","previousItem":{"@type":"ListItem","@id":"https:\/\/geneveinfos.ch\/index.php\/category\/tech-innovation\/#listItem","name":"tech-innovation"}}]},{"@type":"Person","@id":"https:\/\/geneveinfos.ch\/#person","name":"Morgane RAVOUNA","image":{"@type":"ImageObject","@id":"https:\/\/geneveinfos.ch\/index.php\/2026\/09\/03\/une-serie-de-dons-sur-un-compte-de-soutien-destine-a-valerie-dittli-interroge\/#personImage","url":"https:\/\/secure.gravatar.com\/avatar\/bd1e2e1e7cabf66754a14e2181bc3f67cd3c2b9403841e078411545fc405115b?s=96&d=mm&r=g","width":96,"height":96,"caption":"Morgane RAVOUNA"}},{"@type":"Person","@id":"https:\/\/geneveinfos.ch\/index.php\/author\/admin1380\/#author","url":"https:\/\/geneveinfos.ch\/index.php\/author\/admin1380\/","name":"Morgane RAVOUNA","image":{"@type":"ImageObject","@id":"https:\/\/geneveinfos.ch\/index.php\/2026\/09\/03\/une-serie-de-dons-sur-un-compte-de-soutien-destine-a-valerie-dittli-interroge\/#authorImage","url":"https:\/\/secure.gravatar.com\/avatar\/bd1e2e1e7cabf66754a14e2181bc3f67cd3c2b9403841e078411545fc405115b?s=96&d=mm&r=g","width":96,"height":96,"caption":"Morgane RAVOUNA"}},{"@type":"WebPage","@id":"https:\/\/geneveinfos.ch\/index.php\/2026\/09\/03\/une-serie-de-dons-sur-un-compte-de-soutien-destine-a-valerie-dittli-interroge\/#webpage","url":"https:\/\/geneveinfos.ch\/index.php\/2026\/09\/03\/une-serie-de-dons-sur-un-compte-de-soutien-destine-a-valerie-dittli-interroge\/","name":"Une s\u00e9rie de dons sur un compte de soutien destin\u00e9 \u00e0 Val\u00e9rie Dittli interroge - Gen\u00e8ve Infos","description":"Un don de 20'000 francs a \u00e9t\u00e9 vers\u00e9 par un riche propri\u00e9taire viticole sur un compte du Centre Lavaux \u2013 Oron pour soutenir l'activit\u00e9 politique de la conseill\u00e8re d'Etat Val\u00e9rie Dittli. Une somme vers\u00e9e un jour seulement apr\u00e8s l'annonce d'un plan d'aide de 17 millions de francs pour la viticulture vaudoise. Un calendrier qui soul\u00e8ve","inLanguage":"fr-FR","isPartOf":{"@id":"https:\/\/geneveinfos.ch\/#website"},"breadcrumb":{"@id":"https:\/\/geneveinfos.ch\/index.php\/2026\/09\/03\/une-serie-de-dons-sur-un-compte-de-soutien-destine-a-valerie-dittli-interroge\/#breadcrumblist"},"author":{"@id":"https:\/\/geneveinfos.ch\/index.php\/author\/admin1380\/#author"},"creator":{"@id":"https:\/\/geneveinfos.ch\/index.php\/author\/admin1380\/#author"},"datePublished":"2026-09-03T18:02:27+02:00","dateModified":"2026-09-03T18:02:27+02:00"},{"@type":"WebSite","@id":"https:\/\/geneveinfos.ch\/#website","url":"https:\/\/geneveinfos.ch\/","name":"Gen\u00e8ve Infos","description":"Le site d'informations de la r\u00e9gion genevoise","inLanguage":"fr-FR","publisher":{"@id":"https:\/\/geneveinfos.ch\/#person"}}]},"og:locale":"fr_FR","og:site_name":"Gen\u00e8ve Infos - Le site d'informations de la r\u00e9gion genevoise","og:type":"article","og:title":"Une s\u00e9rie de dons sur un compte de soutien destin\u00e9 \u00e0 Val\u00e9rie Dittli interroge - Gen\u00e8ve Infos","og:description":"Un don de 20'000 francs a \u00e9t\u00e9 vers\u00e9 par un riche propri\u00e9taire viticole sur un compte du Centre Lavaux \u2013 Oron pour soutenir l'activit\u00e9 politique de la conseill\u00e8re d'Etat Val\u00e9rie Dittli. Une somme vers\u00e9e un jour seulement apr\u00e8s l'annonce d'un plan d'aide de 17 millions de francs pour la viticulture vaudoise. Un calendrier qui soul\u00e8ve","og:url":"https:\/\/geneveinfos.ch\/index.php\/2026\/09\/03\/une-serie-de-dons-sur-un-compte-de-soutien-destine-a-valerie-dittli-interroge\/","og:image":"https:\/\/geneveinfos.ch\/wp-content\/uploads\/2025\/09\/Capture-decran-2025-09-18-a-16.52.08.png","og:image:secure_url":"https:\/\/geneveinfos.ch\/wp-content\/uploads\/2025\/09\/Capture-decran-2025-09-18-a-16.52.08.png","og:image:width":513,"og:image:height":457,"article:published_time":"2026-09-03T16:02:27+00:00","article:modified_time":"2026-09-03T16:02:27+00:00","article:publisher":"https:\/\/www.facebook.com\/profile.php?id=61576016541234","twitter:card":"summary_large_image","twitter:title":"Une s\u00e9rie de dons sur un compte de soutien destin\u00e9 \u00e0 Val\u00e9rie Dittli interroge - Gen\u00e8ve Infos","twitter:description":"Un don de 20'000 francs a \u00e9t\u00e9 vers\u00e9 par un riche propri\u00e9taire viticole sur un compte du Centre Lavaux \u2013 Oron pour soutenir l'activit\u00e9 politique de la conseill\u00e8re d'Etat Val\u00e9rie Dittli. Une somme vers\u00e9e un jour seulement apr\u00e8s l'annonce d'un plan d'aide de 17 millions de francs pour la viticulture vaudoise. Un calendrier qui soul\u00e8ve","twitter:image":"https:\/\/geneveinfos.ch\/wp-content\/uploads\/2025\/09\/Capture-decran-2025-09-18-a-16.52.08.png"},"aioseo_meta_data":{"post_id":"209129","title":null,"description":null,"keywords":null,"keyphrases":null,"primary_term":null,"canonical_url":null,"og_title":null,"og_description":null,"og_object_type":"default","og_image_type":"default","og_image_url":null,"og_image_width":null,"og_image_height":null,"og_image_custom_url":null,"og_image_custom_fields":null,"og_video":null,"og_custom_url":null,"og_article_section":null,"og_article_tags":null,"twitter_use_og":false,"twitter_card":"default","twitter_image_type":"default","twitter_image_url":null,"twitter_image_custom_url":null,"twitter_image_custom_fields":null,"twitter_title":null,"twitter_description":null,"schema":{"blockGraphs":[],"customGraphs":[],"default":{"data":{"Article":[],"Course":[],"Dataset":[],"FAQPage":[],"Movie":[],"Person":[],"Product":[],"ProductReview":[],"Car":[],"Recipe":[],"Service":[],"SoftwareApplication":[],"WebPage":[]},"graphName":"","isEnabled":true},"graphs":[]},"schema_type":"default","schema_type_options":null,"pillar_content":false,"robots_default":true,"robots_noindex":false,"robots_noarchive":false,"robots_nosnippet":false,"robots_nofollow":false,"robots_noimageindex":false,"robots_noodp":false,"robots_notranslate":false,"robots_max_snippet":null,"robots_max_videopreview":null,"robots_max_imagepreview":"large","priority":null,"frequency":null,"local_seo":null,"breadcrumb_settings":null,"limit_modified_date":false,"ai":null,"created":"2026-09-03 16:13:55","updated":"2026-09-03 16:13:55","seo_analyzer_scan_date":null,"focus_keyword":null,"additional_keywords":null,"truseo_locale":null},"aioseo_breadcrumb":"<div class=\"aioseo-breadcrumbs\"><span class=\"aioseo-breadcrumb\">\n\t\t\t<a href=\"https:\/\/geneveinfos.ch\" title=\"Home\">Home<\/a>\n\t\t<\/span><span class=\"aioseo-breadcrumb-separator\">&raquo;<\/span><span class=\"aioseo-breadcrumb\">\n\t\t\t<a href=\"https:\/\/geneveinfos.ch\/index.php\/category\/tech-innovation\/\" title=\"tech-innovation\">tech-innovation<\/a>\n\t\t<\/span><span class=\"aioseo-breadcrumb-separator\">&raquo;<\/span><span class=\"aioseo-breadcrumb\">\n\t\t\tUne s\u00e9rie de dons sur un compte de soutien destin\u00e9 \u00e0 Val\u00e9rie Dittli interroge \n\t\t<\/span><\/div>","aioseo_breadcrumb_json":[{"label":"Home","link":"https:\/\/geneveinfos.ch"},{"label":"tech-innovation","link":"https:\/\/geneveinfos.ch\/index.php\/category\/tech-innovation\/"},{"label":"Une s\u00e9rie de dons sur un compte de soutien destin\u00e9 \u00e0 Val\u00e9rie Dittli interroge\u00a0","link":"https:\/\/geneveinfos.ch\/index.php\/2026\/09\/03\/une-serie-de-dons-sur-un-compte-de-soutien-destine-a-valerie-dittli-interroge\/"}],"_links":{"self":[{"href":"https:\/\/geneveinfos.ch\/index.php\/wp-json\/wp\/v2\/posts\/209129","targetHints":{"allow":["GET"]}}],"collection":[{"href":"https:\/\/geneveinfos.ch\/index.php\/wp-json\/wp\/v2\/posts"}],"about":[{"href":"https:\/\/geneveinfos.ch\/index.php\/wp-json\/wp\/v2\/types\/post"}],"author":[{"embeddable":true,"href":"https:\/\/geneveinfos.ch\/index.php\/wp-json\/wp\/v2\/users\/1"}],"replies":[{"embeddable":true,"href":"https:\/\/geneveinfos.ch\/index.php\/wp-json\/wp\/v2\/comments?post=209129"}],"version-history":[{"count":0,"href":"https:\/\/geneveinfos.ch\/index.php\/wp-json\/wp\/v2\/posts\/209129\/revisions"}],"wp:attachment":[{"href":"https:\/\/geneveinfos.ch\/index.php\/wp-json\/wp\/v2\/media?parent=209129"}],"wp:term":[{"taxonomy":"category","embeddable":true,"href":"https:\/\/geneveinfos.ch\/index.php\/wp-json\/wp\/v2\/categories?post=209129"},{"taxonomy":"post_tag","embeddable":true,"href":"https:\/\/geneveinfos.ch\/index.php\/wp-json\/wp\/v2\/tags?post=209129"}],"curies":[{"name":"wp","href":"https:\/\/api.w.org\/{rel}","templated":true}]}}