{"id":209130,"date":"2026-09-03T17:47:30","date_gmt":"2026-09-03T15:47:30","guid":{"rendered":"https:\/\/geneveinfos.ch\/index.php\/2026\/09\/03\/je-gere-la-campagne-fribourgeoise-pour-aider-les-jeunes\/"},"modified":"2026-09-03T17:47:30","modified_gmt":"2026-09-03T15:47:30","slug":"je-gere-la-campagne-fribourgeoise-pour-aider-les-jeunes","status":"publish","type":"post","link":"https:\/\/geneveinfos.ch\/index.php\/2026\/09\/03\/je-gere-la-campagne-fribourgeoise-pour-aider-les-jeunes\/","title":{"rendered":"\u00ab\u00a0Je g\u00e8re!\u00a0\u00bb, la campagne fribourgeoise pour aider les jeunes"},"content":{"rendered":"<p>This <a href=\"https:\/\/www.rts.ch\/info\/regions\/fribourg\/2026\/article\/fribourg-une-campagne-pour-lutter-contre-la-precarite-des-jeunes-29346776.html?rts_source=rss_t\" target=\"_blank\">post<\/a> was originally published on <a href=\"https:\/\/www.rts.ch\/info\/toute-info\/?format=rss\/news\" target=\"_blank\">this site<\/a>.<\/p><div>\n<div><a href=\"https:\/\/www.rts.ch\/info\/regions\/fribourg\/2026\/article\/fribourg-une-campagne-pour-lutter-contre-la-precarite-des-jeunes-29346776.html?rts_source=rss_t\"><img decoding=\"async\" src=\"https:\/\/img.rts.ch\/articles\/2026\/image\/0f53e220-29346798.image?w=320&amp;h=180\"><\/a>La ville de Fribourg et le Conseil des jeunes lancent la campagne \u00ab\u00a0Je g&egrave;re!\u00a0\u00bb, destin&eacute;e aux jeunes et &agrave; leur entourage. Elle met &agrave; leur disposition des outils concrets pour les accompagner dans les d&eacute;marches administratives, notamment par le biais d&rsquo;une brochure de ressources, d&rsquo;une page internet et d&rsquo;un programme d&rsquo;ateliers.<\/div>\n<\/div>\n","protected":false},"excerpt":{"rendered":"<p>This post was originally published on this site. La ville de Fribourg et le Conseil des jeunes lancent la campagne \u00ab\u00a0Je g&egrave;re!\u00a0\u00bb, destin&eacute;e aux jeunes et &agrave; leur entourage. Elle met &agrave; leur disposition des outils concrets pour les accompagner dans les d&eacute;marches administratives, notamment par le biais d&rsquo;une brochure de ressources, d&rsquo;une page internet [&hellip;]<\/p>\n","protected":false},"author":1,"featured_media":0,"comment_status":"open","ping_status":"open","sticky":false,"template":"","format":"standard","meta":{"_monsterinsights_skip_tracking":false,"_uf_show_specific_survey":0,"_uf_disable_surveys":false,"footnotes":""},"categories":[100],"tags":[],"class_list":["post-209130","post","type-post","status-publish","format-standard","hentry","category-tech-innovation"],"aioseo_notices":[],"aioseo_head":"\n\t\t<!-- All in One SEO 5.0.1.1 - aioseo.com -->\n\t<meta name=\"description\" content=\"La ville de Fribourg et le Conseil des jeunes lancent la campagne &quot;Je g\u00e8re!&quot;, destin\u00e9e aux jeunes et \u00e0 leur entourage. Elle met \u00e0 leur disposition des outils concrets pour les accompagner dans les d\u00e9marches administratives, notamment par le biais d&#039;une brochure de ressources, d&#039;une page internet et d&#039;un programme d&#039;ateliers.\" \/>\n\t<meta name=\"robots\" content=\"max-image-preview:large\" \/>\n\t<meta name=\"author\" content=\"Morgane RAVOUNA\"\/>\n\t<link rel=\"canonical\" href=\"https:\/\/geneveinfos.ch\/index.php\/2026\/09\/03\/je-gere-la-campagne-fribourgeoise-pour-aider-les-jeunes\/\" \/>\n\t<meta name=\"generator\" content=\"All in One SEO (AIOSEO) 5.0.1.1\" \/>\n\t\t<meta property=\"og:locale\" content=\"fr_FR\" \/>\n\t\t<meta property=\"og:site_name\" content=\"Gen\u00e8ve Infos - Le site d&#039;informations de la r\u00e9gion genevoise\" \/>\n\t\t<meta property=\"og:type\" content=\"article\" \/>\n\t\t<meta property=\"og:title\" content=\"\u00ab Je g\u00e8re! \u00bb, la campagne fribourgeoise pour aider les jeunes - Gen\u00e8ve Infos\" \/>\n\t\t<meta property=\"og:description\" content=\"La ville de Fribourg et le Conseil des jeunes lancent la campagne &quot;Je g\u00e8re!&quot;, destin\u00e9e aux jeunes et \u00e0 leur entourage. Elle met \u00e0 leur disposition des outils concrets pour les accompagner dans les d\u00e9marches administratives, notamment par le biais d&#039;une brochure de ressources, d&#039;une page internet et d&#039;un programme d&#039;ateliers.\" \/>\n\t\t<meta property=\"og:url\" content=\"https:\/\/geneveinfos.ch\/index.php\/2026\/09\/03\/je-gere-la-campagne-fribourgeoise-pour-aider-les-jeunes\/\" \/>\n\t\t<meta property=\"og:image\" content=\"https:\/\/geneveinfos.ch\/wp-content\/uploads\/2025\/09\/Capture-decran-2025-09-18-a-16.52.08.png\" \/>\n\t\t<meta property=\"og:image:secure_url\" content=\"https:\/\/geneveinfos.ch\/wp-content\/uploads\/2025\/09\/Capture-decran-2025-09-18-a-16.52.08.png\" \/>\n\t\t<meta property=\"og:image:width\" content=\"513\" \/>\n\t\t<meta property=\"og:image:height\" content=\"457\" \/>\n\t\t<meta property=\"article:published_time\" content=\"2026-09-03T15:47:30+00:00\" \/>\n\t\t<meta property=\"article:modified_time\" content=\"2026-09-03T15:47:30+00:00\" \/>\n\t\t<meta property=\"article:publisher\" content=\"https:\/\/www.facebook.com\/profile.php?id=61576016541234\" \/>\n\t\t<meta name=\"twitter:card\" content=\"summary_large_image\" \/>\n\t\t<meta name=\"twitter:title\" content=\"\u00ab Je g\u00e8re! \u00bb, la campagne fribourgeoise pour aider les jeunes - Gen\u00e8ve Infos\" \/>\n\t\t<meta name=\"twitter:description\" content=\"La ville de Fribourg et le Conseil des jeunes lancent la campagne &quot;Je g\u00e8re!&quot;, destin\u00e9e aux jeunes et \u00e0 leur entourage. Elle met \u00e0 leur disposition des outils concrets pour les accompagner dans les d\u00e9marches administratives, notamment par le biais d&#039;une brochure de ressources, d&#039;une page internet et d&#039;un programme d&#039;ateliers.\" \/>\n\t\t<meta name=\"twitter:image\" content=\"https:\/\/geneveinfos.ch\/wp-content\/uploads\/2025\/09\/Capture-decran-2025-09-18-a-16.52.08.png\" \/>\n\t\t<script type=\"application\/ld+json\" class=\"aioseo-schema\">\n\t\t\t{\"@context\":\"https:\\\/\\\/schema.org\",\"@graph\":[{\"@type\":\"BlogPosting\",\"@id\":\"https:\\\/\\\/geneveinfos.ch\\\/index.php\\\/2026\\\/09\\\/03\\\/je-gere-la-campagne-fribourgeoise-pour-aider-les-jeunes\\\/#blogposting\",\"name\":\"\\u00ab Je g\\u00e8re! \\u00bb, la campagne fribourgeoise pour aider les jeunes - Gen\\u00e8ve Infos\",\"headline\":\"\\u00ab\\u00a0Je g\\u00e8re!\\u00a0\\u00bb, la campagne fribourgeoise pour aider les jeunes\",\"author\":{\"@id\":\"https:\\\/\\\/geneveinfos.ch\\\/index.php\\\/author\\\/admin1380\\\/#author\"},\"publisher\":{\"@id\":\"https:\\\/\\\/geneveinfos.ch\\\/#person\"},\"image\":{\"@type\":\"ImageObject\",\"url\":\"https:\\\/\\\/img.rts.ch\\\/articles\\\/2026\\\/image\\\/0f53e220-29346798.image?w=320&amp;h=180\",\"@id\":\"https:\\\/\\\/geneveinfos.ch\\\/index.php\\\/2026\\\/09\\\/03\\\/je-gere-la-campagne-fribourgeoise-pour-aider-les-jeunes\\\/#articleImage\"},\"datePublished\":\"2026-09-03T17:47:30+02:00\",\"dateModified\":\"2026-09-03T17:47:30+02:00\",\"inLanguage\":\"fr-FR\",\"mainEntityOfPage\":{\"@id\":\"https:\\\/\\\/geneveinfos.ch\\\/index.php\\\/2026\\\/09\\\/03\\\/je-gere-la-campagne-fribourgeoise-pour-aider-les-jeunes\\\/#webpage\"},\"isPartOf\":{\"@id\":\"https:\\\/\\\/geneveinfos.ch\\\/index.php\\\/2026\\\/09\\\/03\\\/je-gere-la-campagne-fribourgeoise-pour-aider-les-jeunes\\\/#webpage\"},\"articleSection\":\"tech-innovation\"},{\"@type\":\"BreadcrumbList\",\"@id\":\"https:\\\/\\\/geneveinfos.ch\\\/index.php\\\/2026\\\/09\\\/03\\\/je-gere-la-campagne-fribourgeoise-pour-aider-les-jeunes\\\/#breadcrumblist\",\"itemListElement\":[{\"@type\":\"ListItem\",\"@id\":\"https:\\\/\\\/geneveinfos.ch#listItem\",\"position\":1,\"name\":\"Home\",\"item\":\"https:\\\/\\\/geneveinfos.ch\",\"nextItem\":{\"@type\":\"ListItem\",\"@id\":\"https:\\\/\\\/geneveinfos.ch\\\/index.php\\\/category\\\/tech-innovation\\\/#listItem\",\"name\":\"tech-innovation\"}},{\"@type\":\"ListItem\",\"@id\":\"https:\\\/\\\/geneveinfos.ch\\\/index.php\\\/category\\\/tech-innovation\\\/#listItem\",\"position\":2,\"name\":\"tech-innovation\",\"item\":\"https:\\\/\\\/geneveinfos.ch\\\/index.php\\\/category\\\/tech-innovation\\\/\",\"nextItem\":{\"@type\":\"ListItem\",\"@id\":\"https:\\\/\\\/geneveinfos.ch\\\/index.php\\\/2026\\\/09\\\/03\\\/je-gere-la-campagne-fribourgeoise-pour-aider-les-jeunes\\\/#listItem\",\"name\":\"\\u00ab\\u00a0Je g\\u00e8re!\\u00a0\\u00bb, la campagne fribourgeoise pour aider les jeunes\"},\"previousItem\":{\"@type\":\"ListItem\",\"@id\":\"https:\\\/\\\/geneveinfos.ch#listItem\",\"name\":\"Home\"}},{\"@type\":\"ListItem\",\"@id\":\"https:\\\/\\\/geneveinfos.ch\\\/index.php\\\/2026\\\/09\\\/03\\\/je-gere-la-campagne-fribourgeoise-pour-aider-les-jeunes\\\/#listItem\",\"position\":3,\"name\":\"\\u00ab\\u00a0Je g\\u00e8re!\\u00a0\\u00bb, la campagne fribourgeoise pour aider les jeunes\",\"previousItem\":{\"@type\":\"ListItem\",\"@id\":\"https:\\\/\\\/geneveinfos.ch\\\/index.php\\\/category\\\/tech-innovation\\\/#listItem\",\"name\":\"tech-innovation\"}}]},{\"@type\":\"Person\",\"@id\":\"https:\\\/\\\/geneveinfos.ch\\\/#person\",\"name\":\"Morgane RAVOUNA\",\"image\":{\"@type\":\"ImageObject\",\"@id\":\"https:\\\/\\\/geneveinfos.ch\\\/index.php\\\/2026\\\/09\\\/03\\\/je-gere-la-campagne-fribourgeoise-pour-aider-les-jeunes\\\/#personImage\",\"url\":\"https:\\\/\\\/secure.gravatar.com\\\/avatar\\\/bd1e2e1e7cabf66754a14e2181bc3f67cd3c2b9403841e078411545fc405115b?s=96&d=mm&r=g\",\"width\":96,\"height\":96,\"caption\":\"Morgane RAVOUNA\"}},{\"@type\":\"Person\",\"@id\":\"https:\\\/\\\/geneveinfos.ch\\\/index.php\\\/author\\\/admin1380\\\/#author\",\"url\":\"https:\\\/\\\/geneveinfos.ch\\\/index.php\\\/author\\\/admin1380\\\/\",\"name\":\"Morgane RAVOUNA\",\"image\":{\"@type\":\"ImageObject\",\"@id\":\"https:\\\/\\\/geneveinfos.ch\\\/index.php\\\/2026\\\/09\\\/03\\\/je-gere-la-campagne-fribourgeoise-pour-aider-les-jeunes\\\/#authorImage\",\"url\":\"https:\\\/\\\/secure.gravatar.com\\\/avatar\\\/bd1e2e1e7cabf66754a14e2181bc3f67cd3c2b9403841e078411545fc405115b?s=96&d=mm&r=g\",\"width\":96,\"height\":96,\"caption\":\"Morgane RAVOUNA\"}},{\"@type\":\"WebPage\",\"@id\":\"https:\\\/\\\/geneveinfos.ch\\\/index.php\\\/2026\\\/09\\\/03\\\/je-gere-la-campagne-fribourgeoise-pour-aider-les-jeunes\\\/#webpage\",\"url\":\"https:\\\/\\\/geneveinfos.ch\\\/index.php\\\/2026\\\/09\\\/03\\\/je-gere-la-campagne-fribourgeoise-pour-aider-les-jeunes\\\/\",\"name\":\"\\u00ab Je g\\u00e8re! \\u00bb, la campagne fribourgeoise pour aider les jeunes - Gen\\u00e8ve Infos\",\"description\":\"La ville de Fribourg et le Conseil des jeunes lancent la campagne \\\"Je g\\u00e8re!\\\", destin\\u00e9e aux jeunes et \\u00e0 leur entourage. Elle met \\u00e0 leur disposition des outils concrets pour les accompagner dans les d\\u00e9marches administratives, notamment par le biais d'une brochure de ressources, d'une page internet et d'un programme d'ateliers.\",\"inLanguage\":\"fr-FR\",\"isPartOf\":{\"@id\":\"https:\\\/\\\/geneveinfos.ch\\\/#website\"},\"breadcrumb\":{\"@id\":\"https:\\\/\\\/geneveinfos.ch\\\/index.php\\\/2026\\\/09\\\/03\\\/je-gere-la-campagne-fribourgeoise-pour-aider-les-jeunes\\\/#breadcrumblist\"},\"author\":{\"@id\":\"https:\\\/\\\/geneveinfos.ch\\\/index.php\\\/author\\\/admin1380\\\/#author\"},\"creator\":{\"@id\":\"https:\\\/\\\/geneveinfos.ch\\\/index.php\\\/author\\\/admin1380\\\/#author\"},\"datePublished\":\"2026-09-03T17:47:30+02:00\",\"dateModified\":\"2026-09-03T17:47:30+02:00\"},{\"@type\":\"WebSite\",\"@id\":\"https:\\\/\\\/geneveinfos.ch\\\/#website\",\"url\":\"https:\\\/\\\/geneveinfos.ch\\\/\",\"name\":\"Gen\\u00e8ve Infos\",\"description\":\"Le site d'informations de la r\\u00e9gion genevoise\",\"inLanguage\":\"fr-FR\",\"publisher\":{\"@id\":\"https:\\\/\\\/geneveinfos.ch\\\/#person\"}}]}\n\t\t<\/script>\n\t\t<!-- All in One SEO -->\n\n","aioseo_head_json":{"title":"\u00ab Je g\u00e8re! \u00bb, la campagne fribourgeoise pour aider les jeunes - Gen\u00e8ve Infos","description":"La ville de Fribourg et le Conseil des jeunes lancent la campagne \"Je g\u00e8re!\", destin\u00e9e aux jeunes et \u00e0 leur entourage. Elle met \u00e0 leur disposition des outils concrets pour les accompagner dans les d\u00e9marches administratives, notamment par le biais d'une brochure de ressources, d'une page internet et d'un programme d'ateliers.","canonical_url":"https:\/\/geneveinfos.ch\/index.php\/2026\/09\/03\/je-gere-la-campagne-fribourgeoise-pour-aider-les-jeunes\/","robots":"max-image-preview:large","keywords":"","webmasterTools":{"miscellaneous":""},"schema":{"@context":"https:\/\/schema.org","@graph":[{"@type":"BlogPosting","@id":"https:\/\/geneveinfos.ch\/index.php\/2026\/09\/03\/je-gere-la-campagne-fribourgeoise-pour-aider-les-jeunes\/#blogposting","name":"\u00ab Je g\u00e8re! \u00bb, la campagne fribourgeoise pour aider les jeunes - Gen\u00e8ve Infos","headline":"\u00ab\u00a0Je g\u00e8re!\u00a0\u00bb, la campagne fribourgeoise pour aider les jeunes","author":{"@id":"https:\/\/geneveinfos.ch\/index.php\/author\/admin1380\/#author"},"publisher":{"@id":"https:\/\/geneveinfos.ch\/#person"},"image":{"@type":"ImageObject","url":"https:\/\/img.rts.ch\/articles\/2026\/image\/0f53e220-29346798.image?w=320&amp;h=180","@id":"https:\/\/geneveinfos.ch\/index.php\/2026\/09\/03\/je-gere-la-campagne-fribourgeoise-pour-aider-les-jeunes\/#articleImage"},"datePublished":"2026-09-03T17:47:30+02:00","dateModified":"2026-09-03T17:47:30+02:00","inLanguage":"fr-FR","mainEntityOfPage":{"@id":"https:\/\/geneveinfos.ch\/index.php\/2026\/09\/03\/je-gere-la-campagne-fribourgeoise-pour-aider-les-jeunes\/#webpage"},"isPartOf":{"@id":"https:\/\/geneveinfos.ch\/index.php\/2026\/09\/03\/je-gere-la-campagne-fribourgeoise-pour-aider-les-jeunes\/#webpage"},"articleSection":"tech-innovation"},{"@type":"BreadcrumbList","@id":"https:\/\/geneveinfos.ch\/index.php\/2026\/09\/03\/je-gere-la-campagne-fribourgeoise-pour-aider-les-jeunes\/#breadcrumblist","itemListElement":[{"@type":"ListItem","@id":"https:\/\/geneveinfos.ch#listItem","position":1,"name":"Home","item":"https:\/\/geneveinfos.ch","nextItem":{"@type":"ListItem","@id":"https:\/\/geneveinfos.ch\/index.php\/category\/tech-innovation\/#listItem","name":"tech-innovation"}},{"@type":"ListItem","@id":"https:\/\/geneveinfos.ch\/index.php\/category\/tech-innovation\/#listItem","position":2,"name":"tech-innovation","item":"https:\/\/geneveinfos.ch\/index.php\/category\/tech-innovation\/","nextItem":{"@type":"ListItem","@id":"https:\/\/geneveinfos.ch\/index.php\/2026\/09\/03\/je-gere-la-campagne-fribourgeoise-pour-aider-les-jeunes\/#listItem","name":"\u00ab\u00a0Je g\u00e8re!\u00a0\u00bb, la campagne fribourgeoise pour aider les jeunes"},"previousItem":{"@type":"ListItem","@id":"https:\/\/geneveinfos.ch#listItem","name":"Home"}},{"@type":"ListItem","@id":"https:\/\/geneveinfos.ch\/index.php\/2026\/09\/03\/je-gere-la-campagne-fribourgeoise-pour-aider-les-jeunes\/#listItem","position":3,"name":"\u00ab\u00a0Je g\u00e8re!\u00a0\u00bb, la campagne fribourgeoise pour aider les jeunes","previousItem":{"@type":"ListItem","@id":"https:\/\/geneveinfos.ch\/index.php\/category\/tech-innovation\/#listItem","name":"tech-innovation"}}]},{"@type":"Person","@id":"https:\/\/geneveinfos.ch\/#person","name":"Morgane RAVOUNA","image":{"@type":"ImageObject","@id":"https:\/\/geneveinfos.ch\/index.php\/2026\/09\/03\/je-gere-la-campagne-fribourgeoise-pour-aider-les-jeunes\/#personImage","url":"https:\/\/secure.gravatar.com\/avatar\/bd1e2e1e7cabf66754a14e2181bc3f67cd3c2b9403841e078411545fc405115b?s=96&d=mm&r=g","width":96,"height":96,"caption":"Morgane RAVOUNA"}},{"@type":"Person","@id":"https:\/\/geneveinfos.ch\/index.php\/author\/admin1380\/#author","url":"https:\/\/geneveinfos.ch\/index.php\/author\/admin1380\/","name":"Morgane RAVOUNA","image":{"@type":"ImageObject","@id":"https:\/\/geneveinfos.ch\/index.php\/2026\/09\/03\/je-gere-la-campagne-fribourgeoise-pour-aider-les-jeunes\/#authorImage","url":"https:\/\/secure.gravatar.com\/avatar\/bd1e2e1e7cabf66754a14e2181bc3f67cd3c2b9403841e078411545fc405115b?s=96&d=mm&r=g","width":96,"height":96,"caption":"Morgane RAVOUNA"}},{"@type":"WebPage","@id":"https:\/\/geneveinfos.ch\/index.php\/2026\/09\/03\/je-gere-la-campagne-fribourgeoise-pour-aider-les-jeunes\/#webpage","url":"https:\/\/geneveinfos.ch\/index.php\/2026\/09\/03\/je-gere-la-campagne-fribourgeoise-pour-aider-les-jeunes\/","name":"\u00ab Je g\u00e8re! \u00bb, la campagne fribourgeoise pour aider les jeunes - Gen\u00e8ve Infos","description":"La ville de Fribourg et le Conseil des jeunes lancent la campagne \"Je g\u00e8re!\", destin\u00e9e aux jeunes et \u00e0 leur entourage. Elle met \u00e0 leur disposition des outils concrets pour les accompagner dans les d\u00e9marches administratives, notamment par le biais d'une brochure de ressources, d'une page internet et d'un programme d'ateliers.","inLanguage":"fr-FR","isPartOf":{"@id":"https:\/\/geneveinfos.ch\/#website"},"breadcrumb":{"@id":"https:\/\/geneveinfos.ch\/index.php\/2026\/09\/03\/je-gere-la-campagne-fribourgeoise-pour-aider-les-jeunes\/#breadcrumblist"},"author":{"@id":"https:\/\/geneveinfos.ch\/index.php\/author\/admin1380\/#author"},"creator":{"@id":"https:\/\/geneveinfos.ch\/index.php\/author\/admin1380\/#author"},"datePublished":"2026-09-03T17:47:30+02:00","dateModified":"2026-09-03T17:47:30+02:00"},{"@type":"WebSite","@id":"https:\/\/geneveinfos.ch\/#website","url":"https:\/\/geneveinfos.ch\/","name":"Gen\u00e8ve Infos","description":"Le site d'informations de la r\u00e9gion genevoise","inLanguage":"fr-FR","publisher":{"@id":"https:\/\/geneveinfos.ch\/#person"}}]},"og:locale":"fr_FR","og:site_name":"Gen\u00e8ve Infos - Le site d'informations de la r\u00e9gion genevoise","og:type":"article","og:title":"\u00ab Je g\u00e8re! \u00bb, la campagne fribourgeoise pour aider les jeunes - Gen\u00e8ve Infos","og:description":"La ville de Fribourg et le Conseil des jeunes lancent la campagne &quot;Je g\u00e8re!&quot;, destin\u00e9e aux jeunes et \u00e0 leur entourage. Elle met \u00e0 leur disposition des outils concrets pour les accompagner dans les d\u00e9marches administratives, notamment par le biais d'une brochure de ressources, d'une page internet et d'un programme d'ateliers.","og:url":"https:\/\/geneveinfos.ch\/index.php\/2026\/09\/03\/je-gere-la-campagne-fribourgeoise-pour-aider-les-jeunes\/","og:image":"https:\/\/geneveinfos.ch\/wp-content\/uploads\/2025\/09\/Capture-decran-2025-09-18-a-16.52.08.png","og:image:secure_url":"https:\/\/geneveinfos.ch\/wp-content\/uploads\/2025\/09\/Capture-decran-2025-09-18-a-16.52.08.png","og:image:width":513,"og:image:height":457,"article:published_time":"2026-09-03T15:47:30+00:00","article:modified_time":"2026-09-03T15:47:30+00:00","article:publisher":"https:\/\/www.facebook.com\/profile.php?id=61576016541234","twitter:card":"summary_large_image","twitter:title":"\u00ab Je g\u00e8re! \u00bb, la campagne fribourgeoise pour aider les jeunes - Gen\u00e8ve Infos","twitter:description":"La ville de Fribourg et le Conseil des jeunes lancent la campagne &quot;Je g\u00e8re!&quot;, destin\u00e9e aux jeunes et \u00e0 leur entourage. Elle met \u00e0 leur disposition des outils concrets pour les accompagner dans les d\u00e9marches administratives, notamment par le biais d'une brochure de ressources, d'une page internet et d'un programme d'ateliers.","twitter:image":"https:\/\/geneveinfos.ch\/wp-content\/uploads\/2025\/09\/Capture-decran-2025-09-18-a-16.52.08.png"},"aioseo_meta_data":{"post_id":"209130","title":null,"description":null,"keywords":null,"keyphrases":null,"primary_term":null,"canonical_url":null,"og_title":null,"og_description":null,"og_object_type":"default","og_image_type":"default","og_image_url":null,"og_image_width":null,"og_image_height":null,"og_image_custom_url":null,"og_image_custom_fields":null,"og_video":null,"og_custom_url":null,"og_article_section":null,"og_article_tags":null,"twitter_use_og":false,"twitter_card":"default","twitter_image_type":"default","twitter_image_url":null,"twitter_image_custom_url":null,"twitter_image_custom_fields":null,"twitter_title":null,"twitter_description":null,"schema":{"blockGraphs":[],"customGraphs":[],"default":{"data":{"Article":[],"Course":[],"Dataset":[],"FAQPage":[],"Movie":[],"Person":[],"Product":[],"ProductReview":[],"Car":[],"Recipe":[],"Service":[],"SoftwareApplication":[],"WebPage":[]},"graphName":"","isEnabled":true},"graphs":[]},"schema_type":"default","schema_type_options":null,"pillar_content":false,"robots_default":true,"robots_noindex":false,"robots_noarchive":false,"robots_nosnippet":false,"robots_nofollow":false,"robots_noimageindex":false,"robots_noodp":false,"robots_notranslate":false,"robots_max_snippet":null,"robots_max_videopreview":null,"robots_max_imagepreview":"large","priority":null,"frequency":null,"local_seo":null,"breadcrumb_settings":null,"limit_modified_date":false,"ai":null,"created":"2026-09-03 16:13:55","updated":"2026-09-03 16:13:55","seo_analyzer_scan_date":null,"focus_keyword":null,"additional_keywords":null,"truseo_locale":null},"aioseo_breadcrumb":"<div class=\"aioseo-breadcrumbs\"><span class=\"aioseo-breadcrumb\">\n\t\t\t<a href=\"https:\/\/geneveinfos.ch\" title=\"Home\">Home<\/a>\n\t\t<\/span><span class=\"aioseo-breadcrumb-separator\">&raquo;<\/span><span class=\"aioseo-breadcrumb\">\n\t\t\t<a href=\"https:\/\/geneveinfos.ch\/index.php\/category\/tech-innovation\/\" title=\"tech-innovation\">tech-innovation<\/a>\n\t\t<\/span><span class=\"aioseo-breadcrumb-separator\">&raquo;<\/span><span class=\"aioseo-breadcrumb\">\n\t\t\t\u00ab Je g\u00e8re! \u00bb, la campagne fribourgeoise pour aider les jeunes\n\t\t<\/span><\/div>","aioseo_breadcrumb_json":[{"label":"Home","link":"https:\/\/geneveinfos.ch"},{"label":"tech-innovation","link":"https:\/\/geneveinfos.ch\/index.php\/category\/tech-innovation\/"},{"label":"\u00ab\u00a0Je g\u00e8re!\u00a0\u00bb, la campagne fribourgeoise pour aider les jeunes","link":"https:\/\/geneveinfos.ch\/index.php\/2026\/09\/03\/je-gere-la-campagne-fribourgeoise-pour-aider-les-jeunes\/"}],"_links":{"self":[{"href":"https:\/\/geneveinfos.ch\/index.php\/wp-json\/wp\/v2\/posts\/209130","targetHints":{"allow":["GET"]}}],"collection":[{"href":"https:\/\/geneveinfos.ch\/index.php\/wp-json\/wp\/v2\/posts"}],"about":[{"href":"https:\/\/geneveinfos.ch\/index.php\/wp-json\/wp\/v2\/types\/post"}],"author":[{"embeddable":true,"href":"https:\/\/geneveinfos.ch\/index.php\/wp-json\/wp\/v2\/users\/1"}],"replies":[{"embeddable":true,"href":"https:\/\/geneveinfos.ch\/index.php\/wp-json\/wp\/v2\/comments?post=209130"}],"version-history":[{"count":0,"href":"https:\/\/geneveinfos.ch\/index.php\/wp-json\/wp\/v2\/posts\/209130\/revisions"}],"wp:attachment":[{"href":"https:\/\/geneveinfos.ch\/index.php\/wp-json\/wp\/v2\/media?parent=209130"}],"wp:term":[{"taxonomy":"category","embeddable":true,"href":"https:\/\/geneveinfos.ch\/index.php\/wp-json\/wp\/v2\/categories?post=209130"},{"taxonomy":"post_tag","embeddable":true,"href":"https:\/\/geneveinfos.ch\/index.php\/wp-json\/wp\/v2\/tags?post=209130"}],"curies":[{"name":"wp","href":"https:\/\/api.w.org\/{rel}","templated":true}]}}