{"id":209368,"date":"2026-09-03T23:26:51","date_gmt":"2026-09-03T21:26:51","guid":{"rendered":"https:\/\/geneveinfos.ch\/index.php\/2026\/09\/03\/volkswagen-approuve-un-plan-de-restructuration-supprimant-50000-postes-de-plus\/"},"modified":"2026-09-03T23:26:51","modified_gmt":"2026-09-03T21:26:51","slug":"volkswagen-approuve-un-plan-de-restructuration-supprimant-50000-postes-de-plus","status":"publish","type":"post","link":"https:\/\/geneveinfos.ch\/index.php\/2026\/09\/03\/volkswagen-approuve-un-plan-de-restructuration-supprimant-50000-postes-de-plus\/","title":{"rendered":"Volkswagen approuve un plan de restructuration supprimant 50&rsquo;000 postes de plus"},"content":{"rendered":"<p>This <a href=\"https:\/\/www.rts.ch\/info\/economie\/2026\/article\/volkswagen-50-000-suppressions-de-postes-de-plus-dans-le-monde-29347041.html?rts_source=rss_t\" target=\"_blank\">post<\/a> was originally published on <a href=\"https:\/\/www.rts.ch\/info\/toute-info\/?format=rss\/news\" target=\"_blank\">this site<\/a>.<\/p><div>\n<div><a href=\"https:\/\/www.rts.ch\/info\/economie\/2026\/article\/volkswagen-50-000-suppressions-de-postes-de-plus-dans-le-monde-29347041.html?rts_source=rss_t\"><img decoding=\"async\" src=\"https:\/\/img.rts.ch\/articles\/2026\/image\/843590ae-29347043.image?w=320&amp;h=180\"><\/a>Le conseil de surveillance de Volkswagen a approuv&eacute; jeudi &agrave; l&rsquo;unanimit&eacute; un plan de restructuration pr&eacute;voyant la suppression d&rsquo;environ 50&rsquo;000 postes suppl&eacute;mentaires dans le monde d&rsquo;ici la fin de la d&eacute;cennie, soit le double d&rsquo;un pr&eacute;c&eacute;dent plan datant de 2024 et aggrav&eacute; depuis.<\/div>\n<\/div>\n","protected":false},"excerpt":{"rendered":"<p>This post was originally published on this site. Le conseil de surveillance de Volkswagen a approuv&eacute; jeudi &agrave; l&rsquo;unanimit&eacute; un plan de restructuration pr&eacute;voyant la suppression d&rsquo;environ 50&rsquo;000 postes suppl&eacute;mentaires dans le monde d&rsquo;ici la fin de la d&eacute;cennie, soit le double d&rsquo;un pr&eacute;c&eacute;dent plan datant de 2024 et aggrav&eacute; depuis.<\/p>\n","protected":false},"author":1,"featured_media":0,"comment_status":"open","ping_status":"open","sticky":false,"template":"","format":"standard","meta":{"_monsterinsights_skip_tracking":false,"_uf_show_specific_survey":0,"_uf_disable_surveys":false,"footnotes":""},"categories":[100],"tags":[],"class_list":["post-209368","post","type-post","status-publish","format-standard","hentry","category-tech-innovation"],"aioseo_notices":[],"aioseo_head":"\n\t\t<!-- All in One SEO 5.0.1.1 - aioseo.com -->\n\t<meta name=\"description\" content=\"Le conseil de surveillance de Volkswagen a approuv\u00e9 jeudi \u00e0 l&#039;unanimit\u00e9 un plan de restructuration pr\u00e9voyant la suppression d&#039;environ 50&#039;000 postes suppl\u00e9mentaires dans le monde d&#039;ici la fin de la d\u00e9cennie, soit le double d&#039;un pr\u00e9c\u00e9dent plan datant de 2024 et aggrav\u00e9 depuis.\" \/>\n\t<meta name=\"robots\" content=\"max-image-preview:large\" \/>\n\t<meta name=\"author\" content=\"Morgane RAVOUNA\"\/>\n\t<link rel=\"canonical\" href=\"https:\/\/geneveinfos.ch\/index.php\/2026\/09\/03\/volkswagen-approuve-un-plan-de-restructuration-supprimant-50000-postes-de-plus\/\" \/>\n\t<meta name=\"generator\" content=\"All in One SEO (AIOSEO) 5.0.1.1\" \/>\n\t\t<meta property=\"og:locale\" content=\"fr_FR\" \/>\n\t\t<meta property=\"og:site_name\" content=\"Gen\u00e8ve Infos - Le site d&#039;informations de la r\u00e9gion genevoise\" \/>\n\t\t<meta property=\"og:type\" content=\"article\" \/>\n\t\t<meta property=\"og:title\" content=\"Volkswagen approuve un plan de restructuration supprimant 50\u2019000 postes de plus - Gen\u00e8ve Infos\" \/>\n\t\t<meta property=\"og:description\" content=\"Le conseil de surveillance de Volkswagen a approuv\u00e9 jeudi \u00e0 l&#039;unanimit\u00e9 un plan de restructuration pr\u00e9voyant la suppression d&#039;environ 50&#039;000 postes suppl\u00e9mentaires dans le monde d&#039;ici la fin de la d\u00e9cennie, soit le double d&#039;un pr\u00e9c\u00e9dent plan datant de 2024 et aggrav\u00e9 depuis.\" \/>\n\t\t<meta property=\"og:url\" content=\"https:\/\/geneveinfos.ch\/index.php\/2026\/09\/03\/volkswagen-approuve-un-plan-de-restructuration-supprimant-50000-postes-de-plus\/\" \/>\n\t\t<meta property=\"og:image\" content=\"https:\/\/geneveinfos.ch\/wp-content\/uploads\/2025\/09\/Capture-decran-2025-09-18-a-16.52.08.png\" \/>\n\t\t<meta property=\"og:image:secure_url\" content=\"https:\/\/geneveinfos.ch\/wp-content\/uploads\/2025\/09\/Capture-decran-2025-09-18-a-16.52.08.png\" \/>\n\t\t<meta property=\"og:image:width\" content=\"513\" \/>\n\t\t<meta property=\"og:image:height\" content=\"457\" \/>\n\t\t<meta property=\"article:published_time\" content=\"2026-09-03T21:26:51+00:00\" \/>\n\t\t<meta property=\"article:modified_time\" content=\"2026-09-03T21:26:51+00:00\" \/>\n\t\t<meta property=\"article:publisher\" content=\"https:\/\/www.facebook.com\/profile.php?id=61576016541234\" \/>\n\t\t<meta name=\"twitter:card\" content=\"summary_large_image\" \/>\n\t\t<meta name=\"twitter:title\" content=\"Volkswagen approuve un plan de restructuration supprimant 50\u2019000 postes de plus - Gen\u00e8ve Infos\" \/>\n\t\t<meta name=\"twitter:description\" content=\"Le conseil de surveillance de Volkswagen a approuv\u00e9 jeudi \u00e0 l&#039;unanimit\u00e9 un plan de restructuration pr\u00e9voyant la suppression d&#039;environ 50&#039;000 postes suppl\u00e9mentaires dans le monde d&#039;ici la fin de la d\u00e9cennie, soit le double d&#039;un pr\u00e9c\u00e9dent plan datant de 2024 et aggrav\u00e9 depuis.\" \/>\n\t\t<meta name=\"twitter:image\" content=\"https:\/\/geneveinfos.ch\/wp-content\/uploads\/2025\/09\/Capture-decran-2025-09-18-a-16.52.08.png\" \/>\n\t\t<script type=\"application\/ld+json\" class=\"aioseo-schema\">\n\t\t\t{\"@context\":\"https:\\\/\\\/schema.org\",\"@graph\":[{\"@type\":\"BlogPosting\",\"@id\":\"https:\\\/\\\/geneveinfos.ch\\\/index.php\\\/2026\\\/09\\\/03\\\/volkswagen-approuve-un-plan-de-restructuration-supprimant-50000-postes-de-plus\\\/#blogposting\",\"name\":\"Volkswagen approuve un plan de restructuration supprimant 50\\u2019000 postes de plus - Gen\\u00e8ve Infos\",\"headline\":\"Volkswagen approuve un plan de restructuration supprimant 50&rsquo;000 postes de plus\",\"author\":{\"@id\":\"https:\\\/\\\/geneveinfos.ch\\\/index.php\\\/author\\\/admin1380\\\/#author\"},\"publisher\":{\"@id\":\"https:\\\/\\\/geneveinfos.ch\\\/#person\"},\"image\":{\"@type\":\"ImageObject\",\"url\":\"https:\\\/\\\/img.rts.ch\\\/articles\\\/2026\\\/image\\\/843590ae-29347043.image?w=320&amp;h=180\",\"@id\":\"https:\\\/\\\/geneveinfos.ch\\\/index.php\\\/2026\\\/09\\\/03\\\/volkswagen-approuve-un-plan-de-restructuration-supprimant-50000-postes-de-plus\\\/#articleImage\"},\"datePublished\":\"2026-09-03T23:26:51+02:00\",\"dateModified\":\"2026-09-03T23:26:51+02:00\",\"inLanguage\":\"fr-FR\",\"mainEntityOfPage\":{\"@id\":\"https:\\\/\\\/geneveinfos.ch\\\/index.php\\\/2026\\\/09\\\/03\\\/volkswagen-approuve-un-plan-de-restructuration-supprimant-50000-postes-de-plus\\\/#webpage\"},\"isPartOf\":{\"@id\":\"https:\\\/\\\/geneveinfos.ch\\\/index.php\\\/2026\\\/09\\\/03\\\/volkswagen-approuve-un-plan-de-restructuration-supprimant-50000-postes-de-plus\\\/#webpage\"},\"articleSection\":\"tech-innovation\"},{\"@type\":\"BreadcrumbList\",\"@id\":\"https:\\\/\\\/geneveinfos.ch\\\/index.php\\\/2026\\\/09\\\/03\\\/volkswagen-approuve-un-plan-de-restructuration-supprimant-50000-postes-de-plus\\\/#breadcrumblist\",\"itemListElement\":[{\"@type\":\"ListItem\",\"@id\":\"https:\\\/\\\/geneveinfos.ch#listItem\",\"position\":1,\"name\":\"Home\",\"item\":\"https:\\\/\\\/geneveinfos.ch\",\"nextItem\":{\"@type\":\"ListItem\",\"@id\":\"https:\\\/\\\/geneveinfos.ch\\\/index.php\\\/category\\\/tech-innovation\\\/#listItem\",\"name\":\"tech-innovation\"}},{\"@type\":\"ListItem\",\"@id\":\"https:\\\/\\\/geneveinfos.ch\\\/index.php\\\/category\\\/tech-innovation\\\/#listItem\",\"position\":2,\"name\":\"tech-innovation\",\"item\":\"https:\\\/\\\/geneveinfos.ch\\\/index.php\\\/category\\\/tech-innovation\\\/\",\"nextItem\":{\"@type\":\"ListItem\",\"@id\":\"https:\\\/\\\/geneveinfos.ch\\\/index.php\\\/2026\\\/09\\\/03\\\/volkswagen-approuve-un-plan-de-restructuration-supprimant-50000-postes-de-plus\\\/#listItem\",\"name\":\"Volkswagen approuve un plan de restructuration supprimant 50&rsquo;000 postes de plus\"},\"previousItem\":{\"@type\":\"ListItem\",\"@id\":\"https:\\\/\\\/geneveinfos.ch#listItem\",\"name\":\"Home\"}},{\"@type\":\"ListItem\",\"@id\":\"https:\\\/\\\/geneveinfos.ch\\\/index.php\\\/2026\\\/09\\\/03\\\/volkswagen-approuve-un-plan-de-restructuration-supprimant-50000-postes-de-plus\\\/#listItem\",\"position\":3,\"name\":\"Volkswagen approuve un plan de restructuration supprimant 50&rsquo;000 postes de plus\",\"previousItem\":{\"@type\":\"ListItem\",\"@id\":\"https:\\\/\\\/geneveinfos.ch\\\/index.php\\\/category\\\/tech-innovation\\\/#listItem\",\"name\":\"tech-innovation\"}}]},{\"@type\":\"Person\",\"@id\":\"https:\\\/\\\/geneveinfos.ch\\\/#person\",\"name\":\"Morgane RAVOUNA\",\"image\":{\"@type\":\"ImageObject\",\"@id\":\"https:\\\/\\\/geneveinfos.ch\\\/index.php\\\/2026\\\/09\\\/03\\\/volkswagen-approuve-un-plan-de-restructuration-supprimant-50000-postes-de-plus\\\/#personImage\",\"url\":\"https:\\\/\\\/secure.gravatar.com\\\/avatar\\\/bd1e2e1e7cabf66754a14e2181bc3f67cd3c2b9403841e078411545fc405115b?s=96&d=mm&r=g\",\"width\":96,\"height\":96,\"caption\":\"Morgane RAVOUNA\"}},{\"@type\":\"Person\",\"@id\":\"https:\\\/\\\/geneveinfos.ch\\\/index.php\\\/author\\\/admin1380\\\/#author\",\"url\":\"https:\\\/\\\/geneveinfos.ch\\\/index.php\\\/author\\\/admin1380\\\/\",\"name\":\"Morgane RAVOUNA\",\"image\":{\"@type\":\"ImageObject\",\"@id\":\"https:\\\/\\\/geneveinfos.ch\\\/index.php\\\/2026\\\/09\\\/03\\\/volkswagen-approuve-un-plan-de-restructuration-supprimant-50000-postes-de-plus\\\/#authorImage\",\"url\":\"https:\\\/\\\/secure.gravatar.com\\\/avatar\\\/bd1e2e1e7cabf66754a14e2181bc3f67cd3c2b9403841e078411545fc405115b?s=96&d=mm&r=g\",\"width\":96,\"height\":96,\"caption\":\"Morgane RAVOUNA\"}},{\"@type\":\"WebPage\",\"@id\":\"https:\\\/\\\/geneveinfos.ch\\\/index.php\\\/2026\\\/09\\\/03\\\/volkswagen-approuve-un-plan-de-restructuration-supprimant-50000-postes-de-plus\\\/#webpage\",\"url\":\"https:\\\/\\\/geneveinfos.ch\\\/index.php\\\/2026\\\/09\\\/03\\\/volkswagen-approuve-un-plan-de-restructuration-supprimant-50000-postes-de-plus\\\/\",\"name\":\"Volkswagen approuve un plan de restructuration supprimant 50\\u2019000 postes de plus - Gen\\u00e8ve Infos\",\"description\":\"Le conseil de surveillance de Volkswagen a approuv\\u00e9 jeudi \\u00e0 l'unanimit\\u00e9 un plan de restructuration pr\\u00e9voyant la suppression d'environ 50'000 postes suppl\\u00e9mentaires dans le monde d'ici la fin de la d\\u00e9cennie, soit le double d'un pr\\u00e9c\\u00e9dent plan datant de 2024 et aggrav\\u00e9 depuis.\",\"inLanguage\":\"fr-FR\",\"isPartOf\":{\"@id\":\"https:\\\/\\\/geneveinfos.ch\\\/#website\"},\"breadcrumb\":{\"@id\":\"https:\\\/\\\/geneveinfos.ch\\\/index.php\\\/2026\\\/09\\\/03\\\/volkswagen-approuve-un-plan-de-restructuration-supprimant-50000-postes-de-plus\\\/#breadcrumblist\"},\"author\":{\"@id\":\"https:\\\/\\\/geneveinfos.ch\\\/index.php\\\/author\\\/admin1380\\\/#author\"},\"creator\":{\"@id\":\"https:\\\/\\\/geneveinfos.ch\\\/index.php\\\/author\\\/admin1380\\\/#author\"},\"datePublished\":\"2026-09-03T23:26:51+02:00\",\"dateModified\":\"2026-09-03T23:26:51+02:00\"},{\"@type\":\"WebSite\",\"@id\":\"https:\\\/\\\/geneveinfos.ch\\\/#website\",\"url\":\"https:\\\/\\\/geneveinfos.ch\\\/\",\"name\":\"Gen\\u00e8ve Infos\",\"description\":\"Le site d'informations de la r\\u00e9gion genevoise\",\"inLanguage\":\"fr-FR\",\"publisher\":{\"@id\":\"https:\\\/\\\/geneveinfos.ch\\\/#person\"}}]}\n\t\t<\/script>\n\t\t<!-- All in One SEO -->\n\n","aioseo_head_json":{"title":"Volkswagen approuve un plan de restructuration supprimant 50\u2019000 postes de plus - Gen\u00e8ve Infos","description":"Le conseil de surveillance de Volkswagen a approuv\u00e9 jeudi \u00e0 l'unanimit\u00e9 un plan de restructuration pr\u00e9voyant la suppression d'environ 50'000 postes suppl\u00e9mentaires dans le monde d'ici la fin de la d\u00e9cennie, soit le double d'un pr\u00e9c\u00e9dent plan datant de 2024 et aggrav\u00e9 depuis.","canonical_url":"https:\/\/geneveinfos.ch\/index.php\/2026\/09\/03\/volkswagen-approuve-un-plan-de-restructuration-supprimant-50000-postes-de-plus\/","robots":"max-image-preview:large","keywords":"","webmasterTools":{"miscellaneous":""},"schema":{"@context":"https:\/\/schema.org","@graph":[{"@type":"BlogPosting","@id":"https:\/\/geneveinfos.ch\/index.php\/2026\/09\/03\/volkswagen-approuve-un-plan-de-restructuration-supprimant-50000-postes-de-plus\/#blogposting","name":"Volkswagen approuve un plan de restructuration supprimant 50\u2019000 postes de plus - Gen\u00e8ve Infos","headline":"Volkswagen approuve un plan de restructuration supprimant 50&rsquo;000 postes de plus","author":{"@id":"https:\/\/geneveinfos.ch\/index.php\/author\/admin1380\/#author"},"publisher":{"@id":"https:\/\/geneveinfos.ch\/#person"},"image":{"@type":"ImageObject","url":"https:\/\/img.rts.ch\/articles\/2026\/image\/843590ae-29347043.image?w=320&amp;h=180","@id":"https:\/\/geneveinfos.ch\/index.php\/2026\/09\/03\/volkswagen-approuve-un-plan-de-restructuration-supprimant-50000-postes-de-plus\/#articleImage"},"datePublished":"2026-09-03T23:26:51+02:00","dateModified":"2026-09-03T23:26:51+02:00","inLanguage":"fr-FR","mainEntityOfPage":{"@id":"https:\/\/geneveinfos.ch\/index.php\/2026\/09\/03\/volkswagen-approuve-un-plan-de-restructuration-supprimant-50000-postes-de-plus\/#webpage"},"isPartOf":{"@id":"https:\/\/geneveinfos.ch\/index.php\/2026\/09\/03\/volkswagen-approuve-un-plan-de-restructuration-supprimant-50000-postes-de-plus\/#webpage"},"articleSection":"tech-innovation"},{"@type":"BreadcrumbList","@id":"https:\/\/geneveinfos.ch\/index.php\/2026\/09\/03\/volkswagen-approuve-un-plan-de-restructuration-supprimant-50000-postes-de-plus\/#breadcrumblist","itemListElement":[{"@type":"ListItem","@id":"https:\/\/geneveinfos.ch#listItem","position":1,"name":"Home","item":"https:\/\/geneveinfos.ch","nextItem":{"@type":"ListItem","@id":"https:\/\/geneveinfos.ch\/index.php\/category\/tech-innovation\/#listItem","name":"tech-innovation"}},{"@type":"ListItem","@id":"https:\/\/geneveinfos.ch\/index.php\/category\/tech-innovation\/#listItem","position":2,"name":"tech-innovation","item":"https:\/\/geneveinfos.ch\/index.php\/category\/tech-innovation\/","nextItem":{"@type":"ListItem","@id":"https:\/\/geneveinfos.ch\/index.php\/2026\/09\/03\/volkswagen-approuve-un-plan-de-restructuration-supprimant-50000-postes-de-plus\/#listItem","name":"Volkswagen approuve un plan de restructuration supprimant 50&rsquo;000 postes de plus"},"previousItem":{"@type":"ListItem","@id":"https:\/\/geneveinfos.ch#listItem","name":"Home"}},{"@type":"ListItem","@id":"https:\/\/geneveinfos.ch\/index.php\/2026\/09\/03\/volkswagen-approuve-un-plan-de-restructuration-supprimant-50000-postes-de-plus\/#listItem","position":3,"name":"Volkswagen approuve un plan de restructuration supprimant 50&rsquo;000 postes de plus","previousItem":{"@type":"ListItem","@id":"https:\/\/geneveinfos.ch\/index.php\/category\/tech-innovation\/#listItem","name":"tech-innovation"}}]},{"@type":"Person","@id":"https:\/\/geneveinfos.ch\/#person","name":"Morgane RAVOUNA","image":{"@type":"ImageObject","@id":"https:\/\/geneveinfos.ch\/index.php\/2026\/09\/03\/volkswagen-approuve-un-plan-de-restructuration-supprimant-50000-postes-de-plus\/#personImage","url":"https:\/\/secure.gravatar.com\/avatar\/bd1e2e1e7cabf66754a14e2181bc3f67cd3c2b9403841e078411545fc405115b?s=96&d=mm&r=g","width":96,"height":96,"caption":"Morgane RAVOUNA"}},{"@type":"Person","@id":"https:\/\/geneveinfos.ch\/index.php\/author\/admin1380\/#author","url":"https:\/\/geneveinfos.ch\/index.php\/author\/admin1380\/","name":"Morgane RAVOUNA","image":{"@type":"ImageObject","@id":"https:\/\/geneveinfos.ch\/index.php\/2026\/09\/03\/volkswagen-approuve-un-plan-de-restructuration-supprimant-50000-postes-de-plus\/#authorImage","url":"https:\/\/secure.gravatar.com\/avatar\/bd1e2e1e7cabf66754a14e2181bc3f67cd3c2b9403841e078411545fc405115b?s=96&d=mm&r=g","width":96,"height":96,"caption":"Morgane RAVOUNA"}},{"@type":"WebPage","@id":"https:\/\/geneveinfos.ch\/index.php\/2026\/09\/03\/volkswagen-approuve-un-plan-de-restructuration-supprimant-50000-postes-de-plus\/#webpage","url":"https:\/\/geneveinfos.ch\/index.php\/2026\/09\/03\/volkswagen-approuve-un-plan-de-restructuration-supprimant-50000-postes-de-plus\/","name":"Volkswagen approuve un plan de restructuration supprimant 50\u2019000 postes de plus - Gen\u00e8ve Infos","description":"Le conseil de surveillance de Volkswagen a approuv\u00e9 jeudi \u00e0 l'unanimit\u00e9 un plan de restructuration pr\u00e9voyant la suppression d'environ 50'000 postes suppl\u00e9mentaires dans le monde d'ici la fin de la d\u00e9cennie, soit le double d'un pr\u00e9c\u00e9dent plan datant de 2024 et aggrav\u00e9 depuis.","inLanguage":"fr-FR","isPartOf":{"@id":"https:\/\/geneveinfos.ch\/#website"},"breadcrumb":{"@id":"https:\/\/geneveinfos.ch\/index.php\/2026\/09\/03\/volkswagen-approuve-un-plan-de-restructuration-supprimant-50000-postes-de-plus\/#breadcrumblist"},"author":{"@id":"https:\/\/geneveinfos.ch\/index.php\/author\/admin1380\/#author"},"creator":{"@id":"https:\/\/geneveinfos.ch\/index.php\/author\/admin1380\/#author"},"datePublished":"2026-09-03T23:26:51+02:00","dateModified":"2026-09-03T23:26:51+02:00"},{"@type":"WebSite","@id":"https:\/\/geneveinfos.ch\/#website","url":"https:\/\/geneveinfos.ch\/","name":"Gen\u00e8ve Infos","description":"Le site d'informations de la r\u00e9gion genevoise","inLanguage":"fr-FR","publisher":{"@id":"https:\/\/geneveinfos.ch\/#person"}}]},"og:locale":"fr_FR","og:site_name":"Gen\u00e8ve Infos - Le site d'informations de la r\u00e9gion genevoise","og:type":"article","og:title":"Volkswagen approuve un plan de restructuration supprimant 50\u2019000 postes de plus - Gen\u00e8ve Infos","og:description":"Le conseil de surveillance de Volkswagen a approuv\u00e9 jeudi \u00e0 l'unanimit\u00e9 un plan de restructuration pr\u00e9voyant la suppression d'environ 50'000 postes suppl\u00e9mentaires dans le monde d'ici la fin de la d\u00e9cennie, soit le double d'un pr\u00e9c\u00e9dent plan datant de 2024 et aggrav\u00e9 depuis.","og:url":"https:\/\/geneveinfos.ch\/index.php\/2026\/09\/03\/volkswagen-approuve-un-plan-de-restructuration-supprimant-50000-postes-de-plus\/","og:image":"https:\/\/geneveinfos.ch\/wp-content\/uploads\/2025\/09\/Capture-decran-2025-09-18-a-16.52.08.png","og:image:secure_url":"https:\/\/geneveinfos.ch\/wp-content\/uploads\/2025\/09\/Capture-decran-2025-09-18-a-16.52.08.png","og:image:width":513,"og:image:height":457,"article:published_time":"2026-09-03T21:26:51+00:00","article:modified_time":"2026-09-03T21:26:51+00:00","article:publisher":"https:\/\/www.facebook.com\/profile.php?id=61576016541234","twitter:card":"summary_large_image","twitter:title":"Volkswagen approuve un plan de restructuration supprimant 50\u2019000 postes de plus - Gen\u00e8ve Infos","twitter:description":"Le conseil de surveillance de Volkswagen a approuv\u00e9 jeudi \u00e0 l'unanimit\u00e9 un plan de restructuration pr\u00e9voyant la suppression d'environ 50'000 postes suppl\u00e9mentaires dans le monde d'ici la fin de la d\u00e9cennie, soit le double d'un pr\u00e9c\u00e9dent plan datant de 2024 et aggrav\u00e9 depuis.","twitter:image":"https:\/\/geneveinfos.ch\/wp-content\/uploads\/2025\/09\/Capture-decran-2025-09-18-a-16.52.08.png"},"aioseo_meta_data":{"post_id":"209368","title":null,"description":null,"keywords":null,"keyphrases":null,"primary_term":null,"canonical_url":null,"og_title":null,"og_description":null,"og_object_type":"default","og_image_type":"default","og_image_url":null,"og_image_width":null,"og_image_height":null,"og_image_custom_url":null,"og_image_custom_fields":null,"og_video":null,"og_custom_url":null,"og_article_section":null,"og_article_tags":null,"twitter_use_og":false,"twitter_card":"default","twitter_image_type":"default","twitter_image_url":null,"twitter_image_custom_url":null,"twitter_image_custom_fields":null,"twitter_title":null,"twitter_description":null,"schema":{"blockGraphs":[],"customGraphs":[],"default":{"data":{"Article":[],"Course":[],"Dataset":[],"FAQPage":[],"Movie":[],"Person":[],"Product":[],"ProductReview":[],"Car":[],"Recipe":[],"Service":[],"SoftwareApplication":[],"WebPage":[]},"graphName":"","isEnabled":true},"graphs":[]},"schema_type":"default","schema_type_options":null,"pillar_content":false,"robots_default":true,"robots_noindex":false,"robots_noarchive":false,"robots_nosnippet":false,"robots_nofollow":false,"robots_noimageindex":false,"robots_noodp":false,"robots_notranslate":false,"robots_max_snippet":null,"robots_max_videopreview":null,"robots_max_imagepreview":"large","priority":null,"frequency":null,"local_seo":null,"breadcrumb_settings":null,"limit_modified_date":false,"ai":null,"created":"2026-09-03 22:25:33","updated":"2026-09-03 22:25:33","seo_analyzer_scan_date":null,"focus_keyword":null,"additional_keywords":null,"truseo_locale":null},"aioseo_breadcrumb":"<div class=\"aioseo-breadcrumbs\"><span class=\"aioseo-breadcrumb\">\n\t\t\t<a href=\"https:\/\/geneveinfos.ch\" title=\"Home\">Home<\/a>\n\t\t<\/span><span class=\"aioseo-breadcrumb-separator\">&raquo;<\/span><span class=\"aioseo-breadcrumb\">\n\t\t\t<a href=\"https:\/\/geneveinfos.ch\/index.php\/category\/tech-innovation\/\" title=\"tech-innovation\">tech-innovation<\/a>\n\t\t<\/span><span class=\"aioseo-breadcrumb-separator\">&raquo;<\/span><span class=\"aioseo-breadcrumb\">\n\t\t\tVolkswagen approuve un plan de restructuration supprimant 50\u2019000 postes de plus\n\t\t<\/span><\/div>","aioseo_breadcrumb_json":[{"label":"Home","link":"https:\/\/geneveinfos.ch"},{"label":"tech-innovation","link":"https:\/\/geneveinfos.ch\/index.php\/category\/tech-innovation\/"},{"label":"Volkswagen approuve un plan de restructuration supprimant 50&rsquo;000 postes de plus","link":"https:\/\/geneveinfos.ch\/index.php\/2026\/09\/03\/volkswagen-approuve-un-plan-de-restructuration-supprimant-50000-postes-de-plus\/"}],"_links":{"self":[{"href":"https:\/\/geneveinfos.ch\/index.php\/wp-json\/wp\/v2\/posts\/209368","targetHints":{"allow":["GET"]}}],"collection":[{"href":"https:\/\/geneveinfos.ch\/index.php\/wp-json\/wp\/v2\/posts"}],"about":[{"href":"https:\/\/geneveinfos.ch\/index.php\/wp-json\/wp\/v2\/types\/post"}],"author":[{"embeddable":true,"href":"https:\/\/geneveinfos.ch\/index.php\/wp-json\/wp\/v2\/users\/1"}],"replies":[{"embeddable":true,"href":"https:\/\/geneveinfos.ch\/index.php\/wp-json\/wp\/v2\/comments?post=209368"}],"version-history":[{"count":0,"href":"https:\/\/geneveinfos.ch\/index.php\/wp-json\/wp\/v2\/posts\/209368\/revisions"}],"wp:attachment":[{"href":"https:\/\/geneveinfos.ch\/index.php\/wp-json\/wp\/v2\/media?parent=209368"}],"wp:term":[{"taxonomy":"category","embeddable":true,"href":"https:\/\/geneveinfos.ch\/index.php\/wp-json\/wp\/v2\/categories?post=209368"},{"taxonomy":"post_tag","embeddable":true,"href":"https:\/\/geneveinfos.ch\/index.php\/wp-json\/wp\/v2\/tags?post=209368"}],"curies":[{"name":"wp","href":"https:\/\/api.w.org\/{rel}","templated":true}]}}