{"id":210130,"date":"2026-09-04T18:39:49","date_gmt":"2026-09-04T16:39:49","guid":{"rendered":"https:\/\/geneveinfos.ch\/index.php\/2026\/09\/04\/le-groupuscule-dextreme-droite-junge-tat-juge-a-zurich-pour-discrimination-et-incitation-a-la-haine\/"},"modified":"2026-09-04T18:39:49","modified_gmt":"2026-09-04T16:39:49","slug":"le-groupuscule-dextreme-droite-junge-tat-juge-a-zurich-pour-discrimination-et-incitation-a-la-haine","status":"publish","type":"post","link":"https:\/\/geneveinfos.ch\/index.php\/2026\/09\/04\/le-groupuscule-dextreme-droite-junge-tat-juge-a-zurich-pour-discrimination-et-incitation-a-la-haine\/","title":{"rendered":"Le groupuscule d&rsquo;extr\u00eame droite Junge Tat jug\u00e9 \u00e0 Zurich pour discrimination et incitation \u00e0 la haine"},"content":{"rendered":"<p>This <a href=\"https:\/\/www.rts.ch\/info\/suisse\/2026\/article\/junge-tat-le-groupuscule-d-extreme-droite-juge-a-zurich-29347728.html?rts_source=rss_t\" target=\"_blank\">post<\/a> was originally published on <a href=\"https:\/\/www.rts.ch\/info\/toute-info\/?format=rss\/news\" target=\"_blank\">this site<\/a>.<\/p><div>\n<div><a href=\"https:\/\/www.rts.ch\/info\/suisse\/2026\/article\/junge-tat-le-groupuscule-d-extreme-droite-juge-a-zurich-29347728.html?rts_source=rss_t\"><img decoding=\"async\" src=\"https:\/\/img.rts.ch\/articles\/2026\/image\/aa577b61-29347748.image?w=320&amp;h=180\"><\/a>Six membres de la Junge Tat, l&rsquo;un des groupuscules d&rsquo;extr&ecirc;me droite les plus actifs de Suisse, comparaissaient vendredi &agrave; Zurich. Leurs deux leaders risquent jusqu&rsquo;&agrave; quinze mois de prison dont six ferme.<\/div>\n<\/div>\n","protected":false},"excerpt":{"rendered":"<p>This post was originally published on this site. Six membres de la Junge Tat, l&rsquo;un des groupuscules d&rsquo;extr&ecirc;me droite les plus actifs de Suisse, comparaissaient vendredi &agrave; Zurich. Leurs deux leaders risquent jusqu&rsquo;&agrave; quinze mois de prison dont six ferme.<\/p>\n","protected":false},"author":1,"featured_media":0,"comment_status":"open","ping_status":"open","sticky":false,"template":"","format":"standard","meta":{"_monsterinsights_skip_tracking":false,"_uf_show_specific_survey":0,"_uf_disable_surveys":false,"footnotes":""},"categories":[100],"tags":[],"class_list":["post-210130","post","type-post","status-publish","format-standard","hentry","category-tech-innovation"],"aioseo_notices":[],"aioseo_head":"\n\t\t<!-- All in One SEO 5.0.1.1 - aioseo.com -->\n\t<meta name=\"description\" content=\"Six membres de la Junge Tat, l&#039;un des groupuscules d&#039;extr\u00eame droite les plus actifs de Suisse, comparaissaient vendredi \u00e0 Zurich. Leurs deux leaders risquent jusqu&#039;\u00e0 quinze mois de prison dont six ferme.\" \/>\n\t<meta name=\"robots\" content=\"max-image-preview:large\" \/>\n\t<meta name=\"author\" content=\"Morgane RAVOUNA\"\/>\n\t<link rel=\"canonical\" href=\"https:\/\/geneveinfos.ch\/index.php\/2026\/09\/04\/le-groupuscule-dextreme-droite-junge-tat-juge-a-zurich-pour-discrimination-et-incitation-a-la-haine\/\" \/>\n\t<meta name=\"generator\" content=\"All in One SEO (AIOSEO) 5.0.1.1\" \/>\n\t\t<meta property=\"og:locale\" content=\"fr_FR\" \/>\n\t\t<meta property=\"og:site_name\" content=\"Gen\u00e8ve Infos - Le site d&#039;informations de la r\u00e9gion genevoise\" \/>\n\t\t<meta property=\"og:type\" content=\"article\" \/>\n\t\t<meta property=\"og:title\" content=\"Le groupuscule d\u2019extr\u00eame droite Junge Tat jug\u00e9 \u00e0 Zurich pour discrimination et incitation \u00e0 la haine - Gen\u00e8ve Infos\" \/>\n\t\t<meta property=\"og:description\" content=\"Six membres de la Junge Tat, l&#039;un des groupuscules d&#039;extr\u00eame droite les plus actifs de Suisse, comparaissaient vendredi \u00e0 Zurich. Leurs deux leaders risquent jusqu&#039;\u00e0 quinze mois de prison dont six ferme.\" \/>\n\t\t<meta property=\"og:url\" content=\"https:\/\/geneveinfos.ch\/index.php\/2026\/09\/04\/le-groupuscule-dextreme-droite-junge-tat-juge-a-zurich-pour-discrimination-et-incitation-a-la-haine\/\" \/>\n\t\t<meta property=\"og:image\" content=\"https:\/\/geneveinfos.ch\/wp-content\/uploads\/2025\/09\/Capture-decran-2025-09-18-a-16.52.08.png\" \/>\n\t\t<meta property=\"og:image:secure_url\" content=\"https:\/\/geneveinfos.ch\/wp-content\/uploads\/2025\/09\/Capture-decran-2025-09-18-a-16.52.08.png\" \/>\n\t\t<meta property=\"og:image:width\" content=\"513\" \/>\n\t\t<meta property=\"og:image:height\" content=\"457\" \/>\n\t\t<meta property=\"article:published_time\" content=\"2026-09-04T16:39:49+00:00\" \/>\n\t\t<meta property=\"article:modified_time\" content=\"2026-09-04T16:39:49+00:00\" \/>\n\t\t<meta property=\"article:publisher\" content=\"https:\/\/www.facebook.com\/profile.php?id=61576016541234\" \/>\n\t\t<meta name=\"twitter:card\" content=\"summary_large_image\" \/>\n\t\t<meta name=\"twitter:title\" content=\"Le groupuscule d\u2019extr\u00eame droite Junge Tat jug\u00e9 \u00e0 Zurich pour discrimination et incitation \u00e0 la haine - Gen\u00e8ve Infos\" \/>\n\t\t<meta name=\"twitter:description\" content=\"Six membres de la Junge Tat, l&#039;un des groupuscules d&#039;extr\u00eame droite les plus actifs de Suisse, comparaissaient vendredi \u00e0 Zurich. Leurs deux leaders risquent jusqu&#039;\u00e0 quinze mois de prison dont six ferme.\" \/>\n\t\t<meta name=\"twitter:image\" content=\"https:\/\/geneveinfos.ch\/wp-content\/uploads\/2025\/09\/Capture-decran-2025-09-18-a-16.52.08.png\" \/>\n\t\t<script type=\"application\/ld+json\" class=\"aioseo-schema\">\n\t\t\t{\"@context\":\"https:\\\/\\\/schema.org\",\"@graph\":[{\"@type\":\"BlogPosting\",\"@id\":\"https:\\\/\\\/geneveinfos.ch\\\/index.php\\\/2026\\\/09\\\/04\\\/le-groupuscule-dextreme-droite-junge-tat-juge-a-zurich-pour-discrimination-et-incitation-a-la-haine\\\/#blogposting\",\"name\":\"Le groupuscule d\\u2019extr\\u00eame droite Junge Tat jug\\u00e9 \\u00e0 Zurich pour discrimination et incitation \\u00e0 la haine - Gen\\u00e8ve Infos\",\"headline\":\"Le groupuscule d&rsquo;extr\\u00eame droite Junge Tat jug\\u00e9 \\u00e0 Zurich pour discrimination et incitation \\u00e0 la haine\",\"author\":{\"@id\":\"https:\\\/\\\/geneveinfos.ch\\\/index.php\\\/author\\\/admin1380\\\/#author\"},\"publisher\":{\"@id\":\"https:\\\/\\\/geneveinfos.ch\\\/#person\"},\"image\":{\"@type\":\"ImageObject\",\"url\":\"https:\\\/\\\/img.rts.ch\\\/articles\\\/2026\\\/image\\\/aa577b61-29347748.image?w=320&amp;h=180\",\"@id\":\"https:\\\/\\\/geneveinfos.ch\\\/index.php\\\/2026\\\/09\\\/04\\\/le-groupuscule-dextreme-droite-junge-tat-juge-a-zurich-pour-discrimination-et-incitation-a-la-haine\\\/#articleImage\"},\"datePublished\":\"2026-09-04T18:39:49+02:00\",\"dateModified\":\"2026-09-04T18:39:49+02:00\",\"inLanguage\":\"fr-FR\",\"mainEntityOfPage\":{\"@id\":\"https:\\\/\\\/geneveinfos.ch\\\/index.php\\\/2026\\\/09\\\/04\\\/le-groupuscule-dextreme-droite-junge-tat-juge-a-zurich-pour-discrimination-et-incitation-a-la-haine\\\/#webpage\"},\"isPartOf\":{\"@id\":\"https:\\\/\\\/geneveinfos.ch\\\/index.php\\\/2026\\\/09\\\/04\\\/le-groupuscule-dextreme-droite-junge-tat-juge-a-zurich-pour-discrimination-et-incitation-a-la-haine\\\/#webpage\"},\"articleSection\":\"tech-innovation\"},{\"@type\":\"BreadcrumbList\",\"@id\":\"https:\\\/\\\/geneveinfos.ch\\\/index.php\\\/2026\\\/09\\\/04\\\/le-groupuscule-dextreme-droite-junge-tat-juge-a-zurich-pour-discrimination-et-incitation-a-la-haine\\\/#breadcrumblist\",\"itemListElement\":[{\"@type\":\"ListItem\",\"@id\":\"https:\\\/\\\/geneveinfos.ch#listItem\",\"position\":1,\"name\":\"Home\",\"item\":\"https:\\\/\\\/geneveinfos.ch\",\"nextItem\":{\"@type\":\"ListItem\",\"@id\":\"https:\\\/\\\/geneveinfos.ch\\\/index.php\\\/category\\\/tech-innovation\\\/#listItem\",\"name\":\"tech-innovation\"}},{\"@type\":\"ListItem\",\"@id\":\"https:\\\/\\\/geneveinfos.ch\\\/index.php\\\/category\\\/tech-innovation\\\/#listItem\",\"position\":2,\"name\":\"tech-innovation\",\"item\":\"https:\\\/\\\/geneveinfos.ch\\\/index.php\\\/category\\\/tech-innovation\\\/\",\"nextItem\":{\"@type\":\"ListItem\",\"@id\":\"https:\\\/\\\/geneveinfos.ch\\\/index.php\\\/2026\\\/09\\\/04\\\/le-groupuscule-dextreme-droite-junge-tat-juge-a-zurich-pour-discrimination-et-incitation-a-la-haine\\\/#listItem\",\"name\":\"Le groupuscule d&rsquo;extr\\u00eame droite Junge Tat jug\\u00e9 \\u00e0 Zurich pour discrimination et incitation \\u00e0 la haine\"},\"previousItem\":{\"@type\":\"ListItem\",\"@id\":\"https:\\\/\\\/geneveinfos.ch#listItem\",\"name\":\"Home\"}},{\"@type\":\"ListItem\",\"@id\":\"https:\\\/\\\/geneveinfos.ch\\\/index.php\\\/2026\\\/09\\\/04\\\/le-groupuscule-dextreme-droite-junge-tat-juge-a-zurich-pour-discrimination-et-incitation-a-la-haine\\\/#listItem\",\"position\":3,\"name\":\"Le groupuscule d&rsquo;extr\\u00eame droite Junge Tat jug\\u00e9 \\u00e0 Zurich pour discrimination et incitation \\u00e0 la haine\",\"previousItem\":{\"@type\":\"ListItem\",\"@id\":\"https:\\\/\\\/geneveinfos.ch\\\/index.php\\\/category\\\/tech-innovation\\\/#listItem\",\"name\":\"tech-innovation\"}}]},{\"@type\":\"Person\",\"@id\":\"https:\\\/\\\/geneveinfos.ch\\\/#person\",\"name\":\"Morgane RAVOUNA\",\"image\":{\"@type\":\"ImageObject\",\"@id\":\"https:\\\/\\\/geneveinfos.ch\\\/index.php\\\/2026\\\/09\\\/04\\\/le-groupuscule-dextreme-droite-junge-tat-juge-a-zurich-pour-discrimination-et-incitation-a-la-haine\\\/#personImage\",\"url\":\"https:\\\/\\\/secure.gravatar.com\\\/avatar\\\/bd1e2e1e7cabf66754a14e2181bc3f67cd3c2b9403841e078411545fc405115b?s=96&d=mm&r=g\",\"width\":96,\"height\":96,\"caption\":\"Morgane RAVOUNA\"}},{\"@type\":\"Person\",\"@id\":\"https:\\\/\\\/geneveinfos.ch\\\/index.php\\\/author\\\/admin1380\\\/#author\",\"url\":\"https:\\\/\\\/geneveinfos.ch\\\/index.php\\\/author\\\/admin1380\\\/\",\"name\":\"Morgane RAVOUNA\",\"image\":{\"@type\":\"ImageObject\",\"@id\":\"https:\\\/\\\/geneveinfos.ch\\\/index.php\\\/2026\\\/09\\\/04\\\/le-groupuscule-dextreme-droite-junge-tat-juge-a-zurich-pour-discrimination-et-incitation-a-la-haine\\\/#authorImage\",\"url\":\"https:\\\/\\\/secure.gravatar.com\\\/avatar\\\/bd1e2e1e7cabf66754a14e2181bc3f67cd3c2b9403841e078411545fc405115b?s=96&d=mm&r=g\",\"width\":96,\"height\":96,\"caption\":\"Morgane RAVOUNA\"}},{\"@type\":\"WebPage\",\"@id\":\"https:\\\/\\\/geneveinfos.ch\\\/index.php\\\/2026\\\/09\\\/04\\\/le-groupuscule-dextreme-droite-junge-tat-juge-a-zurich-pour-discrimination-et-incitation-a-la-haine\\\/#webpage\",\"url\":\"https:\\\/\\\/geneveinfos.ch\\\/index.php\\\/2026\\\/09\\\/04\\\/le-groupuscule-dextreme-droite-junge-tat-juge-a-zurich-pour-discrimination-et-incitation-a-la-haine\\\/\",\"name\":\"Le groupuscule d\\u2019extr\\u00eame droite Junge Tat jug\\u00e9 \\u00e0 Zurich pour discrimination et incitation \\u00e0 la haine - Gen\\u00e8ve Infos\",\"description\":\"Six membres de la Junge Tat, l'un des groupuscules d'extr\\u00eame droite les plus actifs de Suisse, comparaissaient vendredi \\u00e0 Zurich. Leurs deux leaders risquent jusqu'\\u00e0 quinze mois de prison dont six ferme.\",\"inLanguage\":\"fr-FR\",\"isPartOf\":{\"@id\":\"https:\\\/\\\/geneveinfos.ch\\\/#website\"},\"breadcrumb\":{\"@id\":\"https:\\\/\\\/geneveinfos.ch\\\/index.php\\\/2026\\\/09\\\/04\\\/le-groupuscule-dextreme-droite-junge-tat-juge-a-zurich-pour-discrimination-et-incitation-a-la-haine\\\/#breadcrumblist\"},\"author\":{\"@id\":\"https:\\\/\\\/geneveinfos.ch\\\/index.php\\\/author\\\/admin1380\\\/#author\"},\"creator\":{\"@id\":\"https:\\\/\\\/geneveinfos.ch\\\/index.php\\\/author\\\/admin1380\\\/#author\"},\"datePublished\":\"2026-09-04T18:39:49+02:00\",\"dateModified\":\"2026-09-04T18:39:49+02:00\"},{\"@type\":\"WebSite\",\"@id\":\"https:\\\/\\\/geneveinfos.ch\\\/#website\",\"url\":\"https:\\\/\\\/geneveinfos.ch\\\/\",\"name\":\"Gen\\u00e8ve Infos\",\"description\":\"Le site d'informations de la r\\u00e9gion genevoise\",\"inLanguage\":\"fr-FR\",\"publisher\":{\"@id\":\"https:\\\/\\\/geneveinfos.ch\\\/#person\"}}]}\n\t\t<\/script>\n\t\t<!-- All in One SEO -->\n\n","aioseo_head_json":{"title":"Le groupuscule d\u2019extr\u00eame droite Junge Tat jug\u00e9 \u00e0 Zurich pour discrimination et incitation \u00e0 la haine - Gen\u00e8ve Infos","description":"Six membres de la Junge Tat, l'un des groupuscules d'extr\u00eame droite les plus actifs de Suisse, comparaissaient vendredi \u00e0 Zurich. Leurs deux leaders risquent jusqu'\u00e0 quinze mois de prison dont six ferme.","canonical_url":"https:\/\/geneveinfos.ch\/index.php\/2026\/09\/04\/le-groupuscule-dextreme-droite-junge-tat-juge-a-zurich-pour-discrimination-et-incitation-a-la-haine\/","robots":"max-image-preview:large","keywords":"","webmasterTools":{"miscellaneous":""},"schema":{"@context":"https:\/\/schema.org","@graph":[{"@type":"BlogPosting","@id":"https:\/\/geneveinfos.ch\/index.php\/2026\/09\/04\/le-groupuscule-dextreme-droite-junge-tat-juge-a-zurich-pour-discrimination-et-incitation-a-la-haine\/#blogposting","name":"Le groupuscule d\u2019extr\u00eame droite Junge Tat jug\u00e9 \u00e0 Zurich pour discrimination et incitation \u00e0 la haine - Gen\u00e8ve Infos","headline":"Le groupuscule d&rsquo;extr\u00eame droite Junge Tat jug\u00e9 \u00e0 Zurich pour discrimination et incitation \u00e0 la haine","author":{"@id":"https:\/\/geneveinfos.ch\/index.php\/author\/admin1380\/#author"},"publisher":{"@id":"https:\/\/geneveinfos.ch\/#person"},"image":{"@type":"ImageObject","url":"https:\/\/img.rts.ch\/articles\/2026\/image\/aa577b61-29347748.image?w=320&amp;h=180","@id":"https:\/\/geneveinfos.ch\/index.php\/2026\/09\/04\/le-groupuscule-dextreme-droite-junge-tat-juge-a-zurich-pour-discrimination-et-incitation-a-la-haine\/#articleImage"},"datePublished":"2026-09-04T18:39:49+02:00","dateModified":"2026-09-04T18:39:49+02:00","inLanguage":"fr-FR","mainEntityOfPage":{"@id":"https:\/\/geneveinfos.ch\/index.php\/2026\/09\/04\/le-groupuscule-dextreme-droite-junge-tat-juge-a-zurich-pour-discrimination-et-incitation-a-la-haine\/#webpage"},"isPartOf":{"@id":"https:\/\/geneveinfos.ch\/index.php\/2026\/09\/04\/le-groupuscule-dextreme-droite-junge-tat-juge-a-zurich-pour-discrimination-et-incitation-a-la-haine\/#webpage"},"articleSection":"tech-innovation"},{"@type":"BreadcrumbList","@id":"https:\/\/geneveinfos.ch\/index.php\/2026\/09\/04\/le-groupuscule-dextreme-droite-junge-tat-juge-a-zurich-pour-discrimination-et-incitation-a-la-haine\/#breadcrumblist","itemListElement":[{"@type":"ListItem","@id":"https:\/\/geneveinfos.ch#listItem","position":1,"name":"Home","item":"https:\/\/geneveinfos.ch","nextItem":{"@type":"ListItem","@id":"https:\/\/geneveinfos.ch\/index.php\/category\/tech-innovation\/#listItem","name":"tech-innovation"}},{"@type":"ListItem","@id":"https:\/\/geneveinfos.ch\/index.php\/category\/tech-innovation\/#listItem","position":2,"name":"tech-innovation","item":"https:\/\/geneveinfos.ch\/index.php\/category\/tech-innovation\/","nextItem":{"@type":"ListItem","@id":"https:\/\/geneveinfos.ch\/index.php\/2026\/09\/04\/le-groupuscule-dextreme-droite-junge-tat-juge-a-zurich-pour-discrimination-et-incitation-a-la-haine\/#listItem","name":"Le groupuscule d&rsquo;extr\u00eame droite Junge Tat jug\u00e9 \u00e0 Zurich pour discrimination et incitation \u00e0 la haine"},"previousItem":{"@type":"ListItem","@id":"https:\/\/geneveinfos.ch#listItem","name":"Home"}},{"@type":"ListItem","@id":"https:\/\/geneveinfos.ch\/index.php\/2026\/09\/04\/le-groupuscule-dextreme-droite-junge-tat-juge-a-zurich-pour-discrimination-et-incitation-a-la-haine\/#listItem","position":3,"name":"Le groupuscule d&rsquo;extr\u00eame droite Junge Tat jug\u00e9 \u00e0 Zurich pour discrimination et incitation \u00e0 la haine","previousItem":{"@type":"ListItem","@id":"https:\/\/geneveinfos.ch\/index.php\/category\/tech-innovation\/#listItem","name":"tech-innovation"}}]},{"@type":"Person","@id":"https:\/\/geneveinfos.ch\/#person","name":"Morgane RAVOUNA","image":{"@type":"ImageObject","@id":"https:\/\/geneveinfos.ch\/index.php\/2026\/09\/04\/le-groupuscule-dextreme-droite-junge-tat-juge-a-zurich-pour-discrimination-et-incitation-a-la-haine\/#personImage","url":"https:\/\/secure.gravatar.com\/avatar\/bd1e2e1e7cabf66754a14e2181bc3f67cd3c2b9403841e078411545fc405115b?s=96&d=mm&r=g","width":96,"height":96,"caption":"Morgane RAVOUNA"}},{"@type":"Person","@id":"https:\/\/geneveinfos.ch\/index.php\/author\/admin1380\/#author","url":"https:\/\/geneveinfos.ch\/index.php\/author\/admin1380\/","name":"Morgane RAVOUNA","image":{"@type":"ImageObject","@id":"https:\/\/geneveinfos.ch\/index.php\/2026\/09\/04\/le-groupuscule-dextreme-droite-junge-tat-juge-a-zurich-pour-discrimination-et-incitation-a-la-haine\/#authorImage","url":"https:\/\/secure.gravatar.com\/avatar\/bd1e2e1e7cabf66754a14e2181bc3f67cd3c2b9403841e078411545fc405115b?s=96&d=mm&r=g","width":96,"height":96,"caption":"Morgane RAVOUNA"}},{"@type":"WebPage","@id":"https:\/\/geneveinfos.ch\/index.php\/2026\/09\/04\/le-groupuscule-dextreme-droite-junge-tat-juge-a-zurich-pour-discrimination-et-incitation-a-la-haine\/#webpage","url":"https:\/\/geneveinfos.ch\/index.php\/2026\/09\/04\/le-groupuscule-dextreme-droite-junge-tat-juge-a-zurich-pour-discrimination-et-incitation-a-la-haine\/","name":"Le groupuscule d\u2019extr\u00eame droite Junge Tat jug\u00e9 \u00e0 Zurich pour discrimination et incitation \u00e0 la haine - Gen\u00e8ve Infos","description":"Six membres de la Junge Tat, l'un des groupuscules d'extr\u00eame droite les plus actifs de Suisse, comparaissaient vendredi \u00e0 Zurich. Leurs deux leaders risquent jusqu'\u00e0 quinze mois de prison dont six ferme.","inLanguage":"fr-FR","isPartOf":{"@id":"https:\/\/geneveinfos.ch\/#website"},"breadcrumb":{"@id":"https:\/\/geneveinfos.ch\/index.php\/2026\/09\/04\/le-groupuscule-dextreme-droite-junge-tat-juge-a-zurich-pour-discrimination-et-incitation-a-la-haine\/#breadcrumblist"},"author":{"@id":"https:\/\/geneveinfos.ch\/index.php\/author\/admin1380\/#author"},"creator":{"@id":"https:\/\/geneveinfos.ch\/index.php\/author\/admin1380\/#author"},"datePublished":"2026-09-04T18:39:49+02:00","dateModified":"2026-09-04T18:39:49+02:00"},{"@type":"WebSite","@id":"https:\/\/geneveinfos.ch\/#website","url":"https:\/\/geneveinfos.ch\/","name":"Gen\u00e8ve Infos","description":"Le site d'informations de la r\u00e9gion genevoise","inLanguage":"fr-FR","publisher":{"@id":"https:\/\/geneveinfos.ch\/#person"}}]},"og:locale":"fr_FR","og:site_name":"Gen\u00e8ve Infos - Le site d'informations de la r\u00e9gion genevoise","og:type":"article","og:title":"Le groupuscule d\u2019extr\u00eame droite Junge Tat jug\u00e9 \u00e0 Zurich pour discrimination et incitation \u00e0 la haine - Gen\u00e8ve Infos","og:description":"Six membres de la Junge Tat, l'un des groupuscules d'extr\u00eame droite les plus actifs de Suisse, comparaissaient vendredi \u00e0 Zurich. Leurs deux leaders risquent jusqu'\u00e0 quinze mois de prison dont six ferme.","og:url":"https:\/\/geneveinfos.ch\/index.php\/2026\/09\/04\/le-groupuscule-dextreme-droite-junge-tat-juge-a-zurich-pour-discrimination-et-incitation-a-la-haine\/","og:image":"https:\/\/geneveinfos.ch\/wp-content\/uploads\/2025\/09\/Capture-decran-2025-09-18-a-16.52.08.png","og:image:secure_url":"https:\/\/geneveinfos.ch\/wp-content\/uploads\/2025\/09\/Capture-decran-2025-09-18-a-16.52.08.png","og:image:width":513,"og:image:height":457,"article:published_time":"2026-09-04T16:39:49+00:00","article:modified_time":"2026-09-04T16:39:49+00:00","article:publisher":"https:\/\/www.facebook.com\/profile.php?id=61576016541234","twitter:card":"summary_large_image","twitter:title":"Le groupuscule d\u2019extr\u00eame droite Junge Tat jug\u00e9 \u00e0 Zurich pour discrimination et incitation \u00e0 la haine - Gen\u00e8ve Infos","twitter:description":"Six membres de la Junge Tat, l'un des groupuscules d'extr\u00eame droite les plus actifs de Suisse, comparaissaient vendredi \u00e0 Zurich. Leurs deux leaders risquent jusqu'\u00e0 quinze mois de prison dont six ferme.","twitter:image":"https:\/\/geneveinfos.ch\/wp-content\/uploads\/2025\/09\/Capture-decran-2025-09-18-a-16.52.08.png"},"aioseo_meta_data":{"post_id":"210130","title":null,"description":null,"keywords":null,"keyphrases":null,"primary_term":null,"canonical_url":null,"og_title":null,"og_description":null,"og_object_type":"default","og_image_type":"default","og_image_url":null,"og_image_width":null,"og_image_height":null,"og_image_custom_url":null,"og_image_custom_fields":null,"og_video":null,"og_custom_url":null,"og_article_section":null,"og_article_tags":null,"twitter_use_og":false,"twitter_card":"default","twitter_image_type":"default","twitter_image_url":null,"twitter_image_custom_url":null,"twitter_image_custom_fields":null,"twitter_title":null,"twitter_description":null,"schema":{"blockGraphs":[],"customGraphs":[],"default":{"data":{"Article":[],"Course":[],"Dataset":[],"FAQPage":[],"Movie":[],"Person":[],"Product":[],"ProductReview":[],"Car":[],"Recipe":[],"Service":[],"SoftwareApplication":[],"WebPage":[]},"graphName":"","isEnabled":true},"graphs":[]},"schema_type":"default","schema_type_options":null,"pillar_content":false,"robots_default":true,"robots_noindex":false,"robots_noarchive":false,"robots_nosnippet":false,"robots_nofollow":false,"robots_noimageindex":false,"robots_noodp":false,"robots_notranslate":false,"robots_max_snippet":null,"robots_max_videopreview":null,"robots_max_imagepreview":"large","priority":null,"frequency":null,"local_seo":null,"breadcrumb_settings":null,"limit_modified_date":false,"ai":null,"created":"2026-09-04 18:38:59","updated":"2026-09-04 18:38:59","seo_analyzer_scan_date":null,"focus_keyword":null,"additional_keywords":null,"truseo_locale":null},"aioseo_breadcrumb":"<div class=\"aioseo-breadcrumbs\"><span class=\"aioseo-breadcrumb\">\n\t\t\t<a href=\"https:\/\/geneveinfos.ch\" title=\"Home\">Home<\/a>\n\t\t<\/span><span class=\"aioseo-breadcrumb-separator\">&raquo;<\/span><span class=\"aioseo-breadcrumb\">\n\t\t\t<a href=\"https:\/\/geneveinfos.ch\/index.php\/category\/tech-innovation\/\" title=\"tech-innovation\">tech-innovation<\/a>\n\t\t<\/span><span class=\"aioseo-breadcrumb-separator\">&raquo;<\/span><span class=\"aioseo-breadcrumb\">\n\t\t\tLe groupuscule d\u2019extr\u00eame droite Junge Tat jug\u00e9 \u00e0 Zurich pour discrimination et incitation \u00e0 la haine\n\t\t<\/span><\/div>","aioseo_breadcrumb_json":[{"label":"Home","link":"https:\/\/geneveinfos.ch"},{"label":"tech-innovation","link":"https:\/\/geneveinfos.ch\/index.php\/category\/tech-innovation\/"},{"label":"Le groupuscule d&rsquo;extr\u00eame droite Junge Tat jug\u00e9 \u00e0 Zurich pour discrimination et incitation \u00e0 la haine","link":"https:\/\/geneveinfos.ch\/index.php\/2026\/09\/04\/le-groupuscule-dextreme-droite-junge-tat-juge-a-zurich-pour-discrimination-et-incitation-a-la-haine\/"}],"_links":{"self":[{"href":"https:\/\/geneveinfos.ch\/index.php\/wp-json\/wp\/v2\/posts\/210130","targetHints":{"allow":["GET"]}}],"collection":[{"href":"https:\/\/geneveinfos.ch\/index.php\/wp-json\/wp\/v2\/posts"}],"about":[{"href":"https:\/\/geneveinfos.ch\/index.php\/wp-json\/wp\/v2\/types\/post"}],"author":[{"embeddable":true,"href":"https:\/\/geneveinfos.ch\/index.php\/wp-json\/wp\/v2\/users\/1"}],"replies":[{"embeddable":true,"href":"https:\/\/geneveinfos.ch\/index.php\/wp-json\/wp\/v2\/comments?post=210130"}],"version-history":[{"count":0,"href":"https:\/\/geneveinfos.ch\/index.php\/wp-json\/wp\/v2\/posts\/210130\/revisions"}],"wp:attachment":[{"href":"https:\/\/geneveinfos.ch\/index.php\/wp-json\/wp\/v2\/media?parent=210130"}],"wp:term":[{"taxonomy":"category","embeddable":true,"href":"https:\/\/geneveinfos.ch\/index.php\/wp-json\/wp\/v2\/categories?post=210130"},{"taxonomy":"post_tag","embeddable":true,"href":"https:\/\/geneveinfos.ch\/index.php\/wp-json\/wp\/v2\/tags?post=210130"}],"curies":[{"name":"wp","href":"https:\/\/api.w.org\/{rel}","templated":true}]}}