{"id":210209,"date":"2026-09-04T21:38:18","date_gmt":"2026-09-04T19:38:18","guid":{"rendered":"https:\/\/geneveinfos.ch\/index.php\/2026\/09\/04\/le-deal-de-stupefiants-quitte-les-gares-pour-sinstaller-dans-les-trains-du-nord-vaudois\/"},"modified":"2026-09-04T21:38:18","modified_gmt":"2026-09-04T19:38:18","slug":"le-deal-de-stupefiants-quitte-les-gares-pour-sinstaller-dans-les-trains-du-nord-vaudois","status":"publish","type":"post","link":"https:\/\/geneveinfos.ch\/index.php\/2026\/09\/04\/le-deal-de-stupefiants-quitte-les-gares-pour-sinstaller-dans-les-trains-du-nord-vaudois\/","title":{"rendered":"Le deal de stup\u00e9fiants quitte les gares pour s&rsquo;installer dans les trains du Nord vaudois"},"content":{"rendered":"<p>This <a href=\"https:\/\/www.rts.ch\/info\/regions\/vaud\/2026\/article\/nord-vaudois-le-deal-de-stupefiants-s-installe-dans-les-trains-29347909.html?rts_source=rss_t\" target=\"_blank\">post<\/a> was originally published on <a href=\"https:\/\/www.rts.ch\/info\/toute-info\/?format=rss\/news\" target=\"_blank\">this site<\/a>.<\/p><div>\n<div><a href=\"https:\/\/www.rts.ch\/info\/regions\/vaud\/2026\/article\/nord-vaudois-le-deal-de-stupefiants-s-installe-dans-les-trains-29347909.html?rts_source=rss_t\"><img decoding=\"async\" src=\"https:\/\/img.rts.ch\/medias\/2026\/image\/ee2733f0-29347994.image?w=320&amp;h=180\"><\/a>Face &agrave; la pr&eacute;sence polici&egrave;re renforc&eacute;e dans les gares, les dealers du Nord vaudois ont d&eacute;plac&eacute; leur activit&eacute; &agrave; l&rsquo;int&eacute;rieur m&ecirc;me des trains. La police cantonale vaudoise m&egrave;ne d&eacute;sormais des op&eacute;rations r&eacute;guli&egrave;res &agrave; bord des convois CFF et Travys.<\/div>\n<\/div>\n","protected":false},"excerpt":{"rendered":"<p>This post was originally published on this site. Face &agrave; la pr&eacute;sence polici&egrave;re renforc&eacute;e dans les gares, les dealers du Nord vaudois ont d&eacute;plac&eacute; leur activit&eacute; &agrave; l&rsquo;int&eacute;rieur m&ecirc;me des trains. La police cantonale vaudoise m&egrave;ne d&eacute;sormais des op&eacute;rations r&eacute;guli&egrave;res &agrave; bord des convois CFF et Travys.<\/p>\n","protected":false},"author":1,"featured_media":0,"comment_status":"open","ping_status":"open","sticky":false,"template":"","format":"standard","meta":{"_monsterinsights_skip_tracking":false,"_uf_show_specific_survey":0,"_uf_disable_surveys":false,"footnotes":""},"categories":[100],"tags":[],"class_list":["post-210209","post","type-post","status-publish","format-standard","hentry","category-tech-innovation"],"aioseo_notices":[],"aioseo_head":"\n\t\t<!-- All in One SEO 5.0.1.1 - aioseo.com -->\n\t<meta name=\"description\" content=\"Face \u00e0 la pr\u00e9sence polici\u00e8re renforc\u00e9e dans les gares, les dealers du Nord vaudois ont d\u00e9plac\u00e9 leur activit\u00e9 \u00e0 l&#039;int\u00e9rieur m\u00eame des trains. La police cantonale vaudoise m\u00e8ne d\u00e9sormais des op\u00e9rations r\u00e9guli\u00e8res \u00e0 bord des convois CFF et Travys.\" \/>\n\t<meta name=\"robots\" content=\"max-image-preview:large\" \/>\n\t<meta name=\"author\" content=\"Morgane RAVOUNA\"\/>\n\t<link rel=\"canonical\" href=\"https:\/\/geneveinfos.ch\/index.php\/2026\/09\/04\/le-deal-de-stupefiants-quitte-les-gares-pour-sinstaller-dans-les-trains-du-nord-vaudois\/\" \/>\n\t<meta name=\"generator\" content=\"All in One SEO (AIOSEO) 5.0.1.1\" \/>\n\t\t<meta property=\"og:locale\" content=\"fr_FR\" \/>\n\t\t<meta property=\"og:site_name\" content=\"Gen\u00e8ve Infos - Le site d&#039;informations de la r\u00e9gion genevoise\" \/>\n\t\t<meta property=\"og:type\" content=\"article\" \/>\n\t\t<meta property=\"og:title\" content=\"Le deal de stup\u00e9fiants quitte les gares pour s\u2019installer dans les trains du Nord vaudois - Gen\u00e8ve Infos\" \/>\n\t\t<meta property=\"og:description\" content=\"Face \u00e0 la pr\u00e9sence polici\u00e8re renforc\u00e9e dans les gares, les dealers du Nord vaudois ont d\u00e9plac\u00e9 leur activit\u00e9 \u00e0 l&#039;int\u00e9rieur m\u00eame des trains. La police cantonale vaudoise m\u00e8ne d\u00e9sormais des op\u00e9rations r\u00e9guli\u00e8res \u00e0 bord des convois CFF et Travys.\" \/>\n\t\t<meta property=\"og:url\" content=\"https:\/\/geneveinfos.ch\/index.php\/2026\/09\/04\/le-deal-de-stupefiants-quitte-les-gares-pour-sinstaller-dans-les-trains-du-nord-vaudois\/\" \/>\n\t\t<meta property=\"og:image\" content=\"https:\/\/geneveinfos.ch\/wp-content\/uploads\/2025\/09\/Capture-decran-2025-09-18-a-16.52.08.png\" \/>\n\t\t<meta property=\"og:image:secure_url\" content=\"https:\/\/geneveinfos.ch\/wp-content\/uploads\/2025\/09\/Capture-decran-2025-09-18-a-16.52.08.png\" \/>\n\t\t<meta property=\"og:image:width\" content=\"513\" \/>\n\t\t<meta property=\"og:image:height\" content=\"457\" \/>\n\t\t<meta property=\"article:published_time\" content=\"2026-09-04T19:38:18+00:00\" \/>\n\t\t<meta property=\"article:modified_time\" content=\"2026-09-04T19:38:18+00:00\" \/>\n\t\t<meta property=\"article:publisher\" content=\"https:\/\/www.facebook.com\/profile.php?id=61576016541234\" \/>\n\t\t<meta name=\"twitter:card\" content=\"summary_large_image\" \/>\n\t\t<meta name=\"twitter:title\" content=\"Le deal de stup\u00e9fiants quitte les gares pour s\u2019installer dans les trains du Nord vaudois - Gen\u00e8ve Infos\" \/>\n\t\t<meta name=\"twitter:description\" content=\"Face \u00e0 la pr\u00e9sence polici\u00e8re renforc\u00e9e dans les gares, les dealers du Nord vaudois ont d\u00e9plac\u00e9 leur activit\u00e9 \u00e0 l&#039;int\u00e9rieur m\u00eame des trains. La police cantonale vaudoise m\u00e8ne d\u00e9sormais des op\u00e9rations r\u00e9guli\u00e8res \u00e0 bord des convois CFF et Travys.\" \/>\n\t\t<meta name=\"twitter:image\" content=\"https:\/\/geneveinfos.ch\/wp-content\/uploads\/2025\/09\/Capture-decran-2025-09-18-a-16.52.08.png\" \/>\n\t\t<script type=\"application\/ld+json\" class=\"aioseo-schema\">\n\t\t\t{\"@context\":\"https:\\\/\\\/schema.org\",\"@graph\":[{\"@type\":\"BlogPosting\",\"@id\":\"https:\\\/\\\/geneveinfos.ch\\\/index.php\\\/2026\\\/09\\\/04\\\/le-deal-de-stupefiants-quitte-les-gares-pour-sinstaller-dans-les-trains-du-nord-vaudois\\\/#blogposting\",\"name\":\"Le deal de stup\\u00e9fiants quitte les gares pour s\\u2019installer dans les trains du Nord vaudois - Gen\\u00e8ve Infos\",\"headline\":\"Le deal de stup\\u00e9fiants quitte les gares pour s&rsquo;installer dans les trains du Nord vaudois\",\"author\":{\"@id\":\"https:\\\/\\\/geneveinfos.ch\\\/index.php\\\/author\\\/admin1380\\\/#author\"},\"publisher\":{\"@id\":\"https:\\\/\\\/geneveinfos.ch\\\/#person\"},\"image\":{\"@type\":\"ImageObject\",\"url\":\"https:\\\/\\\/img.rts.ch\\\/medias\\\/2026\\\/image\\\/ee2733f0-29347994.image?w=320&amp;h=180\",\"@id\":\"https:\\\/\\\/geneveinfos.ch\\\/index.php\\\/2026\\\/09\\\/04\\\/le-deal-de-stupefiants-quitte-les-gares-pour-sinstaller-dans-les-trains-du-nord-vaudois\\\/#articleImage\"},\"datePublished\":\"2026-09-04T21:38:18+02:00\",\"dateModified\":\"2026-09-04T21:38:18+02:00\",\"inLanguage\":\"fr-FR\",\"mainEntityOfPage\":{\"@id\":\"https:\\\/\\\/geneveinfos.ch\\\/index.php\\\/2026\\\/09\\\/04\\\/le-deal-de-stupefiants-quitte-les-gares-pour-sinstaller-dans-les-trains-du-nord-vaudois\\\/#webpage\"},\"isPartOf\":{\"@id\":\"https:\\\/\\\/geneveinfos.ch\\\/index.php\\\/2026\\\/09\\\/04\\\/le-deal-de-stupefiants-quitte-les-gares-pour-sinstaller-dans-les-trains-du-nord-vaudois\\\/#webpage\"},\"articleSection\":\"tech-innovation\"},{\"@type\":\"BreadcrumbList\",\"@id\":\"https:\\\/\\\/geneveinfos.ch\\\/index.php\\\/2026\\\/09\\\/04\\\/le-deal-de-stupefiants-quitte-les-gares-pour-sinstaller-dans-les-trains-du-nord-vaudois\\\/#breadcrumblist\",\"itemListElement\":[{\"@type\":\"ListItem\",\"@id\":\"https:\\\/\\\/geneveinfos.ch#listItem\",\"position\":1,\"name\":\"Home\",\"item\":\"https:\\\/\\\/geneveinfos.ch\",\"nextItem\":{\"@type\":\"ListItem\",\"@id\":\"https:\\\/\\\/geneveinfos.ch\\\/index.php\\\/category\\\/tech-innovation\\\/#listItem\",\"name\":\"tech-innovation\"}},{\"@type\":\"ListItem\",\"@id\":\"https:\\\/\\\/geneveinfos.ch\\\/index.php\\\/category\\\/tech-innovation\\\/#listItem\",\"position\":2,\"name\":\"tech-innovation\",\"item\":\"https:\\\/\\\/geneveinfos.ch\\\/index.php\\\/category\\\/tech-innovation\\\/\",\"nextItem\":{\"@type\":\"ListItem\",\"@id\":\"https:\\\/\\\/geneveinfos.ch\\\/index.php\\\/2026\\\/09\\\/04\\\/le-deal-de-stupefiants-quitte-les-gares-pour-sinstaller-dans-les-trains-du-nord-vaudois\\\/#listItem\",\"name\":\"Le deal de stup\\u00e9fiants quitte les gares pour s&rsquo;installer dans les trains du Nord vaudois\"},\"previousItem\":{\"@type\":\"ListItem\",\"@id\":\"https:\\\/\\\/geneveinfos.ch#listItem\",\"name\":\"Home\"}},{\"@type\":\"ListItem\",\"@id\":\"https:\\\/\\\/geneveinfos.ch\\\/index.php\\\/2026\\\/09\\\/04\\\/le-deal-de-stupefiants-quitte-les-gares-pour-sinstaller-dans-les-trains-du-nord-vaudois\\\/#listItem\",\"position\":3,\"name\":\"Le deal de stup\\u00e9fiants quitte les gares pour s&rsquo;installer dans les trains du Nord vaudois\",\"previousItem\":{\"@type\":\"ListItem\",\"@id\":\"https:\\\/\\\/geneveinfos.ch\\\/index.php\\\/category\\\/tech-innovation\\\/#listItem\",\"name\":\"tech-innovation\"}}]},{\"@type\":\"Person\",\"@id\":\"https:\\\/\\\/geneveinfos.ch\\\/#person\",\"name\":\"Morgane RAVOUNA\",\"image\":{\"@type\":\"ImageObject\",\"@id\":\"https:\\\/\\\/geneveinfos.ch\\\/index.php\\\/2026\\\/09\\\/04\\\/le-deal-de-stupefiants-quitte-les-gares-pour-sinstaller-dans-les-trains-du-nord-vaudois\\\/#personImage\",\"url\":\"https:\\\/\\\/secure.gravatar.com\\\/avatar\\\/bd1e2e1e7cabf66754a14e2181bc3f67cd3c2b9403841e078411545fc405115b?s=96&d=mm&r=g\",\"width\":96,\"height\":96,\"caption\":\"Morgane RAVOUNA\"}},{\"@type\":\"Person\",\"@id\":\"https:\\\/\\\/geneveinfos.ch\\\/index.php\\\/author\\\/admin1380\\\/#author\",\"url\":\"https:\\\/\\\/geneveinfos.ch\\\/index.php\\\/author\\\/admin1380\\\/\",\"name\":\"Morgane RAVOUNA\",\"image\":{\"@type\":\"ImageObject\",\"@id\":\"https:\\\/\\\/geneveinfos.ch\\\/index.php\\\/2026\\\/09\\\/04\\\/le-deal-de-stupefiants-quitte-les-gares-pour-sinstaller-dans-les-trains-du-nord-vaudois\\\/#authorImage\",\"url\":\"https:\\\/\\\/secure.gravatar.com\\\/avatar\\\/bd1e2e1e7cabf66754a14e2181bc3f67cd3c2b9403841e078411545fc405115b?s=96&d=mm&r=g\",\"width\":96,\"height\":96,\"caption\":\"Morgane RAVOUNA\"}},{\"@type\":\"WebPage\",\"@id\":\"https:\\\/\\\/geneveinfos.ch\\\/index.php\\\/2026\\\/09\\\/04\\\/le-deal-de-stupefiants-quitte-les-gares-pour-sinstaller-dans-les-trains-du-nord-vaudois\\\/#webpage\",\"url\":\"https:\\\/\\\/geneveinfos.ch\\\/index.php\\\/2026\\\/09\\\/04\\\/le-deal-de-stupefiants-quitte-les-gares-pour-sinstaller-dans-les-trains-du-nord-vaudois\\\/\",\"name\":\"Le deal de stup\\u00e9fiants quitte les gares pour s\\u2019installer dans les trains du Nord vaudois - Gen\\u00e8ve Infos\",\"description\":\"Face \\u00e0 la pr\\u00e9sence polici\\u00e8re renforc\\u00e9e dans les gares, les dealers du Nord vaudois ont d\\u00e9plac\\u00e9 leur activit\\u00e9 \\u00e0 l'int\\u00e9rieur m\\u00eame des trains. La police cantonale vaudoise m\\u00e8ne d\\u00e9sormais des op\\u00e9rations r\\u00e9guli\\u00e8res \\u00e0 bord des convois CFF et Travys.\",\"inLanguage\":\"fr-FR\",\"isPartOf\":{\"@id\":\"https:\\\/\\\/geneveinfos.ch\\\/#website\"},\"breadcrumb\":{\"@id\":\"https:\\\/\\\/geneveinfos.ch\\\/index.php\\\/2026\\\/09\\\/04\\\/le-deal-de-stupefiants-quitte-les-gares-pour-sinstaller-dans-les-trains-du-nord-vaudois\\\/#breadcrumblist\"},\"author\":{\"@id\":\"https:\\\/\\\/geneveinfos.ch\\\/index.php\\\/author\\\/admin1380\\\/#author\"},\"creator\":{\"@id\":\"https:\\\/\\\/geneveinfos.ch\\\/index.php\\\/author\\\/admin1380\\\/#author\"},\"datePublished\":\"2026-09-04T21:38:18+02:00\",\"dateModified\":\"2026-09-04T21:38:18+02:00\"},{\"@type\":\"WebSite\",\"@id\":\"https:\\\/\\\/geneveinfos.ch\\\/#website\",\"url\":\"https:\\\/\\\/geneveinfos.ch\\\/\",\"name\":\"Gen\\u00e8ve Infos\",\"description\":\"Le site d'informations de la r\\u00e9gion genevoise\",\"inLanguage\":\"fr-FR\",\"publisher\":{\"@id\":\"https:\\\/\\\/geneveinfos.ch\\\/#person\"}}]}\n\t\t<\/script>\n\t\t<!-- All in One SEO -->\n\n","aioseo_head_json":{"title":"Le deal de stup\u00e9fiants quitte les gares pour s\u2019installer dans les trains du Nord vaudois - Gen\u00e8ve Infos","description":"Face \u00e0 la pr\u00e9sence polici\u00e8re renforc\u00e9e dans les gares, les dealers du Nord vaudois ont d\u00e9plac\u00e9 leur activit\u00e9 \u00e0 l'int\u00e9rieur m\u00eame des trains. La police cantonale vaudoise m\u00e8ne d\u00e9sormais des op\u00e9rations r\u00e9guli\u00e8res \u00e0 bord des convois CFF et Travys.","canonical_url":"https:\/\/geneveinfos.ch\/index.php\/2026\/09\/04\/le-deal-de-stupefiants-quitte-les-gares-pour-sinstaller-dans-les-trains-du-nord-vaudois\/","robots":"max-image-preview:large","keywords":"","webmasterTools":{"miscellaneous":""},"schema":{"@context":"https:\/\/schema.org","@graph":[{"@type":"BlogPosting","@id":"https:\/\/geneveinfos.ch\/index.php\/2026\/09\/04\/le-deal-de-stupefiants-quitte-les-gares-pour-sinstaller-dans-les-trains-du-nord-vaudois\/#blogposting","name":"Le deal de stup\u00e9fiants quitte les gares pour s\u2019installer dans les trains du Nord vaudois - Gen\u00e8ve Infos","headline":"Le deal de stup\u00e9fiants quitte les gares pour s&rsquo;installer dans les trains du Nord vaudois","author":{"@id":"https:\/\/geneveinfos.ch\/index.php\/author\/admin1380\/#author"},"publisher":{"@id":"https:\/\/geneveinfos.ch\/#person"},"image":{"@type":"ImageObject","url":"https:\/\/img.rts.ch\/medias\/2026\/image\/ee2733f0-29347994.image?w=320&amp;h=180","@id":"https:\/\/geneveinfos.ch\/index.php\/2026\/09\/04\/le-deal-de-stupefiants-quitte-les-gares-pour-sinstaller-dans-les-trains-du-nord-vaudois\/#articleImage"},"datePublished":"2026-09-04T21:38:18+02:00","dateModified":"2026-09-04T21:38:18+02:00","inLanguage":"fr-FR","mainEntityOfPage":{"@id":"https:\/\/geneveinfos.ch\/index.php\/2026\/09\/04\/le-deal-de-stupefiants-quitte-les-gares-pour-sinstaller-dans-les-trains-du-nord-vaudois\/#webpage"},"isPartOf":{"@id":"https:\/\/geneveinfos.ch\/index.php\/2026\/09\/04\/le-deal-de-stupefiants-quitte-les-gares-pour-sinstaller-dans-les-trains-du-nord-vaudois\/#webpage"},"articleSection":"tech-innovation"},{"@type":"BreadcrumbList","@id":"https:\/\/geneveinfos.ch\/index.php\/2026\/09\/04\/le-deal-de-stupefiants-quitte-les-gares-pour-sinstaller-dans-les-trains-du-nord-vaudois\/#breadcrumblist","itemListElement":[{"@type":"ListItem","@id":"https:\/\/geneveinfos.ch#listItem","position":1,"name":"Home","item":"https:\/\/geneveinfos.ch","nextItem":{"@type":"ListItem","@id":"https:\/\/geneveinfos.ch\/index.php\/category\/tech-innovation\/#listItem","name":"tech-innovation"}},{"@type":"ListItem","@id":"https:\/\/geneveinfos.ch\/index.php\/category\/tech-innovation\/#listItem","position":2,"name":"tech-innovation","item":"https:\/\/geneveinfos.ch\/index.php\/category\/tech-innovation\/","nextItem":{"@type":"ListItem","@id":"https:\/\/geneveinfos.ch\/index.php\/2026\/09\/04\/le-deal-de-stupefiants-quitte-les-gares-pour-sinstaller-dans-les-trains-du-nord-vaudois\/#listItem","name":"Le deal de stup\u00e9fiants quitte les gares pour s&rsquo;installer dans les trains du Nord vaudois"},"previousItem":{"@type":"ListItem","@id":"https:\/\/geneveinfos.ch#listItem","name":"Home"}},{"@type":"ListItem","@id":"https:\/\/geneveinfos.ch\/index.php\/2026\/09\/04\/le-deal-de-stupefiants-quitte-les-gares-pour-sinstaller-dans-les-trains-du-nord-vaudois\/#listItem","position":3,"name":"Le deal de stup\u00e9fiants quitte les gares pour s&rsquo;installer dans les trains du Nord vaudois","previousItem":{"@type":"ListItem","@id":"https:\/\/geneveinfos.ch\/index.php\/category\/tech-innovation\/#listItem","name":"tech-innovation"}}]},{"@type":"Person","@id":"https:\/\/geneveinfos.ch\/#person","name":"Morgane RAVOUNA","image":{"@type":"ImageObject","@id":"https:\/\/geneveinfos.ch\/index.php\/2026\/09\/04\/le-deal-de-stupefiants-quitte-les-gares-pour-sinstaller-dans-les-trains-du-nord-vaudois\/#personImage","url":"https:\/\/secure.gravatar.com\/avatar\/bd1e2e1e7cabf66754a14e2181bc3f67cd3c2b9403841e078411545fc405115b?s=96&d=mm&r=g","width":96,"height":96,"caption":"Morgane RAVOUNA"}},{"@type":"Person","@id":"https:\/\/geneveinfos.ch\/index.php\/author\/admin1380\/#author","url":"https:\/\/geneveinfos.ch\/index.php\/author\/admin1380\/","name":"Morgane RAVOUNA","image":{"@type":"ImageObject","@id":"https:\/\/geneveinfos.ch\/index.php\/2026\/09\/04\/le-deal-de-stupefiants-quitte-les-gares-pour-sinstaller-dans-les-trains-du-nord-vaudois\/#authorImage","url":"https:\/\/secure.gravatar.com\/avatar\/bd1e2e1e7cabf66754a14e2181bc3f67cd3c2b9403841e078411545fc405115b?s=96&d=mm&r=g","width":96,"height":96,"caption":"Morgane RAVOUNA"}},{"@type":"WebPage","@id":"https:\/\/geneveinfos.ch\/index.php\/2026\/09\/04\/le-deal-de-stupefiants-quitte-les-gares-pour-sinstaller-dans-les-trains-du-nord-vaudois\/#webpage","url":"https:\/\/geneveinfos.ch\/index.php\/2026\/09\/04\/le-deal-de-stupefiants-quitte-les-gares-pour-sinstaller-dans-les-trains-du-nord-vaudois\/","name":"Le deal de stup\u00e9fiants quitte les gares pour s\u2019installer dans les trains du Nord vaudois - Gen\u00e8ve Infos","description":"Face \u00e0 la pr\u00e9sence polici\u00e8re renforc\u00e9e dans les gares, les dealers du Nord vaudois ont d\u00e9plac\u00e9 leur activit\u00e9 \u00e0 l'int\u00e9rieur m\u00eame des trains. La police cantonale vaudoise m\u00e8ne d\u00e9sormais des op\u00e9rations r\u00e9guli\u00e8res \u00e0 bord des convois CFF et Travys.","inLanguage":"fr-FR","isPartOf":{"@id":"https:\/\/geneveinfos.ch\/#website"},"breadcrumb":{"@id":"https:\/\/geneveinfos.ch\/index.php\/2026\/09\/04\/le-deal-de-stupefiants-quitte-les-gares-pour-sinstaller-dans-les-trains-du-nord-vaudois\/#breadcrumblist"},"author":{"@id":"https:\/\/geneveinfos.ch\/index.php\/author\/admin1380\/#author"},"creator":{"@id":"https:\/\/geneveinfos.ch\/index.php\/author\/admin1380\/#author"},"datePublished":"2026-09-04T21:38:18+02:00","dateModified":"2026-09-04T21:38:18+02:00"},{"@type":"WebSite","@id":"https:\/\/geneveinfos.ch\/#website","url":"https:\/\/geneveinfos.ch\/","name":"Gen\u00e8ve Infos","description":"Le site d'informations de la r\u00e9gion genevoise","inLanguage":"fr-FR","publisher":{"@id":"https:\/\/geneveinfos.ch\/#person"}}]},"og:locale":"fr_FR","og:site_name":"Gen\u00e8ve Infos - Le site d'informations de la r\u00e9gion genevoise","og:type":"article","og:title":"Le deal de stup\u00e9fiants quitte les gares pour s\u2019installer dans les trains du Nord vaudois - Gen\u00e8ve Infos","og:description":"Face \u00e0 la pr\u00e9sence polici\u00e8re renforc\u00e9e dans les gares, les dealers du Nord vaudois ont d\u00e9plac\u00e9 leur activit\u00e9 \u00e0 l'int\u00e9rieur m\u00eame des trains. La police cantonale vaudoise m\u00e8ne d\u00e9sormais des op\u00e9rations r\u00e9guli\u00e8res \u00e0 bord des convois CFF et Travys.","og:url":"https:\/\/geneveinfos.ch\/index.php\/2026\/09\/04\/le-deal-de-stupefiants-quitte-les-gares-pour-sinstaller-dans-les-trains-du-nord-vaudois\/","og:image":"https:\/\/geneveinfos.ch\/wp-content\/uploads\/2025\/09\/Capture-decran-2025-09-18-a-16.52.08.png","og:image:secure_url":"https:\/\/geneveinfos.ch\/wp-content\/uploads\/2025\/09\/Capture-decran-2025-09-18-a-16.52.08.png","og:image:width":513,"og:image:height":457,"article:published_time":"2026-09-04T19:38:18+00:00","article:modified_time":"2026-09-04T19:38:18+00:00","article:publisher":"https:\/\/www.facebook.com\/profile.php?id=61576016541234","twitter:card":"summary_large_image","twitter:title":"Le deal de stup\u00e9fiants quitte les gares pour s\u2019installer dans les trains du Nord vaudois - Gen\u00e8ve Infos","twitter:description":"Face \u00e0 la pr\u00e9sence polici\u00e8re renforc\u00e9e dans les gares, les dealers du Nord vaudois ont d\u00e9plac\u00e9 leur activit\u00e9 \u00e0 l'int\u00e9rieur m\u00eame des trains. La police cantonale vaudoise m\u00e8ne d\u00e9sormais des op\u00e9rations r\u00e9guli\u00e8res \u00e0 bord des convois CFF et Travys.","twitter:image":"https:\/\/geneveinfos.ch\/wp-content\/uploads\/2025\/09\/Capture-decran-2025-09-18-a-16.52.08.png"},"aioseo_meta_data":{"post_id":"210209","title":null,"description":null,"keywords":null,"keyphrases":null,"primary_term":null,"canonical_url":null,"og_title":null,"og_description":null,"og_object_type":"default","og_image_type":"default","og_image_url":null,"og_image_width":null,"og_image_height":null,"og_image_custom_url":null,"og_image_custom_fields":null,"og_video":null,"og_custom_url":null,"og_article_section":null,"og_article_tags":null,"twitter_use_og":false,"twitter_card":"default","twitter_image_type":"default","twitter_image_url":null,"twitter_image_custom_url":null,"twitter_image_custom_fields":null,"twitter_title":null,"twitter_description":null,"schema":{"blockGraphs":[],"customGraphs":[],"default":{"data":{"Article":[],"Course":[],"Dataset":[],"FAQPage":[],"Movie":[],"Person":[],"Product":[],"ProductReview":[],"Car":[],"Recipe":[],"Service":[],"SoftwareApplication":[],"WebPage":[]},"graphName":"","isEnabled":true},"graphs":[]},"schema_type":"default","schema_type_options":null,"pillar_content":false,"robots_default":true,"robots_noindex":false,"robots_noarchive":false,"robots_nosnippet":false,"robots_nofollow":false,"robots_noimageindex":false,"robots_noodp":false,"robots_notranslate":false,"robots_max_snippet":null,"robots_max_videopreview":null,"robots_max_imagepreview":"large","priority":null,"frequency":null,"local_seo":null,"breadcrumb_settings":null,"limit_modified_date":false,"ai":null,"created":"2026-09-04 20:36:45","updated":"2026-09-04 20:36:45","seo_analyzer_scan_date":null,"focus_keyword":null,"additional_keywords":null,"truseo_locale":null},"aioseo_breadcrumb":"<div class=\"aioseo-breadcrumbs\"><span class=\"aioseo-breadcrumb\">\n\t\t\t<a href=\"https:\/\/geneveinfos.ch\" title=\"Home\">Home<\/a>\n\t\t<\/span><span class=\"aioseo-breadcrumb-separator\">&raquo;<\/span><span class=\"aioseo-breadcrumb\">\n\t\t\t<a href=\"https:\/\/geneveinfos.ch\/index.php\/category\/tech-innovation\/\" title=\"tech-innovation\">tech-innovation<\/a>\n\t\t<\/span><span class=\"aioseo-breadcrumb-separator\">&raquo;<\/span><span class=\"aioseo-breadcrumb\">\n\t\t\tLe deal de stup\u00e9fiants quitte les gares pour s\u2019installer dans les trains du Nord vaudois\n\t\t<\/span><\/div>","aioseo_breadcrumb_json":[{"label":"Home","link":"https:\/\/geneveinfos.ch"},{"label":"tech-innovation","link":"https:\/\/geneveinfos.ch\/index.php\/category\/tech-innovation\/"},{"label":"Le deal de stup\u00e9fiants quitte les gares pour s&rsquo;installer dans les trains du Nord vaudois","link":"https:\/\/geneveinfos.ch\/index.php\/2026\/09\/04\/le-deal-de-stupefiants-quitte-les-gares-pour-sinstaller-dans-les-trains-du-nord-vaudois\/"}],"_links":{"self":[{"href":"https:\/\/geneveinfos.ch\/index.php\/wp-json\/wp\/v2\/posts\/210209","targetHints":{"allow":["GET"]}}],"collection":[{"href":"https:\/\/geneveinfos.ch\/index.php\/wp-json\/wp\/v2\/posts"}],"about":[{"href":"https:\/\/geneveinfos.ch\/index.php\/wp-json\/wp\/v2\/types\/post"}],"author":[{"embeddable":true,"href":"https:\/\/geneveinfos.ch\/index.php\/wp-json\/wp\/v2\/users\/1"}],"replies":[{"embeddable":true,"href":"https:\/\/geneveinfos.ch\/index.php\/wp-json\/wp\/v2\/comments?post=210209"}],"version-history":[{"count":0,"href":"https:\/\/geneveinfos.ch\/index.php\/wp-json\/wp\/v2\/posts\/210209\/revisions"}],"wp:attachment":[{"href":"https:\/\/geneveinfos.ch\/index.php\/wp-json\/wp\/v2\/media?parent=210209"}],"wp:term":[{"taxonomy":"category","embeddable":true,"href":"https:\/\/geneveinfos.ch\/index.php\/wp-json\/wp\/v2\/categories?post=210209"},{"taxonomy":"post_tag","embeddable":true,"href":"https:\/\/geneveinfos.ch\/index.php\/wp-json\/wp\/v2\/tags?post=210209"}],"curies":[{"name":"wp","href":"https:\/\/api.w.org\/{rel}","templated":true}]}}