{"id":210245,"date":"2026-09-04T22:15:30","date_gmt":"2026-09-04T20:15:30","guid":{"rendered":"https:\/\/geneveinfos.ch\/index.php\/2026\/09\/04\/environ-300-personnes-a-une-marche-commemorative-pour-les-victimes-de-la-fusillade-daarau\/"},"modified":"2026-09-04T22:15:30","modified_gmt":"2026-09-04T20:15:30","slug":"environ-300-personnes-a-une-marche-commemorative-pour-les-victimes-de-la-fusillade-daarau","status":"publish","type":"post","link":"https:\/\/geneveinfos.ch\/index.php\/2026\/09\/04\/environ-300-personnes-a-une-marche-commemorative-pour-les-victimes-de-la-fusillade-daarau\/","title":{"rendered":"Environ 300 personnes \u00e0 une marche comm\u00e9morative pour les victimes de la fusillade d&rsquo;Aarau"},"content":{"rendered":"<p>This <a href=\"https:\/\/www.rts.ch\/info\/regions\/autres-cantons\/2026\/article\/fusillade-d-aarau-300-personnes-rendent-hommage-aux-victimes-29348056.html?rts_source=rss_t\" target=\"_blank\">post<\/a> was originally published on <a href=\"https:\/\/www.rts.ch\/info\/toute-info\/?format=rss\/news\" target=\"_blank\">this site<\/a>.<\/p><div>\n<div><a href=\"https:\/\/www.rts.ch\/info\/regions\/autres-cantons\/2026\/article\/fusillade-d-aarau-300-personnes-rendent-hommage-aux-victimes-29348056.html?rts_source=rss_t\"><img decoding=\"async\" src=\"https:\/\/img.rts.ch\/articles\/2026\/image\/df187e2f-29348057.image?w=320&amp;h=180\"><\/a>Environ 300 personnes ont particip&eacute; vendredi soir &agrave; une marche blanche et ont observ&eacute; une minute de silence en hommage aux victimes de la fusillade d&rsquo;Aarau. L&rsquo;&eacute;v&eacute;nement a &eacute;t&eacute; mis sur pied par les organisateurs de la rave party lors de laquelle le tireur a s&eacute;vi.<\/div>\n<\/div>\n","protected":false},"excerpt":{"rendered":"<p>This post was originally published on this site. Environ 300 personnes ont particip&eacute; vendredi soir &agrave; une marche blanche et ont observ&eacute; une minute de silence en hommage aux victimes de la fusillade d&rsquo;Aarau. L&rsquo;&eacute;v&eacute;nement a &eacute;t&eacute; mis sur pied par les organisateurs de la rave party lors de laquelle le tireur a s&eacute;vi.<\/p>\n","protected":false},"author":1,"featured_media":0,"comment_status":"open","ping_status":"open","sticky":false,"template":"","format":"standard","meta":{"_monsterinsights_skip_tracking":false,"_uf_show_specific_survey":0,"_uf_disable_surveys":false,"footnotes":""},"categories":[100],"tags":[],"class_list":["post-210245","post","type-post","status-publish","format-standard","hentry","category-tech-innovation"],"aioseo_notices":[],"aioseo_head":"\n\t\t<!-- All in One SEO 5.0.1.1 - aioseo.com -->\n\t<meta name=\"description\" content=\"Environ 300 personnes ont particip\u00e9 vendredi soir \u00e0 une marche blanche et ont observ\u00e9 une minute de silence en hommage aux victimes de la fusillade d&#039;Aarau. L&#039;\u00e9v\u00e9nement a \u00e9t\u00e9 mis sur pied par les organisateurs de la rave party lors de laquelle le tireur a s\u00e9vi.\" \/>\n\t<meta name=\"robots\" content=\"max-image-preview:large\" \/>\n\t<meta name=\"author\" content=\"Morgane RAVOUNA\"\/>\n\t<link rel=\"canonical\" href=\"https:\/\/geneveinfos.ch\/index.php\/2026\/09\/04\/environ-300-personnes-a-une-marche-commemorative-pour-les-victimes-de-la-fusillade-daarau\/\" \/>\n\t<meta name=\"generator\" content=\"All in One SEO (AIOSEO) 5.0.1.1\" \/>\n\t\t<meta property=\"og:locale\" content=\"fr_FR\" \/>\n\t\t<meta property=\"og:site_name\" content=\"Gen\u00e8ve Infos - Le site d&#039;informations de la r\u00e9gion genevoise\" \/>\n\t\t<meta property=\"og:type\" content=\"article\" \/>\n\t\t<meta property=\"og:title\" content=\"Environ 300 personnes \u00e0 une marche comm\u00e9morative pour les victimes de la fusillade d\u2019Aarau - Gen\u00e8ve Infos\" \/>\n\t\t<meta property=\"og:description\" content=\"Environ 300 personnes ont particip\u00e9 vendredi soir \u00e0 une marche blanche et ont observ\u00e9 une minute de silence en hommage aux victimes de la fusillade d&#039;Aarau. L&#039;\u00e9v\u00e9nement a \u00e9t\u00e9 mis sur pied par les organisateurs de la rave party lors de laquelle le tireur a s\u00e9vi.\" \/>\n\t\t<meta property=\"og:url\" content=\"https:\/\/geneveinfos.ch\/index.php\/2026\/09\/04\/environ-300-personnes-a-une-marche-commemorative-pour-les-victimes-de-la-fusillade-daarau\/\" \/>\n\t\t<meta property=\"og:image\" content=\"https:\/\/geneveinfos.ch\/wp-content\/uploads\/2025\/09\/Capture-decran-2025-09-18-a-16.52.08.png\" \/>\n\t\t<meta property=\"og:image:secure_url\" content=\"https:\/\/geneveinfos.ch\/wp-content\/uploads\/2025\/09\/Capture-decran-2025-09-18-a-16.52.08.png\" \/>\n\t\t<meta property=\"og:image:width\" content=\"513\" \/>\n\t\t<meta property=\"og:image:height\" content=\"457\" \/>\n\t\t<meta property=\"article:published_time\" content=\"2026-09-04T20:15:30+00:00\" \/>\n\t\t<meta property=\"article:modified_time\" content=\"2026-09-04T20:15:30+00:00\" \/>\n\t\t<meta property=\"article:publisher\" content=\"https:\/\/www.facebook.com\/profile.php?id=61576016541234\" \/>\n\t\t<meta name=\"twitter:card\" content=\"summary_large_image\" \/>\n\t\t<meta name=\"twitter:title\" content=\"Environ 300 personnes \u00e0 une marche comm\u00e9morative pour les victimes de la fusillade d\u2019Aarau - Gen\u00e8ve Infos\" \/>\n\t\t<meta name=\"twitter:description\" content=\"Environ 300 personnes ont particip\u00e9 vendredi soir \u00e0 une marche blanche et ont observ\u00e9 une minute de silence en hommage aux victimes de la fusillade d&#039;Aarau. L&#039;\u00e9v\u00e9nement a \u00e9t\u00e9 mis sur pied par les organisateurs de la rave party lors de laquelle le tireur a s\u00e9vi.\" \/>\n\t\t<meta name=\"twitter:image\" content=\"https:\/\/geneveinfos.ch\/wp-content\/uploads\/2025\/09\/Capture-decran-2025-09-18-a-16.52.08.png\" \/>\n\t\t<script type=\"application\/ld+json\" class=\"aioseo-schema\">\n\t\t\t{\"@context\":\"https:\\\/\\\/schema.org\",\"@graph\":[{\"@type\":\"BlogPosting\",\"@id\":\"https:\\\/\\\/geneveinfos.ch\\\/index.php\\\/2026\\\/09\\\/04\\\/environ-300-personnes-a-une-marche-commemorative-pour-les-victimes-de-la-fusillade-daarau\\\/#blogposting\",\"name\":\"Environ 300 personnes \\u00e0 une marche comm\\u00e9morative pour les victimes de la fusillade d\\u2019Aarau - Gen\\u00e8ve Infos\",\"headline\":\"Environ 300 personnes \\u00e0 une marche comm\\u00e9morative pour les victimes de la fusillade d&rsquo;Aarau\",\"author\":{\"@id\":\"https:\\\/\\\/geneveinfos.ch\\\/index.php\\\/author\\\/admin1380\\\/#author\"},\"publisher\":{\"@id\":\"https:\\\/\\\/geneveinfos.ch\\\/#person\"},\"image\":{\"@type\":\"ImageObject\",\"url\":\"https:\\\/\\\/img.rts.ch\\\/articles\\\/2026\\\/image\\\/df187e2f-29348057.image?w=320&amp;h=180\",\"@id\":\"https:\\\/\\\/geneveinfos.ch\\\/index.php\\\/2026\\\/09\\\/04\\\/environ-300-personnes-a-une-marche-commemorative-pour-les-victimes-de-la-fusillade-daarau\\\/#articleImage\"},\"datePublished\":\"2026-09-04T22:15:30+02:00\",\"dateModified\":\"2026-09-04T22:15:30+02:00\",\"inLanguage\":\"fr-FR\",\"mainEntityOfPage\":{\"@id\":\"https:\\\/\\\/geneveinfos.ch\\\/index.php\\\/2026\\\/09\\\/04\\\/environ-300-personnes-a-une-marche-commemorative-pour-les-victimes-de-la-fusillade-daarau\\\/#webpage\"},\"isPartOf\":{\"@id\":\"https:\\\/\\\/geneveinfos.ch\\\/index.php\\\/2026\\\/09\\\/04\\\/environ-300-personnes-a-une-marche-commemorative-pour-les-victimes-de-la-fusillade-daarau\\\/#webpage\"},\"articleSection\":\"tech-innovation\"},{\"@type\":\"BreadcrumbList\",\"@id\":\"https:\\\/\\\/geneveinfos.ch\\\/index.php\\\/2026\\\/09\\\/04\\\/environ-300-personnes-a-une-marche-commemorative-pour-les-victimes-de-la-fusillade-daarau\\\/#breadcrumblist\",\"itemListElement\":[{\"@type\":\"ListItem\",\"@id\":\"https:\\\/\\\/geneveinfos.ch#listItem\",\"position\":1,\"name\":\"Home\",\"item\":\"https:\\\/\\\/geneveinfos.ch\",\"nextItem\":{\"@type\":\"ListItem\",\"@id\":\"https:\\\/\\\/geneveinfos.ch\\\/index.php\\\/category\\\/tech-innovation\\\/#listItem\",\"name\":\"tech-innovation\"}},{\"@type\":\"ListItem\",\"@id\":\"https:\\\/\\\/geneveinfos.ch\\\/index.php\\\/category\\\/tech-innovation\\\/#listItem\",\"position\":2,\"name\":\"tech-innovation\",\"item\":\"https:\\\/\\\/geneveinfos.ch\\\/index.php\\\/category\\\/tech-innovation\\\/\",\"nextItem\":{\"@type\":\"ListItem\",\"@id\":\"https:\\\/\\\/geneveinfos.ch\\\/index.php\\\/2026\\\/09\\\/04\\\/environ-300-personnes-a-une-marche-commemorative-pour-les-victimes-de-la-fusillade-daarau\\\/#listItem\",\"name\":\"Environ 300 personnes \\u00e0 une marche comm\\u00e9morative pour les victimes de la fusillade d&rsquo;Aarau\"},\"previousItem\":{\"@type\":\"ListItem\",\"@id\":\"https:\\\/\\\/geneveinfos.ch#listItem\",\"name\":\"Home\"}},{\"@type\":\"ListItem\",\"@id\":\"https:\\\/\\\/geneveinfos.ch\\\/index.php\\\/2026\\\/09\\\/04\\\/environ-300-personnes-a-une-marche-commemorative-pour-les-victimes-de-la-fusillade-daarau\\\/#listItem\",\"position\":3,\"name\":\"Environ 300 personnes \\u00e0 une marche comm\\u00e9morative pour les victimes de la fusillade d&rsquo;Aarau\",\"previousItem\":{\"@type\":\"ListItem\",\"@id\":\"https:\\\/\\\/geneveinfos.ch\\\/index.php\\\/category\\\/tech-innovation\\\/#listItem\",\"name\":\"tech-innovation\"}}]},{\"@type\":\"Person\",\"@id\":\"https:\\\/\\\/geneveinfos.ch\\\/#person\",\"name\":\"Morgane RAVOUNA\",\"image\":{\"@type\":\"ImageObject\",\"@id\":\"https:\\\/\\\/geneveinfos.ch\\\/index.php\\\/2026\\\/09\\\/04\\\/environ-300-personnes-a-une-marche-commemorative-pour-les-victimes-de-la-fusillade-daarau\\\/#personImage\",\"url\":\"https:\\\/\\\/secure.gravatar.com\\\/avatar\\\/bd1e2e1e7cabf66754a14e2181bc3f67cd3c2b9403841e078411545fc405115b?s=96&d=mm&r=g\",\"width\":96,\"height\":96,\"caption\":\"Morgane RAVOUNA\"}},{\"@type\":\"Person\",\"@id\":\"https:\\\/\\\/geneveinfos.ch\\\/index.php\\\/author\\\/admin1380\\\/#author\",\"url\":\"https:\\\/\\\/geneveinfos.ch\\\/index.php\\\/author\\\/admin1380\\\/\",\"name\":\"Morgane RAVOUNA\",\"image\":{\"@type\":\"ImageObject\",\"@id\":\"https:\\\/\\\/geneveinfos.ch\\\/index.php\\\/2026\\\/09\\\/04\\\/environ-300-personnes-a-une-marche-commemorative-pour-les-victimes-de-la-fusillade-daarau\\\/#authorImage\",\"url\":\"https:\\\/\\\/secure.gravatar.com\\\/avatar\\\/bd1e2e1e7cabf66754a14e2181bc3f67cd3c2b9403841e078411545fc405115b?s=96&d=mm&r=g\",\"width\":96,\"height\":96,\"caption\":\"Morgane RAVOUNA\"}},{\"@type\":\"WebPage\",\"@id\":\"https:\\\/\\\/geneveinfos.ch\\\/index.php\\\/2026\\\/09\\\/04\\\/environ-300-personnes-a-une-marche-commemorative-pour-les-victimes-de-la-fusillade-daarau\\\/#webpage\",\"url\":\"https:\\\/\\\/geneveinfos.ch\\\/index.php\\\/2026\\\/09\\\/04\\\/environ-300-personnes-a-une-marche-commemorative-pour-les-victimes-de-la-fusillade-daarau\\\/\",\"name\":\"Environ 300 personnes \\u00e0 une marche comm\\u00e9morative pour les victimes de la fusillade d\\u2019Aarau - Gen\\u00e8ve Infos\",\"description\":\"Environ 300 personnes ont particip\\u00e9 vendredi soir \\u00e0 une marche blanche et ont observ\\u00e9 une minute de silence en hommage aux victimes de la fusillade d'Aarau. L'\\u00e9v\\u00e9nement a \\u00e9t\\u00e9 mis sur pied par les organisateurs de la rave party lors de laquelle le tireur a s\\u00e9vi.\",\"inLanguage\":\"fr-FR\",\"isPartOf\":{\"@id\":\"https:\\\/\\\/geneveinfos.ch\\\/#website\"},\"breadcrumb\":{\"@id\":\"https:\\\/\\\/geneveinfos.ch\\\/index.php\\\/2026\\\/09\\\/04\\\/environ-300-personnes-a-une-marche-commemorative-pour-les-victimes-de-la-fusillade-daarau\\\/#breadcrumblist\"},\"author\":{\"@id\":\"https:\\\/\\\/geneveinfos.ch\\\/index.php\\\/author\\\/admin1380\\\/#author\"},\"creator\":{\"@id\":\"https:\\\/\\\/geneveinfos.ch\\\/index.php\\\/author\\\/admin1380\\\/#author\"},\"datePublished\":\"2026-09-04T22:15:30+02:00\",\"dateModified\":\"2026-09-04T22:15:30+02:00\"},{\"@type\":\"WebSite\",\"@id\":\"https:\\\/\\\/geneveinfos.ch\\\/#website\",\"url\":\"https:\\\/\\\/geneveinfos.ch\\\/\",\"name\":\"Gen\\u00e8ve Infos\",\"description\":\"Le site d'informations de la r\\u00e9gion genevoise\",\"inLanguage\":\"fr-FR\",\"publisher\":{\"@id\":\"https:\\\/\\\/geneveinfos.ch\\\/#person\"}}]}\n\t\t<\/script>\n\t\t<!-- All in One SEO -->\n\n","aioseo_head_json":{"title":"Environ 300 personnes \u00e0 une marche comm\u00e9morative pour les victimes de la fusillade d\u2019Aarau - Gen\u00e8ve Infos","description":"Environ 300 personnes ont particip\u00e9 vendredi soir \u00e0 une marche blanche et ont observ\u00e9 une minute de silence en hommage aux victimes de la fusillade d'Aarau. L'\u00e9v\u00e9nement a \u00e9t\u00e9 mis sur pied par les organisateurs de la rave party lors de laquelle le tireur a s\u00e9vi.","canonical_url":"https:\/\/geneveinfos.ch\/index.php\/2026\/09\/04\/environ-300-personnes-a-une-marche-commemorative-pour-les-victimes-de-la-fusillade-daarau\/","robots":"max-image-preview:large","keywords":"","webmasterTools":{"miscellaneous":""},"schema":{"@context":"https:\/\/schema.org","@graph":[{"@type":"BlogPosting","@id":"https:\/\/geneveinfos.ch\/index.php\/2026\/09\/04\/environ-300-personnes-a-une-marche-commemorative-pour-les-victimes-de-la-fusillade-daarau\/#blogposting","name":"Environ 300 personnes \u00e0 une marche comm\u00e9morative pour les victimes de la fusillade d\u2019Aarau - Gen\u00e8ve Infos","headline":"Environ 300 personnes \u00e0 une marche comm\u00e9morative pour les victimes de la fusillade d&rsquo;Aarau","author":{"@id":"https:\/\/geneveinfos.ch\/index.php\/author\/admin1380\/#author"},"publisher":{"@id":"https:\/\/geneveinfos.ch\/#person"},"image":{"@type":"ImageObject","url":"https:\/\/img.rts.ch\/articles\/2026\/image\/df187e2f-29348057.image?w=320&amp;h=180","@id":"https:\/\/geneveinfos.ch\/index.php\/2026\/09\/04\/environ-300-personnes-a-une-marche-commemorative-pour-les-victimes-de-la-fusillade-daarau\/#articleImage"},"datePublished":"2026-09-04T22:15:30+02:00","dateModified":"2026-09-04T22:15:30+02:00","inLanguage":"fr-FR","mainEntityOfPage":{"@id":"https:\/\/geneveinfos.ch\/index.php\/2026\/09\/04\/environ-300-personnes-a-une-marche-commemorative-pour-les-victimes-de-la-fusillade-daarau\/#webpage"},"isPartOf":{"@id":"https:\/\/geneveinfos.ch\/index.php\/2026\/09\/04\/environ-300-personnes-a-une-marche-commemorative-pour-les-victimes-de-la-fusillade-daarau\/#webpage"},"articleSection":"tech-innovation"},{"@type":"BreadcrumbList","@id":"https:\/\/geneveinfos.ch\/index.php\/2026\/09\/04\/environ-300-personnes-a-une-marche-commemorative-pour-les-victimes-de-la-fusillade-daarau\/#breadcrumblist","itemListElement":[{"@type":"ListItem","@id":"https:\/\/geneveinfos.ch#listItem","position":1,"name":"Home","item":"https:\/\/geneveinfos.ch","nextItem":{"@type":"ListItem","@id":"https:\/\/geneveinfos.ch\/index.php\/category\/tech-innovation\/#listItem","name":"tech-innovation"}},{"@type":"ListItem","@id":"https:\/\/geneveinfos.ch\/index.php\/category\/tech-innovation\/#listItem","position":2,"name":"tech-innovation","item":"https:\/\/geneveinfos.ch\/index.php\/category\/tech-innovation\/","nextItem":{"@type":"ListItem","@id":"https:\/\/geneveinfos.ch\/index.php\/2026\/09\/04\/environ-300-personnes-a-une-marche-commemorative-pour-les-victimes-de-la-fusillade-daarau\/#listItem","name":"Environ 300 personnes \u00e0 une marche comm\u00e9morative pour les victimes de la fusillade d&rsquo;Aarau"},"previousItem":{"@type":"ListItem","@id":"https:\/\/geneveinfos.ch#listItem","name":"Home"}},{"@type":"ListItem","@id":"https:\/\/geneveinfos.ch\/index.php\/2026\/09\/04\/environ-300-personnes-a-une-marche-commemorative-pour-les-victimes-de-la-fusillade-daarau\/#listItem","position":3,"name":"Environ 300 personnes \u00e0 une marche comm\u00e9morative pour les victimes de la fusillade d&rsquo;Aarau","previousItem":{"@type":"ListItem","@id":"https:\/\/geneveinfos.ch\/index.php\/category\/tech-innovation\/#listItem","name":"tech-innovation"}}]},{"@type":"Person","@id":"https:\/\/geneveinfos.ch\/#person","name":"Morgane RAVOUNA","image":{"@type":"ImageObject","@id":"https:\/\/geneveinfos.ch\/index.php\/2026\/09\/04\/environ-300-personnes-a-une-marche-commemorative-pour-les-victimes-de-la-fusillade-daarau\/#personImage","url":"https:\/\/secure.gravatar.com\/avatar\/bd1e2e1e7cabf66754a14e2181bc3f67cd3c2b9403841e078411545fc405115b?s=96&d=mm&r=g","width":96,"height":96,"caption":"Morgane RAVOUNA"}},{"@type":"Person","@id":"https:\/\/geneveinfos.ch\/index.php\/author\/admin1380\/#author","url":"https:\/\/geneveinfos.ch\/index.php\/author\/admin1380\/","name":"Morgane RAVOUNA","image":{"@type":"ImageObject","@id":"https:\/\/geneveinfos.ch\/index.php\/2026\/09\/04\/environ-300-personnes-a-une-marche-commemorative-pour-les-victimes-de-la-fusillade-daarau\/#authorImage","url":"https:\/\/secure.gravatar.com\/avatar\/bd1e2e1e7cabf66754a14e2181bc3f67cd3c2b9403841e078411545fc405115b?s=96&d=mm&r=g","width":96,"height":96,"caption":"Morgane RAVOUNA"}},{"@type":"WebPage","@id":"https:\/\/geneveinfos.ch\/index.php\/2026\/09\/04\/environ-300-personnes-a-une-marche-commemorative-pour-les-victimes-de-la-fusillade-daarau\/#webpage","url":"https:\/\/geneveinfos.ch\/index.php\/2026\/09\/04\/environ-300-personnes-a-une-marche-commemorative-pour-les-victimes-de-la-fusillade-daarau\/","name":"Environ 300 personnes \u00e0 une marche comm\u00e9morative pour les victimes de la fusillade d\u2019Aarau - Gen\u00e8ve Infos","description":"Environ 300 personnes ont particip\u00e9 vendredi soir \u00e0 une marche blanche et ont observ\u00e9 une minute de silence en hommage aux victimes de la fusillade d'Aarau. L'\u00e9v\u00e9nement a \u00e9t\u00e9 mis sur pied par les organisateurs de la rave party lors de laquelle le tireur a s\u00e9vi.","inLanguage":"fr-FR","isPartOf":{"@id":"https:\/\/geneveinfos.ch\/#website"},"breadcrumb":{"@id":"https:\/\/geneveinfos.ch\/index.php\/2026\/09\/04\/environ-300-personnes-a-une-marche-commemorative-pour-les-victimes-de-la-fusillade-daarau\/#breadcrumblist"},"author":{"@id":"https:\/\/geneveinfos.ch\/index.php\/author\/admin1380\/#author"},"creator":{"@id":"https:\/\/geneveinfos.ch\/index.php\/author\/admin1380\/#author"},"datePublished":"2026-09-04T22:15:30+02:00","dateModified":"2026-09-04T22:15:30+02:00"},{"@type":"WebSite","@id":"https:\/\/geneveinfos.ch\/#website","url":"https:\/\/geneveinfos.ch\/","name":"Gen\u00e8ve Infos","description":"Le site d'informations de la r\u00e9gion genevoise","inLanguage":"fr-FR","publisher":{"@id":"https:\/\/geneveinfos.ch\/#person"}}]},"og:locale":"fr_FR","og:site_name":"Gen\u00e8ve Infos - Le site d'informations de la r\u00e9gion genevoise","og:type":"article","og:title":"Environ 300 personnes \u00e0 une marche comm\u00e9morative pour les victimes de la fusillade d\u2019Aarau - Gen\u00e8ve Infos","og:description":"Environ 300 personnes ont particip\u00e9 vendredi soir \u00e0 une marche blanche et ont observ\u00e9 une minute de silence en hommage aux victimes de la fusillade d'Aarau. L'\u00e9v\u00e9nement a \u00e9t\u00e9 mis sur pied par les organisateurs de la rave party lors de laquelle le tireur a s\u00e9vi.","og:url":"https:\/\/geneveinfos.ch\/index.php\/2026\/09\/04\/environ-300-personnes-a-une-marche-commemorative-pour-les-victimes-de-la-fusillade-daarau\/","og:image":"https:\/\/geneveinfos.ch\/wp-content\/uploads\/2025\/09\/Capture-decran-2025-09-18-a-16.52.08.png","og:image:secure_url":"https:\/\/geneveinfos.ch\/wp-content\/uploads\/2025\/09\/Capture-decran-2025-09-18-a-16.52.08.png","og:image:width":513,"og:image:height":457,"article:published_time":"2026-09-04T20:15:30+00:00","article:modified_time":"2026-09-04T20:15:30+00:00","article:publisher":"https:\/\/www.facebook.com\/profile.php?id=61576016541234","twitter:card":"summary_large_image","twitter:title":"Environ 300 personnes \u00e0 une marche comm\u00e9morative pour les victimes de la fusillade d\u2019Aarau - Gen\u00e8ve Infos","twitter:description":"Environ 300 personnes ont particip\u00e9 vendredi soir \u00e0 une marche blanche et ont observ\u00e9 une minute de silence en hommage aux victimes de la fusillade d'Aarau. L'\u00e9v\u00e9nement a \u00e9t\u00e9 mis sur pied par les organisateurs de la rave party lors de laquelle le tireur a s\u00e9vi.","twitter:image":"https:\/\/geneveinfos.ch\/wp-content\/uploads\/2025\/09\/Capture-decran-2025-09-18-a-16.52.08.png"},"aioseo_meta_data":{"post_id":"210245","title":null,"description":null,"keywords":null,"keyphrases":null,"primary_term":null,"canonical_url":null,"og_title":null,"og_description":null,"og_object_type":"default","og_image_type":"default","og_image_url":null,"og_image_width":null,"og_image_height":null,"og_image_custom_url":null,"og_image_custom_fields":null,"og_video":null,"og_custom_url":null,"og_article_section":null,"og_article_tags":null,"twitter_use_og":false,"twitter_card":"default","twitter_image_type":"default","twitter_image_url":null,"twitter_image_custom_url":null,"twitter_image_custom_fields":null,"twitter_title":null,"twitter_description":null,"schema":{"blockGraphs":[],"customGraphs":[],"default":{"data":{"Article":[],"Course":[],"Dataset":[],"FAQPage":[],"Movie":[],"Person":[],"Product":[],"ProductReview":[],"Car":[],"Recipe":[],"Service":[],"SoftwareApplication":[],"WebPage":[]},"graphName":"","isEnabled":true},"graphs":[]},"schema_type":"default","schema_type_options":null,"pillar_content":false,"robots_default":true,"robots_noindex":false,"robots_noarchive":false,"robots_nosnippet":false,"robots_nofollow":false,"robots_noimageindex":false,"robots_noodp":false,"robots_notranslate":false,"robots_max_snippet":null,"robots_max_videopreview":null,"robots_max_imagepreview":"large","priority":null,"frequency":null,"local_seo":null,"breadcrumb_settings":null,"limit_modified_date":false,"ai":null,"created":"2026-09-04 20:40:37","updated":"2026-09-04 20:40:37","seo_analyzer_scan_date":null,"focus_keyword":null,"additional_keywords":null,"truseo_locale":null},"aioseo_breadcrumb":"<div class=\"aioseo-breadcrumbs\"><span class=\"aioseo-breadcrumb\">\n\t\t\t<a href=\"https:\/\/geneveinfos.ch\" title=\"Home\">Home<\/a>\n\t\t<\/span><span class=\"aioseo-breadcrumb-separator\">&raquo;<\/span><span class=\"aioseo-breadcrumb\">\n\t\t\t<a href=\"https:\/\/geneveinfos.ch\/index.php\/category\/tech-innovation\/\" title=\"tech-innovation\">tech-innovation<\/a>\n\t\t<\/span><span class=\"aioseo-breadcrumb-separator\">&raquo;<\/span><span class=\"aioseo-breadcrumb\">\n\t\t\tEnviron 300 personnes \u00e0 une marche comm\u00e9morative pour les victimes de la fusillade d\u2019Aarau\n\t\t<\/span><\/div>","aioseo_breadcrumb_json":[{"label":"Home","link":"https:\/\/geneveinfos.ch"},{"label":"tech-innovation","link":"https:\/\/geneveinfos.ch\/index.php\/category\/tech-innovation\/"},{"label":"Environ 300 personnes \u00e0 une marche comm\u00e9morative pour les victimes de la fusillade d&rsquo;Aarau","link":"https:\/\/geneveinfos.ch\/index.php\/2026\/09\/04\/environ-300-personnes-a-une-marche-commemorative-pour-les-victimes-de-la-fusillade-daarau\/"}],"_links":{"self":[{"href":"https:\/\/geneveinfos.ch\/index.php\/wp-json\/wp\/v2\/posts\/210245","targetHints":{"allow":["GET"]}}],"collection":[{"href":"https:\/\/geneveinfos.ch\/index.php\/wp-json\/wp\/v2\/posts"}],"about":[{"href":"https:\/\/geneveinfos.ch\/index.php\/wp-json\/wp\/v2\/types\/post"}],"author":[{"embeddable":true,"href":"https:\/\/geneveinfos.ch\/index.php\/wp-json\/wp\/v2\/users\/1"}],"replies":[{"embeddable":true,"href":"https:\/\/geneveinfos.ch\/index.php\/wp-json\/wp\/v2\/comments?post=210245"}],"version-history":[{"count":0,"href":"https:\/\/geneveinfos.ch\/index.php\/wp-json\/wp\/v2\/posts\/210245\/revisions"}],"wp:attachment":[{"href":"https:\/\/geneveinfos.ch\/index.php\/wp-json\/wp\/v2\/media?parent=210245"}],"wp:term":[{"taxonomy":"category","embeddable":true,"href":"https:\/\/geneveinfos.ch\/index.php\/wp-json\/wp\/v2\/categories?post=210245"},{"taxonomy":"post_tag","embeddable":true,"href":"https:\/\/geneveinfos.ch\/index.php\/wp-json\/wp\/v2\/tags?post=210245"}],"curies":[{"name":"wp","href":"https:\/\/api.w.org\/{rel}","templated":true}]}}