{"id":99450,"date":"2026-04-25T21:18:21","date_gmt":"2026-04-25T19:18:21","guid":{"rendered":"https:\/\/geneveinfos.ch\/index.php\/2026\/04\/25\/une-marche-blanche-en-hommage-a-une-fillette-fauchee-dans-un-accident-rassemble-200-personnes-a-meyrin\/"},"modified":"2026-04-25T21:18:21","modified_gmt":"2026-04-25T19:18:21","slug":"une-marche-blanche-en-hommage-a-une-fillette-fauchee-dans-un-accident-rassemble-200-personnes-a-meyrin","status":"publish","type":"post","link":"https:\/\/geneveinfos.ch\/index.php\/2026\/04\/25\/une-marche-blanche-en-hommage-a-une-fillette-fauchee-dans-un-accident-rassemble-200-personnes-a-meyrin\/","title":{"rendered":"Une marche blanche en hommage \u00e0 une fillette fauch\u00e9e dans un accident rassemble 200 personnes \u00e0 Meyrin"},"content":{"rendered":"<p>This <a href=\"https:\/\/www.rts.ch\/info\/regions\/geneve\/2026\/article\/marche-blanche-a-meyrin-pour-layan-10-ans-tuee-par-un-nonagenaire-29222543.html?rts_source=rss_t\" target=\"_blank\">post<\/a> was originally published on <a href=\"https:\/\/www.rts.ch\/info\/toute-info\/?format=rss\/news\" target=\"_blank\">this site<\/a>.<\/p><div>\n<div><a href=\"https:\/\/www.rts.ch\/info\/regions\/geneve\/2026\/article\/marche-blanche-a-meyrin-pour-layan-10-ans-tuee-par-un-nonagenaire-29222543.html?rts_source=rss_t\"><img decoding=\"async\" src=\"https:\/\/img.rts.ch\/articles\/2026\/image\/2puh7z-29222698.image?w=320&amp;h=180\"><\/a>A Gen&egrave;ve, une marche blanche en hommage &agrave; une fillette tu&eacute;e dans un accident de la route a r&eacute;uni environ 200 personnes samedi apr&egrave;s-midi. La jeune victime avait &eacute;t&eacute; percut&eacute;e par une voiture conduite par un nonag&eacute;naire alors qu&rsquo;elle traversait un passage pi&eacute;ton.<\/div>\n<\/div>\n","protected":false},"excerpt":{"rendered":"<p>This post was originally published on this site. A Gen&egrave;ve, une marche blanche en hommage &agrave; une fillette tu&eacute;e dans un accident de la route a r&eacute;uni environ 200 personnes samedi apr&egrave;s-midi. La jeune victime avait &eacute;t&eacute; percut&eacute;e par une voiture conduite par un nonag&eacute;naire alors qu&rsquo;elle traversait un passage pi&eacute;ton.<\/p>\n","protected":false},"author":1,"featured_media":0,"comment_status":"open","ping_status":"open","sticky":false,"template":"","format":"standard","meta":{"_monsterinsights_skip_tracking":false,"_monsterinsights_sitenote_active":false,"_monsterinsights_sitenote_note":"","_monsterinsights_sitenote_category":0,"_uf_show_specific_survey":0,"_uf_disable_surveys":false,"footnotes":""},"categories":[100],"tags":[],"class_list":["post-99450","post","type-post","status-publish","format-standard","hentry","category-tech-innovation"],"aioseo_notices":[],"_links":{"self":[{"href":"https:\/\/geneveinfos.ch\/index.php\/wp-json\/wp\/v2\/posts\/99450","targetHints":{"allow":["GET"]}}],"collection":[{"href":"https:\/\/geneveinfos.ch\/index.php\/wp-json\/wp\/v2\/posts"}],"about":[{"href":"https:\/\/geneveinfos.ch\/index.php\/wp-json\/wp\/v2\/types\/post"}],"author":[{"embeddable":true,"href":"https:\/\/geneveinfos.ch\/index.php\/wp-json\/wp\/v2\/users\/1"}],"replies":[{"embeddable":true,"href":"https:\/\/geneveinfos.ch\/index.php\/wp-json\/wp\/v2\/comments?post=99450"}],"version-history":[{"count":0,"href":"https:\/\/geneveinfos.ch\/index.php\/wp-json\/wp\/v2\/posts\/99450\/revisions"}],"wp:attachment":[{"href":"https:\/\/geneveinfos.ch\/index.php\/wp-json\/wp\/v2\/media?parent=99450"}],"wp:term":[{"taxonomy":"category","embeddable":true,"href":"https:\/\/geneveinfos.ch\/index.php\/wp-json\/wp\/v2\/categories?post=99450"},{"taxonomy":"post_tag","embeddable":true,"href":"https:\/\/geneveinfos.ch\/index.php\/wp-json\/wp\/v2\/tags?post=99450"}],"curies":[{"name":"wp","href":"https:\/\/api.w.org\/{rel}","templated":true}]}}