{"id":99451,"date":"2026-04-25T21:12:47","date_gmt":"2026-04-25T19:12:47","guid":{"rendered":"https:\/\/geneveinfos.ch\/index.php\/2026\/04\/25\/colores-et-petaradant-les-tracassets-ont-defile-au-milieu-des-vignes-de-lavaux\/"},"modified":"2026-04-25T21:12:47","modified_gmt":"2026-04-25T19:12:47","slug":"colores-et-petaradant-les-tracassets-ont-defile-au-milieu-des-vignes-de-lavaux","status":"publish","type":"post","link":"https:\/\/geneveinfos.ch\/index.php\/2026\/04\/25\/colores-et-petaradant-les-tracassets-ont-defile-au-milieu-des-vignes-de-lavaux\/","title":{"rendered":"Color\u00e9s et p\u00e9taradant, les tracassets ont d\u00e9fil\u00e9 au milieu des vignes de Lavaux"},"content":{"rendered":"<p>This <a href=\"https:\/\/www.rts.ch\/info\/regions\/vaud\/2026\/article\/championnat-du-monde-de-tracassets-40-bolides-defilent-a-epesses-29222572.html?rts_source=rss_t\" target=\"_blank\">post<\/a> was originally published on <a href=\"https:\/\/www.rts.ch\/info\/toute-info\/?format=rss\/news\" target=\"_blank\">this site<\/a>.<\/p><div>\n<div><a href=\"https:\/\/www.rts.ch\/info\/regions\/vaud\/2026\/article\/championnat-du-monde-de-tracassets-40-bolides-defilent-a-epesses-29222572.html?rts_source=rss_t\"><img decoding=\"async\" src=\"https:\/\/img.rts.ch\/articles\/2026\/image\/66hf38-29222689.image?w=320&amp;h=180\"><\/a>Le canton de Vaud ne serait pas le canton de Vaud sans le vignoble de Lavaux, le chasselas et&#8230; le championnat du monde de tracassets. La 24e &eacute;dition de cette course de v&eacute;hicules autrefois utilis&eacute;s pour le travail de la vigne s&rsquo;est tenue samedi &agrave; Epesses, attirant &agrave; nouveau les foules.<\/div>\n<\/div>\n","protected":false},"excerpt":{"rendered":"<p>This post was originally published on this site. Le canton de Vaud ne serait pas le canton de Vaud sans le vignoble de Lavaux, le chasselas et&#8230; le championnat du monde de tracassets. La 24e &eacute;dition de cette course de v&eacute;hicules autrefois utilis&eacute;s pour le travail de la vigne s&rsquo;est tenue samedi &agrave; Epesses, attirant [&hellip;]<\/p>\n","protected":false},"author":1,"featured_media":0,"comment_status":"open","ping_status":"open","sticky":false,"template":"","format":"standard","meta":{"_monsterinsights_skip_tracking":false,"_monsterinsights_sitenote_active":false,"_monsterinsights_sitenote_note":"","_monsterinsights_sitenote_category":0,"_uf_show_specific_survey":0,"_uf_disable_surveys":false,"footnotes":""},"categories":[100],"tags":[],"class_list":["post-99451","post","type-post","status-publish","format-standard","hentry","category-tech-innovation"],"aioseo_notices":[],"_links":{"self":[{"href":"https:\/\/geneveinfos.ch\/index.php\/wp-json\/wp\/v2\/posts\/99451","targetHints":{"allow":["GET"]}}],"collection":[{"href":"https:\/\/geneveinfos.ch\/index.php\/wp-json\/wp\/v2\/posts"}],"about":[{"href":"https:\/\/geneveinfos.ch\/index.php\/wp-json\/wp\/v2\/types\/post"}],"author":[{"embeddable":true,"href":"https:\/\/geneveinfos.ch\/index.php\/wp-json\/wp\/v2\/users\/1"}],"replies":[{"embeddable":true,"href":"https:\/\/geneveinfos.ch\/index.php\/wp-json\/wp\/v2\/comments?post=99451"}],"version-history":[{"count":0,"href":"https:\/\/geneveinfos.ch\/index.php\/wp-json\/wp\/v2\/posts\/99451\/revisions"}],"wp:attachment":[{"href":"https:\/\/geneveinfos.ch\/index.php\/wp-json\/wp\/v2\/media?parent=99451"}],"wp:term":[{"taxonomy":"category","embeddable":true,"href":"https:\/\/geneveinfos.ch\/index.php\/wp-json\/wp\/v2\/categories?post=99451"},{"taxonomy":"post_tag","embeddable":true,"href":"https:\/\/geneveinfos.ch\/index.php\/wp-json\/wp\/v2\/tags?post=99451"}],"curies":[{"name":"wp","href":"https:\/\/api.w.org\/{rel}","templated":true}]}}