{"id":99883,"date":"2026-04-26T08:51:28","date_gmt":"2026-04-26T06:51:28","guid":{"rendered":"https:\/\/geneveinfos.ch\/index.php\/2026\/04\/26\/un-attentat-a-la-bombe-fait-au-moins-quatorze-morts-en-colombie-a-un-mois-de-la-presidentielle\/"},"modified":"2026-04-26T08:51:28","modified_gmt":"2026-04-26T06:51:28","slug":"un-attentat-a-la-bombe-fait-au-moins-quatorze-morts-en-colombie-a-un-mois-de-la-presidentielle","status":"publish","type":"post","link":"https:\/\/geneveinfos.ch\/index.php\/2026\/04\/26\/un-attentat-a-la-bombe-fait-au-moins-quatorze-morts-en-colombie-a-un-mois-de-la-presidentielle\/","title":{"rendered":"Un attentat \u00e0 la bombe fait au moins quatorze morts en Colombie \u00e0 un mois de la pr\u00e9sidentielle"},"content":{"rendered":"<p>This <a href=\"https:\/\/www.rts.ch\/info\/monde\/2026\/article\/attentat-en-colombie-14-morts-a-un-mois-de-la-presidentielle-29222769.html?rts_source=rss_t\" target=\"_blank\">post<\/a> was originally published on <a href=\"https:\/\/www.rts.ch\/info\/toute-info\/?format=rss\/news\" target=\"_blank\">this site<\/a>.<\/p><div>\n<div><a href=\"https:\/\/www.rts.ch\/info\/monde\/2026\/article\/attentat-en-colombie-14-morts-a-un-mois-de-la-presidentielle-29222769.html?rts_source=rss_t\"><img decoding=\"async\" src=\"https:\/\/img.rts.ch\/articles\/2026\/image\/igqvlh-29222920.image?w=320&amp;h=180\"><\/a><\/div>\n<\/div>\n","protected":false},"excerpt":{"rendered":"<p>This post was originally published on this site.<\/p>\n","protected":false},"author":1,"featured_media":0,"comment_status":"open","ping_status":"open","sticky":false,"template":"","format":"standard","meta":{"_monsterinsights_skip_tracking":false,"_monsterinsights_sitenote_active":false,"_monsterinsights_sitenote_note":"","_monsterinsights_sitenote_category":0,"_uf_show_specific_survey":0,"_uf_disable_surveys":false,"footnotes":""},"categories":[100],"tags":[],"class_list":["post-99883","post","type-post","status-publish","format-standard","hentry","category-tech-innovation"],"aioseo_notices":[],"_links":{"self":[{"href":"https:\/\/geneveinfos.ch\/index.php\/wp-json\/wp\/v2\/posts\/99883","targetHints":{"allow":["GET"]}}],"collection":[{"href":"https:\/\/geneveinfos.ch\/index.php\/wp-json\/wp\/v2\/posts"}],"about":[{"href":"https:\/\/geneveinfos.ch\/index.php\/wp-json\/wp\/v2\/types\/post"}],"author":[{"embeddable":true,"href":"https:\/\/geneveinfos.ch\/index.php\/wp-json\/wp\/v2\/users\/1"}],"replies":[{"embeddable":true,"href":"https:\/\/geneveinfos.ch\/index.php\/wp-json\/wp\/v2\/comments?post=99883"}],"version-history":[{"count":0,"href":"https:\/\/geneveinfos.ch\/index.php\/wp-json\/wp\/v2\/posts\/99883\/revisions"}],"wp:attachment":[{"href":"https:\/\/geneveinfos.ch\/index.php\/wp-json\/wp\/v2\/media?parent=99883"}],"wp:term":[{"taxonomy":"category","embeddable":true,"href":"https:\/\/geneveinfos.ch\/index.php\/wp-json\/wp\/v2\/categories?post=99883"},{"taxonomy":"post_tag","embeddable":true,"href":"https:\/\/geneveinfos.ch\/index.php\/wp-json\/wp\/v2\/tags?post=99883"}],"curies":[{"name":"wp","href":"https:\/\/api.w.org\/{rel}","templated":true}]}}