{"id":99921,"date":"2026-04-26T11:31:53","date_gmt":"2026-04-26T09:31:53","guid":{"rendered":"https:\/\/geneveinfos.ch\/index.php\/2026\/04\/26\/guerre-et-petrole-apres-la-flambee-des-prix-le-rationnement-menace-leurope\/"},"modified":"2026-04-26T11:47:19","modified_gmt":"2026-04-26T09:47:19","slug":"guerre-et-petrole-apres-la-flambee-des-prix-le-rationnement-menace-leurope","status":"publish","type":"post","link":"https:\/\/geneveinfos.ch\/index.php\/2026\/04\/26\/guerre-et-petrole-apres-la-flambee-des-prix-le-rationnement-menace-leurope\/","title":{"rendered":"Guerre et p\u00e9trole: Apr\u00e8s la flamb\u00e9e des prix, le rationnement menace l\u2019Europe"},"content":{"rendered":"<p>This <a href=\"https:\/\/www.tdg.ch\/petrole-la-penurie-energetique-menace-si-la-crise-dormuz-perdure-280600132793\" target=\"_blank\">post<\/a> was originally published on <a href=\"https:\/\/partner-feeds.publishing.tamedia.ch\/rss\/tdg\/economie\" target=\"_blank\">this site<\/a>.<\/p><div>Inflation, transport a&eacute;rien, puits de p&eacute;trole ferm&eacute;s&hellip; La crise &eacute;nerg&eacute;tique pourrait durer des mois apr&egrave;s un d&eacute;blocage du d&eacute;troit d&rsquo;Ormuz.<\/div>\n","protected":false},"excerpt":{"rendered":"<p>This post was originally published on this site.Inflation, transport a&eacute;rien, puits de p&eacute;trole ferm&eacute;s&hellip; La crise &eacute;nerg&eacute;tique pourrait durer des mois apr&egrave;s un d&eacute;blocage du d&eacute;troit d&rsquo;Ormuz.<\/p>\n","protected":false},"author":1,"featured_media":99922,"comment_status":"open","ping_status":"open","sticky":false,"template":"","format":"standard","meta":{"_monsterinsights_skip_tracking":false,"_monsterinsights_sitenote_active":false,"_monsterinsights_sitenote_note":"","_monsterinsights_sitenote_category":0,"_uf_show_specific_survey":0,"_uf_disable_surveys":false,"footnotes":""},"categories":[99],"tags":[],"class_list":["post-99921","post","type-post","status-publish","format-standard","has-post-thumbnail","hentry","category-finances-negoce"],"aioseo_notices":[],"_links":{"self":[{"href":"https:\/\/geneveinfos.ch\/index.php\/wp-json\/wp\/v2\/posts\/99921","targetHints":{"allow":["GET"]}}],"collection":[{"href":"https:\/\/geneveinfos.ch\/index.php\/wp-json\/wp\/v2\/posts"}],"about":[{"href":"https:\/\/geneveinfos.ch\/index.php\/wp-json\/wp\/v2\/types\/post"}],"author":[{"embeddable":true,"href":"https:\/\/geneveinfos.ch\/index.php\/wp-json\/wp\/v2\/users\/1"}],"replies":[{"embeddable":true,"href":"https:\/\/geneveinfos.ch\/index.php\/wp-json\/wp\/v2\/comments?post=99921"}],"version-history":[{"count":1,"href":"https:\/\/geneveinfos.ch\/index.php\/wp-json\/wp\/v2\/posts\/99921\/revisions"}],"predecessor-version":[{"id":99923,"href":"https:\/\/geneveinfos.ch\/index.php\/wp-json\/wp\/v2\/posts\/99921\/revisions\/99923"}],"wp:featuredmedia":[{"embeddable":true,"href":"https:\/\/geneveinfos.ch\/index.php\/wp-json\/wp\/v2\/media\/99922"}],"wp:attachment":[{"href":"https:\/\/geneveinfos.ch\/index.php\/wp-json\/wp\/v2\/media?parent=99921"}],"wp:term":[{"taxonomy":"category","embeddable":true,"href":"https:\/\/geneveinfos.ch\/index.php\/wp-json\/wp\/v2\/categories?post=99921"},{"taxonomy":"post_tag","embeddable":true,"href":"https:\/\/geneveinfos.ch\/index.php\/wp-json\/wp\/v2\/tags?post=99921"}],"curies":[{"name":"wp","href":"https:\/\/api.w.org\/{rel}","templated":true}]}}