{"id":99959,"date":"2026-04-26T11:48:31","date_gmt":"2026-04-26T09:48:31","guid":{"rendered":"https:\/\/geneveinfos.ch\/index.php\/2026\/04\/26\/ce-que-lon-sait-du-suspect-apprehende-apres-les-tirs-au-gala-de-la-presse-a-washington\/"},"modified":"2026-04-26T11:48:31","modified_gmt":"2026-04-26T09:48:31","slug":"ce-que-lon-sait-du-suspect-apprehende-apres-les-tirs-au-gala-de-la-presse-a-washington","status":"publish","type":"post","link":"https:\/\/geneveinfos.ch\/index.php\/2026\/04\/26\/ce-que-lon-sait-du-suspect-apprehende-apres-les-tirs-au-gala-de-la-presse-a-washington\/","title":{"rendered":"Ce que l&rsquo;on sait du suspect appr\u00e9hend\u00e9 apr\u00e8s les tirs au gala de la presse \u00e0 Washington"},"content":{"rendered":"<p>This <a href=\"https:\/\/www.rts.ch\/info\/monde\/2026\/article\/fusillade-au-diner-de-la-maison-blanche-qui-est-le-suspect-arrete-29222974.html?rts_source=rss_t\" target=\"_blank\">post<\/a> was originally published on <a href=\"https:\/\/www.rts.ch\/info\/toute-info\/?format=rss\/news\" target=\"_blank\">this site<\/a>.<\/p><div>\n<div><a href=\"https:\/\/www.rts.ch\/info\/monde\/2026\/article\/fusillade-au-diner-de-la-maison-blanche-qui-est-le-suspect-arrete-29222974.html?rts_source=rss_t\"><img decoding=\"async\" src=\"https:\/\/img.rts.ch\/articles\/2026\/image\/wumjh2-29222952.image?w=320&amp;h=180\"><\/a>L&rsquo;homme arr&ecirc;t&eacute; apr&egrave;s des tirs en marge du d&icirc;ner des correspondants de la Maison Blanche est &acirc;g&eacute; de 31 ans et r&eacute;side sur la c&ocirc;te californienne, pr&egrave;s de Los Angeles. Enseignant &agrave; temps partiel et d&eacute;veloppeur ind&eacute;pendant de jeux vid&eacute;os, il compara&icirc;tra devant la justice, &agrave; Washington D.C., d&egrave;s lundi.<\/div>\n<\/div>\n","protected":false},"excerpt":{"rendered":"<p>This post was originally published on this site. L&rsquo;homme arr&ecirc;t&eacute; apr&egrave;s des tirs en marge du d&icirc;ner des correspondants de la Maison Blanche est &acirc;g&eacute; de 31 ans et r&eacute;side sur la c&ocirc;te californienne, pr&egrave;s de Los Angeles. Enseignant &agrave; temps partiel et d&eacute;veloppeur ind&eacute;pendant de jeux vid&eacute;os, il compara&icirc;tra devant la justice, &agrave; Washington [&hellip;]<\/p>\n","protected":false},"author":1,"featured_media":0,"comment_status":"open","ping_status":"open","sticky":false,"template":"","format":"standard","meta":{"_monsterinsights_skip_tracking":false,"_monsterinsights_sitenote_active":false,"_monsterinsights_sitenote_note":"","_monsterinsights_sitenote_category":0,"_uf_show_specific_survey":0,"_uf_disable_surveys":false,"footnotes":""},"categories":[100],"tags":[],"class_list":["post-99959","post","type-post","status-publish","format-standard","hentry","category-tech-innovation"],"aioseo_notices":[],"_links":{"self":[{"href":"https:\/\/geneveinfos.ch\/index.php\/wp-json\/wp\/v2\/posts\/99959","targetHints":{"allow":["GET"]}}],"collection":[{"href":"https:\/\/geneveinfos.ch\/index.php\/wp-json\/wp\/v2\/posts"}],"about":[{"href":"https:\/\/geneveinfos.ch\/index.php\/wp-json\/wp\/v2\/types\/post"}],"author":[{"embeddable":true,"href":"https:\/\/geneveinfos.ch\/index.php\/wp-json\/wp\/v2\/users\/1"}],"replies":[{"embeddable":true,"href":"https:\/\/geneveinfos.ch\/index.php\/wp-json\/wp\/v2\/comments?post=99959"}],"version-history":[{"count":0,"href":"https:\/\/geneveinfos.ch\/index.php\/wp-json\/wp\/v2\/posts\/99959\/revisions"}],"wp:attachment":[{"href":"https:\/\/geneveinfos.ch\/index.php\/wp-json\/wp\/v2\/media?parent=99959"}],"wp:term":[{"taxonomy":"category","embeddable":true,"href":"https:\/\/geneveinfos.ch\/index.php\/wp-json\/wp\/v2\/categories?post=99959"},{"taxonomy":"post_tag","embeddable":true,"href":"https:\/\/geneveinfos.ch\/index.php\/wp-json\/wp\/v2\/tags?post=99959"}],"curies":[{"name":"wp","href":"https:\/\/api.w.org\/{rel}","templated":true}]}}