{"id":99996,"date":"2026-04-26T12:28:25","date_gmt":"2026-04-26T10:28:25","guid":{"rendered":"https:\/\/geneveinfos.ch\/index.php\/2026\/04\/26\/precarite-et-frustration-font-basculer-de-jeunes-europeennes-vers-lextreme-droite\/"},"modified":"2026-04-26T12:28:25","modified_gmt":"2026-04-26T10:28:25","slug":"precarite-et-frustration-font-basculer-de-jeunes-europeennes-vers-lextreme-droite","status":"publish","type":"post","link":"https:\/\/geneveinfos.ch\/index.php\/2026\/04\/26\/precarite-et-frustration-font-basculer-de-jeunes-europeennes-vers-lextreme-droite\/","title":{"rendered":"Pr\u00e9carit\u00e9 et frustration font basculer de jeunes Europ\u00e9ennes vers l&rsquo;extr\u00eame droite"},"content":{"rendered":"<p>This <a href=\"https:\/\/www.rts.ch\/info\/societe\/2026\/article\/precarite-et-frustration-font-basculer-des-jeunes-europeennes-vers-l-extreme-droite-29217928.html?rts_source=rss_t\" target=\"_blank\">post<\/a> was originally published on <a href=\"https:\/\/www.rts.ch\/info\/toute-info\/?format=rss\/news\" target=\"_blank\">this site<\/a>.<\/p><div>\n<div><a href=\"https:\/\/www.rts.ch\/info\/societe\/2026\/article\/precarite-et-frustration-font-basculer-des-jeunes-europeennes-vers-l-extreme-droite-29217928.html?rts_source=rss_t\"><img decoding=\"async\" src=\"https:\/\/img.rts.ch\/articles\/2025\/image\/mdk8ti-28802054.image?w=320&amp;h=180\"><\/a>Longtemps plus r&eacute;ticentes que les hommes &agrave; soutenir la droite radicale, les femmes ont historiquement davantage vot&eacute; pour des partis progressistes ou de gauche. Si ce \u00ab\u00a0gender gap\u00a0\u00bb reste marqu&eacute;, il se r&eacute;duit chez les femmes de 18 &agrave; 30 ans: une part croissante se tourne d&eacute;sormais vers l&rsquo;extr&ecirc;me droite, selon une r&eacute;cente &eacute;tude.<\/div>\n<\/div>\n","protected":false},"excerpt":{"rendered":"<p>This post was originally published on this site. Longtemps plus r&eacute;ticentes que les hommes &agrave; soutenir la droite radicale, les femmes ont historiquement davantage vot&eacute; pour des partis progressistes ou de gauche. Si ce \u00ab\u00a0gender gap\u00a0\u00bb reste marqu&eacute;, il se r&eacute;duit chez les femmes de 18 &agrave; 30 ans: une part croissante se tourne d&eacute;sormais [&hellip;]<\/p>\n","protected":false},"author":1,"featured_media":0,"comment_status":"open","ping_status":"open","sticky":false,"template":"","format":"standard","meta":{"_monsterinsights_skip_tracking":false,"_monsterinsights_sitenote_active":false,"_monsterinsights_sitenote_note":"","_monsterinsights_sitenote_category":0,"_uf_show_specific_survey":0,"_uf_disable_surveys":false,"footnotes":""},"categories":[100],"tags":[],"class_list":["post-99996","post","type-post","status-publish","format-standard","hentry","category-tech-innovation"],"aioseo_notices":[],"_links":{"self":[{"href":"https:\/\/geneveinfos.ch\/index.php\/wp-json\/wp\/v2\/posts\/99996","targetHints":{"allow":["GET"]}}],"collection":[{"href":"https:\/\/geneveinfos.ch\/index.php\/wp-json\/wp\/v2\/posts"}],"about":[{"href":"https:\/\/geneveinfos.ch\/index.php\/wp-json\/wp\/v2\/types\/post"}],"author":[{"embeddable":true,"href":"https:\/\/geneveinfos.ch\/index.php\/wp-json\/wp\/v2\/users\/1"}],"replies":[{"embeddable":true,"href":"https:\/\/geneveinfos.ch\/index.php\/wp-json\/wp\/v2\/comments?post=99996"}],"version-history":[{"count":0,"href":"https:\/\/geneveinfos.ch\/index.php\/wp-json\/wp\/v2\/posts\/99996\/revisions"}],"wp:attachment":[{"href":"https:\/\/geneveinfos.ch\/index.php\/wp-json\/wp\/v2\/media?parent=99996"}],"wp:term":[{"taxonomy":"category","embeddable":true,"href":"https:\/\/geneveinfos.ch\/index.php\/wp-json\/wp\/v2\/categories?post=99996"},{"taxonomy":"post_tag","embeddable":true,"href":"https:\/\/geneveinfos.ch\/index.php\/wp-json\/wp\/v2\/tags?post=99996"}],"curies":[{"name":"wp","href":"https:\/\/api.w.org\/{rel}","templated":true}]}}